


{"id":85,"count":1,"description":"<strong>Hyr l\u00e5ngf\u00e4rdskridskor<\/strong>\r\nVill du njuta av att \u00e5ka l\u00e5ngt och l\u00e4nge p\u00e5 skridskor? D\u00e5 ska du hyra l\u00e5ngf\u00e4rdsskridskor. L\u00e5ngf\u00e4rdsskridskor \u00e4r utformade f\u00f6r att du ska kunna \u00e5ka mjukare och de har l\u00e4ngre sk\u00e4r. P\u00e5 s\u00e5 s\u00e4tt blir skridsko\u00e5kning sk\u00f6nare och du kan vara ute l\u00e4ngre. Hos oss kan du boka dina l\u00e5ngf\u00e4rdsskridskor online eller kontakta oss i Uppsala eller V\u00e4ster\u00e5s.\r\n<strong>Hyr l\u00e5ngf\u00e4rdsskridskor - h\u00e4mta ut i p\u00e5 plats<\/strong>\r\nSka du ut och \u00e5ka l\u00e5ngf\u00e4rdsskridskor \u00f6ver dagen eller vill du hyra l\u00e4nge? Hos oss bokar du enkelt dina l\u00e5ngf\u00e4rdsskridskor online eller i butik h\u00e4r i Uppsala. Beh\u00f6ver du annan utrustning f\u00f6r att \u00e5ka skridskor hj\u00e4lper vi dig g\u00e4rna med ett paket. Vi har skridskor f\u00f6r alla \u00e5kare som vill njuta av skridsko\u00e5kning.","link":"https:\/\/aktivtuteliv.se\/uppsala\/produkt-kategori\/skridskor\/uthyrning-skridskor\/langfardsskenor-uthyrning\/","name":"L\u00e5ngf\u00e4rdsskenor","slug":"langfardsskenor-uthyrning","taxonomy":"product_cat","parent":363,"meta":[],"acf":[],"yoast_head":"<!-- This site is optimized with the Yoast SEO plugin v23.0 - https:\/\/yoast.com\/wordpress\/plugins\/seo\/ -->\n<title>L\u00e5ngf\u00e4rdsskenor Archives - Uppsala<\/title>\n<meta name=\"robots\" content=\"index, follow, max-snippet:-1, max-image-preview:large, max-video-preview:-1\" \/>\n<link rel=\"canonical\" href=\"https:\/\/aktivtuteliv.se\/uppsala\/produkt-kategori\/skridskor\/uthyrning-skridskor\/langfardsskenor-uthyrning\/\" \/>\n<meta property=\"og:locale\" content=\"sv_SE\" \/>\n<meta property=\"og:type\" content=\"article\" \/>\n<meta property=\"og:title\" content=\"L\u00e5ngf\u00e4rdsskenor Archives - Uppsala\" \/>\n<meta property=\"og:description\" content=\"Hyr l\u00e5ngf\u00e4rdskridskor Vill du njuta av att \u00e5ka l\u00e5ngt och l\u00e4nge p\u00e5 skridskor? D\u00e5 ska du hyra l\u00e5ngf\u00e4rdsskridskor. L\u00e5ngf\u00e4rdsskridskor \u00e4r utformade f\u00f6r att du ska kunna \u00e5ka mjukare och de har l\u00e4ngre sk\u00e4r. P\u00e5 s\u00e5 s\u00e4tt blir skridsko\u00e5kning sk\u00f6nare och du kan vara ute l\u00e4ngre. Hos oss kan du boka dina l\u00e5ngf\u00e4rdsskridskor online eller kontakta oss i Uppsala eller V\u00e4ster\u00e5s. Hyr l\u00e5ngf\u00e4rdsskridskor &#8211; h\u00e4mta ut i p\u00e5 plats Ska du ut och \u00e5ka l\u00e5ngf\u00e4rdsskridskor \u00f6ver dagen eller vill du hyra l\u00e4nge? Hos oss bokar du enkelt dina l\u00e5ngf\u00e4rdsskridskor online eller i butik h\u00e4r i Uppsala. Beh\u00f6ver du annan utrustning f\u00f6r att \u00e5ka skridskor hj\u00e4lper vi dig g\u00e4rna med ett paket. Vi har skridskor f\u00f6r alla \u00e5kare som vill njuta av skridsko\u00e5kning.\" \/>\n<meta property=\"og:url\" content=\"https:\/\/aktivtuteliv.se\/uppsala\/produkt-kategori\/skridskor\/uthyrning-skridskor\/langfardsskenor-uthyrning\/\" \/>\n<meta property=\"og:site_name\" content=\"Uppsala\" \/>\n<meta name=\"twitter:card\" content=\"summary_large_image\" \/>\n<script type=\"application\/ld+json\" class=\"yoast-schema-graph\">{\"@context\":\"https:\/\/schema.org\",\"@graph\":[{\"@type\":\"CollectionPage\",\"@id\":\"https:\/\/aktivtuteliv.se\/uppsala\/produkt-kategori\/skridskor\/uthyrning-skridskor\/langfardsskenor-uthyrning\/\",\"url\":\"https:\/\/aktivtuteliv.se\/uppsala\/produkt-kategori\/skridskor\/uthyrning-skridskor\/langfardsskenor-uthyrning\/\",\"name\":\"L\u00e5ngf\u00e4rdsskenor Archives - Uppsala\",\"isPartOf\":{\"@id\":\"https:\/\/aktivtuteliv.se\/uppsala\/#website\"},\"breadcrumb\":{\"@id\":\"https:\/\/aktivtuteliv.se\/uppsala\/produkt-kategori\/skridskor\/uthyrning-skridskor\/langfardsskenor-uthyrning\/#breadcrumb\"},\"inLanguage\":\"sv-SE\"},{\"@type\":\"BreadcrumbList\",\"@id\":\"https:\/\/aktivtuteliv.se\/uppsala\/produkt-kategori\/skridskor\/uthyrning-skridskor\/langfardsskenor-uthyrning\/#breadcrumb\",\"itemListElement\":[{\"@type\":\"ListItem\",\"position\":1,\"name\":\"Home\",\"item\":\"https:\/\/aktivtuteliv.se\/uppsala\/startsida-vinter\/\"},{\"@type\":\"ListItem\",\"position\":2,\"name\":\"Skridskor\",\"item\":\"https:\/\/aktivtuteliv.se\/uppsala\/produkt-kategori\/skridskor\/\"},{\"@type\":\"ListItem\",\"position\":3,\"name\":\"Uthyrning\",\"item\":\"https:\/\/aktivtuteliv.se\/uppsala\/produkt-kategori\/skridskor\/uthyrning-skridskor\/\"},{\"@type\":\"ListItem\",\"position\":4,\"name\":\"L\u00e5ngf\u00e4rdsskenor\"}]},{\"@type\":\"WebSite\",\"@id\":\"https:\/\/aktivtuteliv.se\/uppsala\/#website\",\"url\":\"https:\/\/aktivtuteliv.se\/uppsala\/\",\"name\":\"Uppsala\",\"description\":\"Hyr sport- &amp; friluftsutrustning\",\"publisher\":{\"@id\":\"https:\/\/aktivtuteliv.se\/uppsala\/#organization\"},\"potentialAction\":[{\"@type\":\"SearchAction\",\"target\":{\"@type\":\"EntryPoint\",\"urlTemplate\":\"https:\/\/aktivtuteliv.se\/uppsala\/?s={search_term_string}\"},\"query-input\":\"required name=search_term_string\"}],\"inLanguage\":\"sv-SE\"},{\"@type\":\"Organization\",\"@id\":\"https:\/\/aktivtuteliv.se\/uppsala\/#organization\",\"name\":\"Uppsala\",\"url\":\"https:\/\/aktivtuteliv.se\/uppsala\/\",\"logo\":{\"@type\":\"ImageObject\",\"inLanguage\":\"sv-SE\",\"@id\":\"https:\/\/aktivtuteliv.se\/uppsala\/#\/schema\/logo\/image\/\",\"url\":\"https:\/\/e5gp8rwuod7.exactdn.com\/uppsala\/wp-content\/uploads\/sites\/3\/2021\/07\/image-1-2.png?strip=all&lossy=1&ssl=1\",\"contentUrl\":\"https:\/\/e5gp8rwuod7.exactdn.com\/uppsala\/wp-content\/uploads\/sites\/3\/2021\/07\/image-1-2.png?strip=all&lossy=1&ssl=1\",\"width\":200,\"height\":98,\"caption\":\"Uppsala\"},\"image\":{\"@id\":\"https:\/\/aktivtuteliv.se\/uppsala\/#\/schema\/logo\/image\/\"}}]}<\/script>\n<!-- \/ Yoast SEO plugin. -->","yoast_head_json":{"title":"L\u00e5ngf\u00e4rdsskenor Archives - Uppsala","robots":{"index":"index","follow":"follow","max-snippet":"max-snippet:-1","max-image-preview":"max-image-preview:large","max-video-preview":"max-video-preview:-1"},"canonical":"https:\/\/aktivtuteliv.se\/uppsala\/produkt-kategori\/skridskor\/uthyrning-skridskor\/langfardsskenor-uthyrning\/","og_locale":"sv_SE","og_type":"article","og_title":"L\u00e5ngf\u00e4rdsskenor Archives - Uppsala","og_description":"Hyr l\u00e5ngf\u00e4rdskridskor Vill du njuta av att \u00e5ka l\u00e5ngt och l\u00e4nge p\u00e5 skridskor? D\u00e5 ska du hyra l\u00e5ngf\u00e4rdsskridskor. L\u00e5ngf\u00e4rdsskridskor \u00e4r utformade f\u00f6r att du ska kunna \u00e5ka mjukare och de har l\u00e4ngre sk\u00e4r. P\u00e5 s\u00e5 s\u00e4tt blir skridsko\u00e5kning sk\u00f6nare och du kan vara ute l\u00e4ngre. Hos oss kan du boka dina l\u00e5ngf\u00e4rdsskridskor online eller kontakta oss i Uppsala eller V\u00e4ster\u00e5s. Hyr l\u00e5ngf\u00e4rdsskridskor &#8211; h\u00e4mta ut i p\u00e5 plats Ska du ut och \u00e5ka l\u00e5ngf\u00e4rdsskridskor \u00f6ver dagen eller vill du hyra l\u00e4nge? Hos oss bokar du enkelt dina l\u00e5ngf\u00e4rdsskridskor online eller i butik h\u00e4r i Uppsala. Beh\u00f6ver du annan utrustning f\u00f6r att \u00e5ka skridskor hj\u00e4lper vi dig g\u00e4rna med ett paket. Vi har skridskor f\u00f6r alla \u00e5kare som vill njuta av skridsko\u00e5kning.","og_url":"https:\/\/aktivtuteliv.se\/uppsala\/produkt-kategori\/skridskor\/uthyrning-skridskor\/langfardsskenor-uthyrning\/","og_site_name":"Uppsala","twitter_card":"summary_large_image","schema":{"@context":"https:\/\/schema.org","@graph":[{"@type":"CollectionPage","@id":"https:\/\/aktivtuteliv.se\/uppsala\/produkt-kategori\/skridskor\/uthyrning-skridskor\/langfardsskenor-uthyrning\/","url":"https:\/\/aktivtuteliv.se\/uppsala\/produkt-kategori\/skridskor\/uthyrning-skridskor\/langfardsskenor-uthyrning\/","name":"L\u00e5ngf\u00e4rdsskenor Archives - Uppsala","isPartOf":{"@id":"https:\/\/aktivtuteliv.se\/uppsala\/#website"},"breadcrumb":{"@id":"https:\/\/aktivtuteliv.se\/uppsala\/produkt-kategori\/skridskor\/uthyrning-skridskor\/langfardsskenor-uthyrning\/#breadcrumb"},"inLanguage":"sv-SE"},{"@type":"BreadcrumbList","@id":"https:\/\/aktivtuteliv.se\/uppsala\/produkt-kategori\/skridskor\/uthyrning-skridskor\/langfardsskenor-uthyrning\/#breadcrumb","itemListElement":[{"@type":"ListItem","position":1,"name":"Home","item":"https:\/\/aktivtuteliv.se\/uppsala\/startsida-vinter\/"},{"@type":"ListItem","position":2,"name":"Skridskor","item":"https:\/\/aktivtuteliv.se\/uppsala\/produkt-kategori\/skridskor\/"},{"@type":"ListItem","position":3,"name":"Uthyrning","item":"https:\/\/aktivtuteliv.se\/uppsala\/produkt-kategori\/skridskor\/uthyrning-skridskor\/"},{"@type":"ListItem","position":4,"name":"L\u00e5ngf\u00e4rdsskenor"}]},{"@type":"WebSite","@id":"https:\/\/aktivtuteliv.se\/uppsala\/#website","url":"https:\/\/aktivtuteliv.se\/uppsala\/","name":"Uppsala","description":"Hyr sport- &amp; friluftsutrustning","publisher":{"@id":"https:\/\/aktivtuteliv.se\/uppsala\/#organization"},"potentialAction":[{"@type":"SearchAction","target":{"@type":"EntryPoint","urlTemplate":"https:\/\/aktivtuteliv.se\/uppsala\/?s={search_term_string}"},"query-input":"required name=search_term_string"}],"inLanguage":"sv-SE"},{"@type":"Organization","@id":"https:\/\/aktivtuteliv.se\/uppsala\/#organization","name":"Uppsala","url":"https:\/\/aktivtuteliv.se\/uppsala\/","logo":{"@type":"ImageObject","inLanguage":"sv-SE","@id":"https:\/\/aktivtuteliv.se\/uppsala\/#\/schema\/logo\/image\/","url":"https:\/\/e5gp8rwuod7.exactdn.com\/uppsala\/wp-content\/uploads\/sites\/3\/2021\/07\/image-1-2.png?strip=all&lossy=1&ssl=1","contentUrl":"https:\/\/e5gp8rwuod7.exactdn.com\/uppsala\/wp-content\/uploads\/sites\/3\/2021\/07\/image-1-2.png?strip=all&lossy=1&ssl=1","width":200,"height":98,"caption":"Uppsala"},"image":{"@id":"https:\/\/aktivtuteliv.se\/uppsala\/#\/schema\/logo\/image\/"}}]}},"_links":{"self":[{"href":"https:\/\/aktivtuteliv.se\/uppsala\/wp-json\/wp\/v2\/product_cat\/85","targetHints":{"allow":["GET"]}}],"collection":[{"href":"https:\/\/aktivtuteliv.se\/uppsala\/wp-json\/wp\/v2\/product_cat"}],"about":[{"href":"https:\/\/aktivtuteliv.se\/uppsala\/wp-json\/wp\/v2\/taxonomies\/product_cat"}],"up":[{"embeddable":true,"href":"https:\/\/aktivtuteliv.se\/uppsala\/wp-json\/wp\/v2\/product_cat\/363"}],"wp:post_type":[{"href":"https:\/\/aktivtuteliv.se\/uppsala\/wp-json\/wp\/v2\/product?product_cat=85"}],"curies":[{"name":"wp","href":"https:\/\/api.w.org\/{rel}","templated":true}]}}