{"id":34524,"date":"2018-06-01T17:25:19","date_gmt":"2018-06-01T15:25:19","guid":{"rendered":"https:\/\/aktivtuteliv.nu\/?p=34524"},"modified":"2024-12-20T10:19:34","modified_gmt":"2024-12-20T09:19:34","slug":"utflyktstips-halleskogsbrannans-naturreservat","status":"publish","type":"post","link":"https:\/\/aktivtuteliv.se\/vasteras\/utflyktstips-halleskogsbrannans-naturreservat\/","title":{"rendered":"Utflyktstips: H\u00e4lleskogsbr\u00e4nnans naturreservat"},"content":{"rendered":"\n<p>H\u00e4lleskogsbr\u00e4nnan \u00e4r namnet p\u00e5 det naturreservat som skapats av stora delar av brandomr\u00e5det efter den stora skogsbranden i V\u00e4stmanland 2014.<\/p>\n\n\n\n<p>Det finns flera alternativ f\u00f6r vandring i omr\u00e5det och \u00e4ven miltals med grusv\u00e4g l\u00e4mpliga f\u00f6r cykling (d\u00e5 rekommenderas mountainbike eller gravelbike). Men att g\u00e5, eller cykla, i den nedbrunnen skogen rekommenderas inte, det kan vara b\u00e5de sv\u00e5rt (i form av m\u00e5nga hinder) och i v\u00e4rsta fall farligt (de flesta tr\u00e4d \u00e4r d\u00f6da och kan falla eftersom rotsystemet brunnit upp).<\/p>\n\n\n\n<p>Omr\u00e5det \u00e4r enormt och det g\u00e5r att k\u00f6ra in med bil fr\u00e5n flera h\u00e5ll och parkera p\u00e5 olika st\u00e4llen. Men n\u00e4rmast \u00e4r att \u00e5ka via Surahammar och Ramn\u00e4s mot Virsbo. Det \u00e4r skyltat b\u00e5de fr\u00e5n Seglingsberg och sedan i Gammelby, innan t\u00e5gbron.<\/p>\n\n\n\n<figure class=\"wp-block-image\"><img decoding=\"async\" src=\"https:\/\/e5gp8rwuod7.exactdn.com\/wp-content\/uploads\/2018\/06\/2017-07-20-09.56.46.jpg?strip=all&lossy=1&w=1920&ssl=1\" alt=\"\" class=\"wp-image-61487\"\/><\/figure>\n\n\n\n<p>Hj\u00e4rtat av naturreservatet \u00e4r bes\u00f6kscentret vid Gr\u00e4vlingeberget. H\u00e4r finns den korta, men informativa, naturstigen, uteklassrum, grillplats, toaletter och framf\u00f6rallt en 300 meter l\u00e5ng sp\u00e5ng till &#8221;toppen&#8221; av Gr\u00e4vlingeberget. D\u00e4r st\u00e5tar ett utsiktstorn med fenomenal utsikt \u00f6ver det enorma brandomr\u00e5det. V\u00e4l v\u00e4rt ett bes\u00f6k!<\/p>\n\n\n\n<figure class=\"wp-block-image\"><img decoding=\"async\" src=\"https:\/\/e5gp8rwuod7.exactdn.com\/wp-content\/uploads\/2018\/06\/2018-10-03-10.58.50.jpg?strip=all&lossy=1&w=1920&ssl=1\" alt=\"\" class=\"wp-image-61485\"\/><\/figure>\n\n\n\n<p>Om du \u00e4r ute efter att vandra i omr\u00e5det finns, f\u00f6rutom miltals med grusv\u00e4g (avst\u00e4ngd f\u00f6r biltrafik) tv\u00e5 vandringsleder: den 3,5 km l\u00e5nga Brandstigen och den 5 km l\u00e5nga vandringsleden i Fermansbo urskog. B\u00e5da lederna ligger i s\u00f6dra delen av brandomr\u00e5det n\u00e4ra infarten fr\u00e5n Seglingsberg och de g\u00e5r att skarva ihop.<\/p>\n\n\n\n<p>Brandstigen g\u00e5r, precis som namnet antyder, genom brandomr\u00e5dets nedbrunna, men \u00e4nd\u00e5 skiftande, natur. Medan den andra leden b\u00e5de g\u00e5r i det angr\u00e4nsande naturreservatet Fermansbo utskog (ej nedbrunnen) och genom brandomr\u00e5det.<\/p>\n\n\n\n<p>Om du hellre vill cykla s\u00e5 har du miltals med bilfria grusv\u00e4gar att g\u00f6ra det p\u00e5 i brandomr\u00e5det. Under branden anlades mil p\u00e5 mil av brandgator och det \u00e4r p\u00e5 dem du cyklar. De flesta \u00e4r avst\u00e4ngda med bommar, men till\u00e5tna att g\u00e5 eller cykla p\u00e5. Om du studerar kartan kan du g\u00f6ra en rej\u00e4l dagstur fr\u00e5n Gr\u00e4vlingeberget ned till \u00d6jesj\u00f6br\u00e4nnan och tillbaka utan att cykla p\u00e5 samma v\u00e4gar p\u00e5 tillbakav\u00e4gen.<\/p>\n\n\n\n<figure class=\"wp-block-image\"><img decoding=\"async\" src=\"https:\/\/e5gp8rwuod7.exactdn.com\/wp-content\/uploads\/2018\/06\/2017-07-20-09.20.59.jpg?strip=all&lossy=1&w=1920&ssl=1\" alt=\"\" class=\"wp-image-61486\"\/><\/figure>\n\n\n\n<p>H\u00e4lleskogsbr\u00e4nnan \u00e4r kanske inte s\u00e5 natursk\u00f6nt, men v\u00e4ldigt fascinerande att bes\u00f6ka. I och med att naturen redan b\u00f6rjat \u00e5terh\u00e4mta sig \u00e4r det stora kontraster mellan undervegetationen och de svartbr\u00e4nda stammarna som fortfarande reser sig mot himlen.<\/p>\n","protected":false},"excerpt":{"rendered":"<p>H\u00e4lleskogsbr\u00e4nnan \u00e4r namnet p\u00e5 det naturreservat som skapats av stora delar av brandomr\u00e5det efter den stora skogsbranden i V\u00e4stmanland 2014. Det finns flera alternativ f\u00f6r vandring i omr\u00e5det och \u00e4ven [&hellip;]<\/p>\n","protected":false},"author":83,"featured_media":76290,"comment_status":"closed","ping_status":"closed","sticky":false,"template":"","format":"standard","meta":{"_acf_changed":false,"footnotes":""},"categories":[1234,1229],"tags":[228,229,136,132,230],"class_list":["post-34524","post","type-post","status-publish","format-standard","has-post-thumbnail","hentry","category-utflyktstips","category-vandring","tag-halleskogsbrannan","tag-mountainbike","tag-naturreservat","tag-vandring","tag-vandringstips"],"acf":[],"yoast_head":"<!-- This site is optimized with the Yoast SEO plugin v23.0 - https:\/\/yoast.com\/wordpress\/plugins\/seo\/ -->\n<title>Utflyktstips: H\u00e4lleskogsbr\u00e4nnans naturreservat - V\u00e4ster\u00e5s<\/title>\n<meta name=\"robots\" content=\"index, follow, max-snippet:-1, max-image-preview:large, max-video-preview:-1\" \/>\n<link rel=\"canonical\" href=\"https:\/\/aktivtuteliv.se\/vasteras\/utflyktstips-halleskogsbrannans-naturreservat\/\" \/>\n<meta property=\"og:locale\" content=\"sv_SE\" \/>\n<meta property=\"og:type\" content=\"article\" \/>\n<meta property=\"og:title\" content=\"Utflyktstips: H\u00e4lleskogsbr\u00e4nnans naturreservat - V\u00e4ster\u00e5s\" \/>\n<meta property=\"og:description\" content=\"H\u00e4lleskogsbr\u00e4nnan \u00e4r namnet p\u00e5 det naturreservat som skapats av stora delar av brandomr\u00e5det efter den stora skogsbranden i V\u00e4stmanland 2014. Det finns flera alternativ f\u00f6r vandring i omr\u00e5det och \u00e4ven [&hellip;]\" \/>\n<meta property=\"og:url\" content=\"https:\/\/aktivtuteliv.se\/vasteras\/utflyktstips-halleskogsbrannans-naturreservat\/\" \/>\n<meta property=\"og:site_name\" content=\"V\u00e4ster\u00e5s\" \/>\n<meta property=\"article:publisher\" content=\"https:\/\/www.facebook.com\/aktivtutelivbjornogarden\" \/>\n<meta property=\"article:published_time\" content=\"2018-06-01T15:25:19+00:00\" \/>\n<meta property=\"article:modified_time\" content=\"2024-12-20T09:19:34+00:00\" \/>\n<meta property=\"og:image\" content=\"https:\/\/aktivtuteliv.se\/vasteras\/wp-content\/uploads\/sites\/4\/2018\/06\/Halleskogsbrannan.jpg\" \/>\n\t<meta property=\"og:image:width\" content=\"2560\" \/>\n\t<meta property=\"og:image:height\" content=\"1790\" \/>\n\t<meta property=\"og:image:type\" content=\"image\/jpeg\" \/>\n<meta name=\"author\" content=\"perfredin\" \/>\n<meta name=\"twitter:card\" content=\"summary_large_image\" \/>\n<meta name=\"twitter:creator\" content=\"@aktivtuteliv\" \/>\n<meta name=\"twitter:site\" content=\"@aktivtuteliv\" \/>\n<meta name=\"twitter:label1\" content=\"Skriven av\" \/>\n\t<meta name=\"twitter:data1\" content=\"perfredin\" \/>\n\t<meta name=\"twitter:label2\" content=\"Ber\u00e4knad l\u00e4stid\" \/>\n\t<meta name=\"twitter:data2\" content=\"3 minuter\" \/>\n<script type=\"application\/ld+json\" class=\"yoast-schema-graph\">{\"@context\":\"https:\/\/schema.org\",\"@graph\":[{\"@type\":\"Article\",\"@id\":\"https:\/\/aktivtuteliv.se\/vasteras\/utflyktstips-halleskogsbrannans-naturreservat\/#article\",\"isPartOf\":{\"@id\":\"https:\/\/aktivtuteliv.se\/vasteras\/utflyktstips-halleskogsbrannans-naturreservat\/\"},\"author\":{\"name\":\"perfredin\",\"@id\":\"https:\/\/aktivtuteliv.se\/vasteras\/#\/schema\/person\/5a0d78c114b11725bc522ef122bf00fc\"},\"headline\":\"Utflyktstips: H\u00e4lleskogsbr\u00e4nnans naturreservat\",\"datePublished\":\"2018-06-01T15:25:19+00:00\",\"dateModified\":\"2024-12-20T09:19:34+00:00\",\"mainEntityOfPage\":{\"@id\":\"https:\/\/aktivtuteliv.se\/vasteras\/utflyktstips-halleskogsbrannans-naturreservat\/\"},\"wordCount\":433,\"publisher\":{\"@id\":\"https:\/\/aktivtuteliv.se\/vasteras\/#organization\"},\"image\":{\"@id\":\"https:\/\/aktivtuteliv.se\/vasteras\/utflyktstips-halleskogsbrannans-naturreservat\/#primaryimage\"},\"thumbnailUrl\":\"https:\/\/e5gp8rwuod7.exactdn.com\/vasteras\/wp-content\/uploads\/sites\/4\/2018\/06\/Halleskogsbrannan.jpg?strip=all&lossy=1&ssl=1\",\"keywords\":[\"H\u00e4lleskogsbr\u00e4nnan\",\"mountainbike\",\"naturreservat\",\"vandring\",\"vandringstips\"],\"articleSection\":[\"5. Tur- och utflyktstips\",\"Vandring\"],\"inLanguage\":\"sv-SE\"},{\"@type\":\"WebPage\",\"@id\":\"https:\/\/aktivtuteliv.se\/vasteras\/utflyktstips-halleskogsbrannans-naturreservat\/\",\"url\":\"https:\/\/aktivtuteliv.se\/vasteras\/utflyktstips-halleskogsbrannans-naturreservat\/\",\"name\":\"Utflyktstips: H\u00e4lleskogsbr\u00e4nnans naturreservat - V\u00e4ster\u00e5s\",\"isPartOf\":{\"@id\":\"https:\/\/aktivtuteliv.se\/vasteras\/#website\"},\"primaryImageOfPage\":{\"@id\":\"https:\/\/aktivtuteliv.se\/vasteras\/utflyktstips-halleskogsbrannans-naturreservat\/#primaryimage\"},\"image\":{\"@id\":\"https:\/\/aktivtuteliv.se\/vasteras\/utflyktstips-halleskogsbrannans-naturreservat\/#primaryimage\"},\"thumbnailUrl\":\"https:\/\/e5gp8rwuod7.exactdn.com\/vasteras\/wp-content\/uploads\/sites\/4\/2018\/06\/Halleskogsbrannan.jpg?strip=all&lossy=1&ssl=1\",\"datePublished\":\"2018-06-01T15:25:19+00:00\",\"dateModified\":\"2024-12-20T09:19:34+00:00\",\"breadcrumb\":{\"@id\":\"https:\/\/aktivtuteliv.se\/vasteras\/utflyktstips-halleskogsbrannans-naturreservat\/#breadcrumb\"},\"inLanguage\":\"sv-SE\",\"potentialAction\":[{\"@type\":\"ReadAction\",\"target\":[\"https:\/\/aktivtuteliv.se\/vasteras\/utflyktstips-halleskogsbrannans-naturreservat\/\"]}]},{\"@type\":\"ImageObject\",\"inLanguage\":\"sv-SE\",\"@id\":\"https:\/\/aktivtuteliv.se\/vasteras\/utflyktstips-halleskogsbrannans-naturreservat\/#primaryimage\",\"url\":\"https:\/\/e5gp8rwuod7.exactdn.com\/vasteras\/wp-content\/uploads\/sites\/4\/2018\/06\/Halleskogsbrannan.jpg?strip=all&lossy=1&ssl=1\",\"contentUrl\":\"https:\/\/e5gp8rwuod7.exactdn.com\/vasteras\/wp-content\/uploads\/sites\/4\/2018\/06\/Halleskogsbrannan.jpg?strip=all&lossy=1&ssl=1\",\"width\":2560,\"height\":1790,\"caption\":\"H\u00e4lleskogsbr\u00e4nnan\"},{\"@type\":\"BreadcrumbList\",\"@id\":\"https:\/\/aktivtuteliv.se\/vasteras\/utflyktstips-halleskogsbrannans-naturreservat\/#breadcrumb\",\"itemListElement\":[{\"@type\":\"ListItem\",\"position\":1,\"name\":\"Home\",\"item\":\"https:\/\/aktivtuteliv.se\/vasteras\/\"},{\"@type\":\"ListItem\",\"position\":2,\"name\":\"Utflyktstips: H\u00e4lleskogsbr\u00e4nnans naturreservat\"}]},{\"@type\":\"WebSite\",\"@id\":\"https:\/\/aktivtuteliv.se\/vasteras\/#website\",\"url\":\"https:\/\/aktivtuteliv.se\/vasteras\/\",\"name\":\"Aktivt Uteliv Bj\u00f6rn\u00f6g\u00e5rden\",\"description\":\"Ett friluftscenter i V\u00e4ster\u00e5s\",\"publisher\":{\"@id\":\"https:\/\/aktivtuteliv.se\/vasteras\/#organization\"},\"potentialAction\":[{\"@type\":\"SearchAction\",\"target\":{\"@type\":\"EntryPoint\",\"urlTemplate\":\"https:\/\/aktivtuteliv.se\/vasteras\/?s={search_term_string}\"},\"query-input\":\"required name=search_term_string\"}],\"inLanguage\":\"sv-SE\"},{\"@type\":\"Organization\",\"@id\":\"https:\/\/aktivtuteliv.se\/vasteras\/#organization\",\"name\":\"Aktivt Uteliv Bj\u00f6rn\u00f6g\u00e5rden\",\"url\":\"https:\/\/aktivtuteliv.se\/vasteras\/\",\"logo\":{\"@type\":\"ImageObject\",\"inLanguage\":\"sv-SE\",\"@id\":\"https:\/\/aktivtuteliv.se\/vasteras\/#\/schema\/logo\/image\/\",\"url\":\"https:\/\/e5gp8rwuod7.exactdn.com\/vasteras\/wp-content\/uploads\/sites\/4\/2025\/01\/AUB-pms.png?strip=all&lossy=1&ssl=1\",\"contentUrl\":\"https:\/\/e5gp8rwuod7.exactdn.com\/vasteras\/wp-content\/uploads\/sites\/4\/2025\/01\/AUB-pms.png?strip=all&lossy=1&ssl=1\",\"width\":1894,\"height\":1165,\"caption\":\"Aktivt Uteliv Bj\u00f6rn\u00f6g\u00e5rden\"},\"image\":{\"@id\":\"https:\/\/aktivtuteliv.se\/vasteras\/#\/schema\/logo\/image\/\"},\"sameAs\":[\"https:\/\/www.facebook.com\/aktivtutelivbjornogarden\",\"https:\/\/x.com\/aktivtuteliv\",\"https:\/\/www.instagram.com\/aktivtuteliv_bjornogarden\"]},{\"@type\":\"Person\",\"@id\":\"https:\/\/aktivtuteliv.se\/vasteras\/#\/schema\/person\/5a0d78c114b11725bc522ef122bf00fc\",\"name\":\"perfredin\",\"image\":{\"@type\":\"ImageObject\",\"inLanguage\":\"sv-SE\",\"@id\":\"https:\/\/aktivtuteliv.se\/vasteras\/#\/schema\/person\/image\/\",\"url\":\"https:\/\/secure.gravatar.com\/avatar\/af5dfcbc5c60de90445ac4fc6143ab5e6e5b29e865d803c0ed41f7f05ab2f44e?s=96&d=mm&r=g\",\"contentUrl\":\"https:\/\/secure.gravatar.com\/avatar\/af5dfcbc5c60de90445ac4fc6143ab5e6e5b29e865d803c0ed41f7f05ab2f44e?s=96&d=mm&r=g\",\"caption\":\"perfredin\"},\"url\":\"https:\/\/aktivtuteliv.se\/vasteras\/author\/perfredin\/\"}]}<\/script>\n<!-- \/ Yoast SEO plugin. -->","yoast_head_json":{"title":"Utflyktstips: H\u00e4lleskogsbr\u00e4nnans naturreservat - V\u00e4ster\u00e5s","robots":{"index":"index","follow":"follow","max-snippet":"max-snippet:-1","max-image-preview":"max-image-preview:large","max-video-preview":"max-video-preview:-1"},"canonical":"https:\/\/aktivtuteliv.se\/vasteras\/utflyktstips-halleskogsbrannans-naturreservat\/","og_locale":"sv_SE","og_type":"article","og_title":"Utflyktstips: H\u00e4lleskogsbr\u00e4nnans naturreservat - V\u00e4ster\u00e5s","og_description":"H\u00e4lleskogsbr\u00e4nnan \u00e4r namnet p\u00e5 det naturreservat som skapats av stora delar av brandomr\u00e5det efter den stora skogsbranden i V\u00e4stmanland 2014. Det finns flera alternativ f\u00f6r vandring i omr\u00e5det och \u00e4ven [&hellip;]","og_url":"https:\/\/aktivtuteliv.se\/vasteras\/utflyktstips-halleskogsbrannans-naturreservat\/","og_site_name":"V\u00e4ster\u00e5s","article_publisher":"https:\/\/www.facebook.com\/aktivtutelivbjornogarden","article_published_time":"2018-06-01T15:25:19+00:00","article_modified_time":"2024-12-20T09:19:34+00:00","og_image":[{"width":2560,"height":1790,"url":"https:\/\/aktivtuteliv.se\/vasteras\/wp-content\/uploads\/sites\/4\/2018\/06\/Halleskogsbrannan.jpg","type":"image\/jpeg"}],"author":"perfredin","twitter_card":"summary_large_image","twitter_creator":"@aktivtuteliv","twitter_site":"@aktivtuteliv","twitter_misc":{"Skriven av":"perfredin","Ber\u00e4knad l\u00e4stid":"3 minuter"},"schema":{"@context":"https:\/\/schema.org","@graph":[{"@type":"Article","@id":"https:\/\/aktivtuteliv.se\/vasteras\/utflyktstips-halleskogsbrannans-naturreservat\/#article","isPartOf":{"@id":"https:\/\/aktivtuteliv.se\/vasteras\/utflyktstips-halleskogsbrannans-naturreservat\/"},"author":{"name":"perfredin","@id":"https:\/\/aktivtuteliv.se\/vasteras\/#\/schema\/person\/5a0d78c114b11725bc522ef122bf00fc"},"headline":"Utflyktstips: H\u00e4lleskogsbr\u00e4nnans naturreservat","datePublished":"2018-06-01T15:25:19+00:00","dateModified":"2024-12-20T09:19:34+00:00","mainEntityOfPage":{"@id":"https:\/\/aktivtuteliv.se\/vasteras\/utflyktstips-halleskogsbrannans-naturreservat\/"},"wordCount":433,"publisher":{"@id":"https:\/\/aktivtuteliv.se\/vasteras\/#organization"},"image":{"@id":"https:\/\/aktivtuteliv.se\/vasteras\/utflyktstips-halleskogsbrannans-naturreservat\/#primaryimage"},"thumbnailUrl":"https:\/\/e5gp8rwuod7.exactdn.com\/vasteras\/wp-content\/uploads\/sites\/4\/2018\/06\/Halleskogsbrannan.jpg?strip=all&lossy=1&ssl=1","keywords":["H\u00e4lleskogsbr\u00e4nnan","mountainbike","naturreservat","vandring","vandringstips"],"articleSection":["5. Tur- och utflyktstips","Vandring"],"inLanguage":"sv-SE"},{"@type":"WebPage","@id":"https:\/\/aktivtuteliv.se\/vasteras\/utflyktstips-halleskogsbrannans-naturreservat\/","url":"https:\/\/aktivtuteliv.se\/vasteras\/utflyktstips-halleskogsbrannans-naturreservat\/","name":"Utflyktstips: H\u00e4lleskogsbr\u00e4nnans naturreservat - V\u00e4ster\u00e5s","isPartOf":{"@id":"https:\/\/aktivtuteliv.se\/vasteras\/#website"},"primaryImageOfPage":{"@id":"https:\/\/aktivtuteliv.se\/vasteras\/utflyktstips-halleskogsbrannans-naturreservat\/#primaryimage"},"image":{"@id":"https:\/\/aktivtuteliv.se\/vasteras\/utflyktstips-halleskogsbrannans-naturreservat\/#primaryimage"},"thumbnailUrl":"https:\/\/e5gp8rwuod7.exactdn.com\/vasteras\/wp-content\/uploads\/sites\/4\/2018\/06\/Halleskogsbrannan.jpg?strip=all&lossy=1&ssl=1","datePublished":"2018-06-01T15:25:19+00:00","dateModified":"2024-12-20T09:19:34+00:00","breadcrumb":{"@id":"https:\/\/aktivtuteliv.se\/vasteras\/utflyktstips-halleskogsbrannans-naturreservat\/#breadcrumb"},"inLanguage":"sv-SE","potentialAction":[{"@type":"ReadAction","target":["https:\/\/aktivtuteliv.se\/vasteras\/utflyktstips-halleskogsbrannans-naturreservat\/"]}]},{"@type":"ImageObject","inLanguage":"sv-SE","@id":"https:\/\/aktivtuteliv.se\/vasteras\/utflyktstips-halleskogsbrannans-naturreservat\/#primaryimage","url":"https:\/\/e5gp8rwuod7.exactdn.com\/vasteras\/wp-content\/uploads\/sites\/4\/2018\/06\/Halleskogsbrannan.jpg?strip=all&lossy=1&ssl=1","contentUrl":"https:\/\/e5gp8rwuod7.exactdn.com\/vasteras\/wp-content\/uploads\/sites\/4\/2018\/06\/Halleskogsbrannan.jpg?strip=all&lossy=1&ssl=1","width":2560,"height":1790,"caption":"H\u00e4lleskogsbr\u00e4nnan"},{"@type":"BreadcrumbList","@id":"https:\/\/aktivtuteliv.se\/vasteras\/utflyktstips-halleskogsbrannans-naturreservat\/#breadcrumb","itemListElement":[{"@type":"ListItem","position":1,"name":"Home","item":"https:\/\/aktivtuteliv.se\/vasteras\/"},{"@type":"ListItem","position":2,"name":"Utflyktstips: H\u00e4lleskogsbr\u00e4nnans naturreservat"}]},{"@type":"WebSite","@id":"https:\/\/aktivtuteliv.se\/vasteras\/#website","url":"https:\/\/aktivtuteliv.se\/vasteras\/","name":"Aktivt Uteliv Bj\u00f6rn\u00f6g\u00e5rden","description":"Ett friluftscenter i V\u00e4ster\u00e5s","publisher":{"@id":"https:\/\/aktivtuteliv.se\/vasteras\/#organization"},"potentialAction":[{"@type":"SearchAction","target":{"@type":"EntryPoint","urlTemplate":"https:\/\/aktivtuteliv.se\/vasteras\/?s={search_term_string}"},"query-input":"required name=search_term_string"}],"inLanguage":"sv-SE"},{"@type":"Organization","@id":"https:\/\/aktivtuteliv.se\/vasteras\/#organization","name":"Aktivt Uteliv Bj\u00f6rn\u00f6g\u00e5rden","url":"https:\/\/aktivtuteliv.se\/vasteras\/","logo":{"@type":"ImageObject","inLanguage":"sv-SE","@id":"https:\/\/aktivtuteliv.se\/vasteras\/#\/schema\/logo\/image\/","url":"https:\/\/e5gp8rwuod7.exactdn.com\/vasteras\/wp-content\/uploads\/sites\/4\/2025\/01\/AUB-pms.png?strip=all&lossy=1&ssl=1","contentUrl":"https:\/\/e5gp8rwuod7.exactdn.com\/vasteras\/wp-content\/uploads\/sites\/4\/2025\/01\/AUB-pms.png?strip=all&lossy=1&ssl=1","width":1894,"height":1165,"caption":"Aktivt Uteliv Bj\u00f6rn\u00f6g\u00e5rden"},"image":{"@id":"https:\/\/aktivtuteliv.se\/vasteras\/#\/schema\/logo\/image\/"},"sameAs":["https:\/\/www.facebook.com\/aktivtutelivbjornogarden","https:\/\/x.com\/aktivtuteliv","https:\/\/www.instagram.com\/aktivtuteliv_bjornogarden"]},{"@type":"Person","@id":"https:\/\/aktivtuteliv.se\/vasteras\/#\/schema\/person\/5a0d78c114b11725bc522ef122bf00fc","name":"perfredin","image":{"@type":"ImageObject","inLanguage":"sv-SE","@id":"https:\/\/aktivtuteliv.se\/vasteras\/#\/schema\/person\/image\/","url":"https:\/\/secure.gravatar.com\/avatar\/af5dfcbc5c60de90445ac4fc6143ab5e6e5b29e865d803c0ed41f7f05ab2f44e?s=96&d=mm&r=g","contentUrl":"https:\/\/secure.gravatar.com\/avatar\/af5dfcbc5c60de90445ac4fc6143ab5e6e5b29e865d803c0ed41f7f05ab2f44e?s=96&d=mm&r=g","caption":"perfredin"},"url":"https:\/\/aktivtuteliv.se\/vasteras\/author\/perfredin\/"}]}},"_links":{"self":[{"href":"https:\/\/aktivtuteliv.se\/vasteras\/wp-json\/wp\/v2\/posts\/34524","targetHints":{"allow":["GET"]}}],"collection":[{"href":"https:\/\/aktivtuteliv.se\/vasteras\/wp-json\/wp\/v2\/posts"}],"about":[{"href":"https:\/\/aktivtuteliv.se\/vasteras\/wp-json\/wp\/v2\/types\/post"}],"author":[{"embeddable":true,"href":"https:\/\/aktivtuteliv.se\/vasteras\/wp-json\/wp\/v2\/users\/83"}],"replies":[{"embeddable":true,"href":"https:\/\/aktivtuteliv.se\/vasteras\/wp-json\/wp\/v2\/comments?post=34524"}],"version-history":[{"count":0,"href":"https:\/\/aktivtuteliv.se\/vasteras\/wp-json\/wp\/v2\/posts\/34524\/revisions"}],"wp:featuredmedia":[{"embeddable":true,"href":"https:\/\/aktivtuteliv.se\/vasteras\/wp-json\/wp\/v2\/media\/76290"}],"wp:attachment":[{"href":"https:\/\/aktivtuteliv.se\/vasteras\/wp-json\/wp\/v2\/media?parent=34524"}],"wp:term":[{"taxonomy":"category","embeddable":true,"href":"https:\/\/aktivtuteliv.se\/vasteras\/wp-json\/wp\/v2\/categories?post=34524"},{"taxonomy":"post_tag","embeddable":true,"href":"https:\/\/aktivtuteliv.se\/vasteras\/wp-json\/wp\/v2\/tags?post=34524"}],"curies":[{"name":"wp","href":"https:\/\/api.w.org\/{rel}","templated":true}]}}