{"id":34538,"date":"2018-06-20T19:00:00","date_gmt":"2018-06-20T17:00:00","guid":{"rendered":"https:\/\/aktivtuteliv.nu\/?p=34538"},"modified":"2024-12-20T10:15:23","modified_gmt":"2024-12-20T09:15:23","slug":"paddlingstips-overnattningstur-till-rido","status":"publish","type":"post","link":"https:\/\/aktivtuteliv.se\/vasteras\/paddlingstips-overnattningstur-till-rido\/","title":{"rendered":"Paddlingstips: \u00f6vernattningstur till Rid\u00f6"},"content":{"rendered":"\n<p><strong>Plats<\/strong>: Rid\u00f6arkipelagen, M\u00e4laren<br><strong>Startplats:<\/strong> f\u00f6rslagsvis Bj\u00f6rn\u00f6bron, alt. G\u00e4ddeholm<br><strong>L\u00e4ngd:<\/strong> fr\u00e5n Bj\u00f6rn\u00f6bron till Lybecks sten ca 11 km<br><strong>Faciliteter:<\/strong> vindskydd med myggn\u00e4t och grillplats med vedf\u00f6rr\u00e5d<br><strong>Sv\u00e5righetsgrad:<\/strong> medel<\/p>\n\n\n\n<p>Ett trevligt utflyktsm\u00e5l med kajak i M\u00e4laren \u00e4r vindskyddet som byggdes vid Lybecks sten p\u00e5 Rid\u00f6 i fjol. Turen kr\u00e4ver en viss paddelvana eftersom Rid\u00f6fj\u00e4rden och farleden m\u00e5ste korsas, d\u00e4r det kan bl\u00e5sa p\u00e5 rej\u00e4lt. Men annars \u00e4r det en perfekt tur f\u00f6r dig som vill g\u00f6ra en trevlig \u00f6vernattningstur i M\u00e4laren.<\/p>\n\n\n\n<figure class=\"wp-block-image size-large\"><img decoding=\"async\" src=\"https:\/\/e5gp8rwuod7.exactdn.com\/wp-content\/uploads\/2018\/06\/2018-06-16-09.02.40-1024x768.jpg?strip=all&lossy=1&ssl=1\" alt=\"\" class=\"wp-image-61306\"\/><\/figure>\n\n\n\n<p>Om du utg\u00e5r fr\u00e5n bryggorna vid Bj\u00f6rn\u00f6bron \u00e4r det cirka 11 kilometers paddling ned till udden d\u00e4r Lybecks sten ligger. Startar du fr\u00e5n G\u00e4ddeholms badplats blir det bara cirka sex kilometer. Oavsett startplats s\u00e5 m\u00e5ste du korsa Rid\u00f6fj\u00e4rden och farleden och om det bl\u00e5ser v\u00e4stliga vindar h\u00e4r kan de bli rej\u00e4l sj\u00f6g\u00e5ng p\u00e5 fj\u00e4rden.<\/p>\n\n\n\n<p>F\u00f6r att inte hamna i v\u00e4gen f\u00f6r b\u00e5ttrafiken rekommenderar vi att du f\u00f6ljer fastlandet \u00e4nda ner till fyren vid Fr\u00f6holmen, d\u00e5 blir \u00f6verfarten till Rid\u00f6 kortast m\u00f6jliga. V\u00e4l \u00f6ver fj\u00e4rden \u00e4r det gott om \u00f6ar och skyddade vatten. H\u00e4r f\u00f6ljer du bara Rid\u00f6n och passerar p\u00e5 v\u00e4gen samtliga klubbholmar som b\u00e5tklubbarna har. Leta dig f\u00f6rbi de b\u00e5da vikarna p\u00e5 Rid\u00f6, Kur\u00f6sundet och Torpstadssundet, s\u00e5 hittar du udden med Lybecks sten en bit efter den andra viken.<\/p>\n\n\n\n<figure class=\"wp-block-image size-large\"><img decoding=\"async\" src=\"https:\/\/e5gp8rwuod7.exactdn.com\/wp-content\/uploads\/2018\/06\/lybecks-sten-1024x768.jpg?strip=all&lossy=1&ssl=1\" alt=\"Lybecks sten\" class=\"wp-image-61310\"\/><\/figure>\n\n\n\n<p>Vid Lybecks sten finns en \u00f6ppen udde med ett stort, nybyggt vindskydd, rej\u00e4l grillplats och kv\u00e4llssol. Precis p\u00e5 udden \u00e4r det en grusstrand d\u00e4r det \u00e4r l\u00e4tt att landstiga. Om du vill se mer av Rid\u00f6 g\u00e5r det en naturstig b\u00e5de till Torpstaden och upp till caf\u00e9et p\u00e5 centrala Rid\u00f6.<\/p>\n\n\n\n<p>Kom in till oss i butiken om du vill ha en mer detaljerad beskrivning, <a href=\"https:\/\/aktivtuteliv.se\/vasteras\/produkt-kategori\/paddling\/uthyrning-kanot\/\">hyra kajak<\/a> eller f\u00e5 tips p\u00e5 andra \u00f6vernattningsturer i M\u00e4laren!<\/p>\n","protected":false},"excerpt":{"rendered":"<p>Plats: Rid\u00f6arkipelagen, M\u00e4larenStartplats: f\u00f6rslagsvis Bj\u00f6rn\u00f6bron, alt. G\u00e4ddeholmL\u00e4ngd: fr\u00e5n Bj\u00f6rn\u00f6bron till Lybecks sten ca 11 kmFaciliteter: vindskydd med myggn\u00e4t och grillplats med vedf\u00f6rr\u00e5dSv\u00e5righetsgrad: medel Ett trevligt utflyktsm\u00e5l med kajak i M\u00e4laren [&hellip;]<\/p>\n","protected":false},"author":83,"featured_media":76288,"comment_status":"closed","ping_status":"closed","sticky":false,"template":"","format":"standard","meta":{"_acf_changed":false,"footnotes":""},"categories":[1234,1235],"tags":[178,181,236,237,238,239,240],"class_list":["post-34538","post","type-post","status-publish","format-standard","has-post-thumbnail","hentry","category-utflyktstips","category-havskajak","tag-havskajak","tag-kajak","tag-lybecks-sten","tag-malaren","tag-overnattningstur","tag-ridon","tag-talta"],"acf":[],"yoast_head":"<!-- This site is optimized with the Yoast SEO plugin v23.0 - https:\/\/yoast.com\/wordpress\/plugins\/seo\/ -->\n<title>Paddlingstips: \u00f6vernattningstur till Rid\u00f6 - V\u00e4ster\u00e5s<\/title>\n<meta name=\"robots\" content=\"index, follow, max-snippet:-1, max-image-preview:large, max-video-preview:-1\" \/>\n<link rel=\"canonical\" href=\"https:\/\/aktivtuteliv.se\/vasteras\/paddlingstips-overnattningstur-till-rido\/\" \/>\n<meta property=\"og:locale\" content=\"sv_SE\" \/>\n<meta property=\"og:type\" content=\"article\" \/>\n<meta property=\"og:title\" content=\"Paddlingstips: \u00f6vernattningstur till Rid\u00f6 - V\u00e4ster\u00e5s\" \/>\n<meta property=\"og:description\" content=\"Plats: Rid\u00f6arkipelagen, M\u00e4larenStartplats: f\u00f6rslagsvis Bj\u00f6rn\u00f6bron, alt. G\u00e4ddeholmL\u00e4ngd: fr\u00e5n Bj\u00f6rn\u00f6bron till Lybecks sten ca 11 kmFaciliteter: vindskydd med myggn\u00e4t och grillplats med vedf\u00f6rr\u00e5dSv\u00e5righetsgrad: medel Ett trevligt utflyktsm\u00e5l med kajak i M\u00e4laren [&hellip;]\" \/>\n<meta property=\"og:url\" content=\"https:\/\/aktivtuteliv.se\/vasteras\/paddlingstips-overnattningstur-till-rido\/\" \/>\n<meta property=\"og:site_name\" content=\"V\u00e4ster\u00e5s\" \/>\n<meta property=\"article:publisher\" content=\"https:\/\/www.facebook.com\/aktivtutelivbjornogarden\" \/>\n<meta property=\"article:published_time\" content=\"2018-06-20T17:00:00+00:00\" \/>\n<meta property=\"article:modified_time\" content=\"2024-12-20T09:15:23+00:00\" \/>\n<meta property=\"og:image\" content=\"https:\/\/aktivtuteliv.se\/vasteras\/wp-content\/uploads\/sites\/4\/2018\/06\/Lybecks-sten-ridon.jpg\" \/>\n\t<meta property=\"og:image:width\" content=\"2560\" \/>\n\t<meta property=\"og:image:height\" content=\"1790\" \/>\n\t<meta property=\"og:image:type\" content=\"image\/jpeg\" \/>\n<meta name=\"author\" content=\"perfredin\" \/>\n<meta name=\"twitter:card\" content=\"summary_large_image\" \/>\n<meta name=\"twitter:creator\" content=\"@aktivtuteliv\" \/>\n<meta name=\"twitter:site\" content=\"@aktivtuteliv\" \/>\n<meta name=\"twitter:label1\" content=\"Skriven av\" \/>\n\t<meta name=\"twitter:data1\" content=\"perfredin\" \/>\n\t<meta name=\"twitter:label2\" content=\"Ber\u00e4knad l\u00e4stid\" \/>\n\t<meta name=\"twitter:data2\" content=\"3 minuter\" \/>\n<script type=\"application\/ld+json\" class=\"yoast-schema-graph\">{\"@context\":\"https:\/\/schema.org\",\"@graph\":[{\"@type\":\"Article\",\"@id\":\"https:\/\/aktivtuteliv.se\/vasteras\/paddlingstips-overnattningstur-till-rido\/#article\",\"isPartOf\":{\"@id\":\"https:\/\/aktivtuteliv.se\/vasteras\/paddlingstips-overnattningstur-till-rido\/\"},\"author\":{\"name\":\"perfredin\",\"@id\":\"https:\/\/aktivtuteliv.se\/vasteras\/#\/schema\/person\/5a0d78c114b11725bc522ef122bf00fc\"},\"headline\":\"Paddlingstips: \u00f6vernattningstur till Rid\u00f6\",\"datePublished\":\"2018-06-20T17:00:00+00:00\",\"dateModified\":\"2024-12-20T09:15:23+00:00\",\"mainEntityOfPage\":{\"@id\":\"https:\/\/aktivtuteliv.se\/vasteras\/paddlingstips-overnattningstur-till-rido\/\"},\"wordCount\":353,\"publisher\":{\"@id\":\"https:\/\/aktivtuteliv.se\/vasteras\/#organization\"},\"image\":{\"@id\":\"https:\/\/aktivtuteliv.se\/vasteras\/paddlingstips-overnattningstur-till-rido\/#primaryimage\"},\"thumbnailUrl\":\"https:\/\/e5gp8rwuod7.exactdn.com\/vasteras\/wp-content\/uploads\/sites\/4\/2018\/06\/Lybecks-sten-ridon.jpg?strip=all&lossy=1&ssl=1\",\"keywords\":[\"havskajak\",\"kajak\",\"lybecks sten\",\"m\u00e4laren\",\"\u00f6vernattningstur\",\"rid\u00f6n\",\"t\u00e4lta\"],\"articleSection\":[\"5. Tur- och utflyktstips\",\"Havskajak\"],\"inLanguage\":\"sv-SE\"},{\"@type\":\"WebPage\",\"@id\":\"https:\/\/aktivtuteliv.se\/vasteras\/paddlingstips-overnattningstur-till-rido\/\",\"url\":\"https:\/\/aktivtuteliv.se\/vasteras\/paddlingstips-overnattningstur-till-rido\/\",\"name\":\"Paddlingstips: \u00f6vernattningstur till Rid\u00f6 - V\u00e4ster\u00e5s\",\"isPartOf\":{\"@id\":\"https:\/\/aktivtuteliv.se\/vasteras\/#website\"},\"primaryImageOfPage\":{\"@id\":\"https:\/\/aktivtuteliv.se\/vasteras\/paddlingstips-overnattningstur-till-rido\/#primaryimage\"},\"image\":{\"@id\":\"https:\/\/aktivtuteliv.se\/vasteras\/paddlingstips-overnattningstur-till-rido\/#primaryimage\"},\"thumbnailUrl\":\"https:\/\/e5gp8rwuod7.exactdn.com\/vasteras\/wp-content\/uploads\/sites\/4\/2018\/06\/Lybecks-sten-ridon.jpg?strip=all&lossy=1&ssl=1\",\"datePublished\":\"2018-06-20T17:00:00+00:00\",\"dateModified\":\"2024-12-20T09:15:23+00:00\",\"breadcrumb\":{\"@id\":\"https:\/\/aktivtuteliv.se\/vasteras\/paddlingstips-overnattningstur-till-rido\/#breadcrumb\"},\"inLanguage\":\"sv-SE\",\"potentialAction\":[{\"@type\":\"ReadAction\",\"target\":[\"https:\/\/aktivtuteliv.se\/vasteras\/paddlingstips-overnattningstur-till-rido\/\"]}]},{\"@type\":\"ImageObject\",\"inLanguage\":\"sv-SE\",\"@id\":\"https:\/\/aktivtuteliv.se\/vasteras\/paddlingstips-overnattningstur-till-rido\/#primaryimage\",\"url\":\"https:\/\/e5gp8rwuod7.exactdn.com\/vasteras\/wp-content\/uploads\/sites\/4\/2018\/06\/Lybecks-sten-ridon.jpg?strip=all&lossy=1&ssl=1\",\"contentUrl\":\"https:\/\/e5gp8rwuod7.exactdn.com\/vasteras\/wp-content\/uploads\/sites\/4\/2018\/06\/Lybecks-sten-ridon.jpg?strip=all&lossy=1&ssl=1\",\"width\":2560,\"height\":1790,\"caption\":\"Lybecks sten\"},{\"@type\":\"BreadcrumbList\",\"@id\":\"https:\/\/aktivtuteliv.se\/vasteras\/paddlingstips-overnattningstur-till-rido\/#breadcrumb\",\"itemListElement\":[{\"@type\":\"ListItem\",\"position\":1,\"name\":\"Home\",\"item\":\"https:\/\/aktivtuteliv.se\/vasteras\/\"},{\"@type\":\"ListItem\",\"position\":2,\"name\":\"Paddlingstips: \u00f6vernattningstur till Rid\u00f6\"}]},{\"@type\":\"WebSite\",\"@id\":\"https:\/\/aktivtuteliv.se\/vasteras\/#website\",\"url\":\"https:\/\/aktivtuteliv.se\/vasteras\/\",\"name\":\"Aktivt Uteliv Bj\u00f6rn\u00f6g\u00e5rden\",\"description\":\"Ett friluftscenter i V\u00e4ster\u00e5s\",\"publisher\":{\"@id\":\"https:\/\/aktivtuteliv.se\/vasteras\/#organization\"},\"potentialAction\":[{\"@type\":\"SearchAction\",\"target\":{\"@type\":\"EntryPoint\",\"urlTemplate\":\"https:\/\/aktivtuteliv.se\/vasteras\/?s={search_term_string}\"},\"query-input\":\"required name=search_term_string\"}],\"inLanguage\":\"sv-SE\"},{\"@type\":\"Organization\",\"@id\":\"https:\/\/aktivtuteliv.se\/vasteras\/#organization\",\"name\":\"Aktivt Uteliv Bj\u00f6rn\u00f6g\u00e5rden\",\"url\":\"https:\/\/aktivtuteliv.se\/vasteras\/\",\"logo\":{\"@type\":\"ImageObject\",\"inLanguage\":\"sv-SE\",\"@id\":\"https:\/\/aktivtuteliv.se\/vasteras\/#\/schema\/logo\/image\/\",\"url\":\"https:\/\/e5gp8rwuod7.exactdn.com\/vasteras\/wp-content\/uploads\/sites\/4\/2025\/01\/AUB-pms.png?strip=all&lossy=1&ssl=1\",\"contentUrl\":\"https:\/\/e5gp8rwuod7.exactdn.com\/vasteras\/wp-content\/uploads\/sites\/4\/2025\/01\/AUB-pms.png?strip=all&lossy=1&ssl=1\",\"width\":1894,\"height\":1165,\"caption\":\"Aktivt Uteliv Bj\u00f6rn\u00f6g\u00e5rden\"},\"image\":{\"@id\":\"https:\/\/aktivtuteliv.se\/vasteras\/#\/schema\/logo\/image\/\"},\"sameAs\":[\"https:\/\/www.facebook.com\/aktivtutelivbjornogarden\",\"https:\/\/x.com\/aktivtuteliv\",\"https:\/\/www.instagram.com\/aktivtuteliv_bjornogarden\"]},{\"@type\":\"Person\",\"@id\":\"https:\/\/aktivtuteliv.se\/vasteras\/#\/schema\/person\/5a0d78c114b11725bc522ef122bf00fc\",\"name\":\"perfredin\",\"image\":{\"@type\":\"ImageObject\",\"inLanguage\":\"sv-SE\",\"@id\":\"https:\/\/aktivtuteliv.se\/vasteras\/#\/schema\/person\/image\/\",\"url\":\"https:\/\/secure.gravatar.com\/avatar\/af5dfcbc5c60de90445ac4fc6143ab5e6e5b29e865d803c0ed41f7f05ab2f44e?s=96&d=mm&r=g\",\"contentUrl\":\"https:\/\/secure.gravatar.com\/avatar\/af5dfcbc5c60de90445ac4fc6143ab5e6e5b29e865d803c0ed41f7f05ab2f44e?s=96&d=mm&r=g\",\"caption\":\"perfredin\"},\"url\":\"https:\/\/aktivtuteliv.se\/vasteras\/author\/perfredin\/\"}]}<\/script>\n<!-- \/ Yoast SEO plugin. -->","yoast_head_json":{"title":"Paddlingstips: \u00f6vernattningstur till Rid\u00f6 - V\u00e4ster\u00e5s","robots":{"index":"index","follow":"follow","max-snippet":"max-snippet:-1","max-image-preview":"max-image-preview:large","max-video-preview":"max-video-preview:-1"},"canonical":"https:\/\/aktivtuteliv.se\/vasteras\/paddlingstips-overnattningstur-till-rido\/","og_locale":"sv_SE","og_type":"article","og_title":"Paddlingstips: \u00f6vernattningstur till Rid\u00f6 - V\u00e4ster\u00e5s","og_description":"Plats: Rid\u00f6arkipelagen, M\u00e4larenStartplats: f\u00f6rslagsvis Bj\u00f6rn\u00f6bron, alt. G\u00e4ddeholmL\u00e4ngd: fr\u00e5n Bj\u00f6rn\u00f6bron till Lybecks sten ca 11 kmFaciliteter: vindskydd med myggn\u00e4t och grillplats med vedf\u00f6rr\u00e5dSv\u00e5righetsgrad: medel Ett trevligt utflyktsm\u00e5l med kajak i M\u00e4laren [&hellip;]","og_url":"https:\/\/aktivtuteliv.se\/vasteras\/paddlingstips-overnattningstur-till-rido\/","og_site_name":"V\u00e4ster\u00e5s","article_publisher":"https:\/\/www.facebook.com\/aktivtutelivbjornogarden","article_published_time":"2018-06-20T17:00:00+00:00","article_modified_time":"2024-12-20T09:15:23+00:00","og_image":[{"width":2560,"height":1790,"url":"https:\/\/aktivtuteliv.se\/vasteras\/wp-content\/uploads\/sites\/4\/2018\/06\/Lybecks-sten-ridon.jpg","type":"image\/jpeg"}],"author":"perfredin","twitter_card":"summary_large_image","twitter_creator":"@aktivtuteliv","twitter_site":"@aktivtuteliv","twitter_misc":{"Skriven av":"perfredin","Ber\u00e4knad l\u00e4stid":"3 minuter"},"schema":{"@context":"https:\/\/schema.org","@graph":[{"@type":"Article","@id":"https:\/\/aktivtuteliv.se\/vasteras\/paddlingstips-overnattningstur-till-rido\/#article","isPartOf":{"@id":"https:\/\/aktivtuteliv.se\/vasteras\/paddlingstips-overnattningstur-till-rido\/"},"author":{"name":"perfredin","@id":"https:\/\/aktivtuteliv.se\/vasteras\/#\/schema\/person\/5a0d78c114b11725bc522ef122bf00fc"},"headline":"Paddlingstips: \u00f6vernattningstur till Rid\u00f6","datePublished":"2018-06-20T17:00:00+00:00","dateModified":"2024-12-20T09:15:23+00:00","mainEntityOfPage":{"@id":"https:\/\/aktivtuteliv.se\/vasteras\/paddlingstips-overnattningstur-till-rido\/"},"wordCount":353,"publisher":{"@id":"https:\/\/aktivtuteliv.se\/vasteras\/#organization"},"image":{"@id":"https:\/\/aktivtuteliv.se\/vasteras\/paddlingstips-overnattningstur-till-rido\/#primaryimage"},"thumbnailUrl":"https:\/\/e5gp8rwuod7.exactdn.com\/vasteras\/wp-content\/uploads\/sites\/4\/2018\/06\/Lybecks-sten-ridon.jpg?strip=all&lossy=1&ssl=1","keywords":["havskajak","kajak","lybecks sten","m\u00e4laren","\u00f6vernattningstur","rid\u00f6n","t\u00e4lta"],"articleSection":["5. Tur- och utflyktstips","Havskajak"],"inLanguage":"sv-SE"},{"@type":"WebPage","@id":"https:\/\/aktivtuteliv.se\/vasteras\/paddlingstips-overnattningstur-till-rido\/","url":"https:\/\/aktivtuteliv.se\/vasteras\/paddlingstips-overnattningstur-till-rido\/","name":"Paddlingstips: \u00f6vernattningstur till Rid\u00f6 - V\u00e4ster\u00e5s","isPartOf":{"@id":"https:\/\/aktivtuteliv.se\/vasteras\/#website"},"primaryImageOfPage":{"@id":"https:\/\/aktivtuteliv.se\/vasteras\/paddlingstips-overnattningstur-till-rido\/#primaryimage"},"image":{"@id":"https:\/\/aktivtuteliv.se\/vasteras\/paddlingstips-overnattningstur-till-rido\/#primaryimage"},"thumbnailUrl":"https:\/\/e5gp8rwuod7.exactdn.com\/vasteras\/wp-content\/uploads\/sites\/4\/2018\/06\/Lybecks-sten-ridon.jpg?strip=all&lossy=1&ssl=1","datePublished":"2018-06-20T17:00:00+00:00","dateModified":"2024-12-20T09:15:23+00:00","breadcrumb":{"@id":"https:\/\/aktivtuteliv.se\/vasteras\/paddlingstips-overnattningstur-till-rido\/#breadcrumb"},"inLanguage":"sv-SE","potentialAction":[{"@type":"ReadAction","target":["https:\/\/aktivtuteliv.se\/vasteras\/paddlingstips-overnattningstur-till-rido\/"]}]},{"@type":"ImageObject","inLanguage":"sv-SE","@id":"https:\/\/aktivtuteliv.se\/vasteras\/paddlingstips-overnattningstur-till-rido\/#primaryimage","url":"https:\/\/e5gp8rwuod7.exactdn.com\/vasteras\/wp-content\/uploads\/sites\/4\/2018\/06\/Lybecks-sten-ridon.jpg?strip=all&lossy=1&ssl=1","contentUrl":"https:\/\/e5gp8rwuod7.exactdn.com\/vasteras\/wp-content\/uploads\/sites\/4\/2018\/06\/Lybecks-sten-ridon.jpg?strip=all&lossy=1&ssl=1","width":2560,"height":1790,"caption":"Lybecks sten"},{"@type":"BreadcrumbList","@id":"https:\/\/aktivtuteliv.se\/vasteras\/paddlingstips-overnattningstur-till-rido\/#breadcrumb","itemListElement":[{"@type":"ListItem","position":1,"name":"Home","item":"https:\/\/aktivtuteliv.se\/vasteras\/"},{"@type":"ListItem","position":2,"name":"Paddlingstips: \u00f6vernattningstur till Rid\u00f6"}]},{"@type":"WebSite","@id":"https:\/\/aktivtuteliv.se\/vasteras\/#website","url":"https:\/\/aktivtuteliv.se\/vasteras\/","name":"Aktivt Uteliv Bj\u00f6rn\u00f6g\u00e5rden","description":"Ett friluftscenter i V\u00e4ster\u00e5s","publisher":{"@id":"https:\/\/aktivtuteliv.se\/vasteras\/#organization"},"potentialAction":[{"@type":"SearchAction","target":{"@type":"EntryPoint","urlTemplate":"https:\/\/aktivtuteliv.se\/vasteras\/?s={search_term_string}"},"query-input":"required name=search_term_string"}],"inLanguage":"sv-SE"},{"@type":"Organization","@id":"https:\/\/aktivtuteliv.se\/vasteras\/#organization","name":"Aktivt Uteliv Bj\u00f6rn\u00f6g\u00e5rden","url":"https:\/\/aktivtuteliv.se\/vasteras\/","logo":{"@type":"ImageObject","inLanguage":"sv-SE","@id":"https:\/\/aktivtuteliv.se\/vasteras\/#\/schema\/logo\/image\/","url":"https:\/\/e5gp8rwuod7.exactdn.com\/vasteras\/wp-content\/uploads\/sites\/4\/2025\/01\/AUB-pms.png?strip=all&lossy=1&ssl=1","contentUrl":"https:\/\/e5gp8rwuod7.exactdn.com\/vasteras\/wp-content\/uploads\/sites\/4\/2025\/01\/AUB-pms.png?strip=all&lossy=1&ssl=1","width":1894,"height":1165,"caption":"Aktivt Uteliv Bj\u00f6rn\u00f6g\u00e5rden"},"image":{"@id":"https:\/\/aktivtuteliv.se\/vasteras\/#\/schema\/logo\/image\/"},"sameAs":["https:\/\/www.facebook.com\/aktivtutelivbjornogarden","https:\/\/x.com\/aktivtuteliv","https:\/\/www.instagram.com\/aktivtuteliv_bjornogarden"]},{"@type":"Person","@id":"https:\/\/aktivtuteliv.se\/vasteras\/#\/schema\/person\/5a0d78c114b11725bc522ef122bf00fc","name":"perfredin","image":{"@type":"ImageObject","inLanguage":"sv-SE","@id":"https:\/\/aktivtuteliv.se\/vasteras\/#\/schema\/person\/image\/","url":"https:\/\/secure.gravatar.com\/avatar\/af5dfcbc5c60de90445ac4fc6143ab5e6e5b29e865d803c0ed41f7f05ab2f44e?s=96&d=mm&r=g","contentUrl":"https:\/\/secure.gravatar.com\/avatar\/af5dfcbc5c60de90445ac4fc6143ab5e6e5b29e865d803c0ed41f7f05ab2f44e?s=96&d=mm&r=g","caption":"perfredin"},"url":"https:\/\/aktivtuteliv.se\/vasteras\/author\/perfredin\/"}]}},"_links":{"self":[{"href":"https:\/\/aktivtuteliv.se\/vasteras\/wp-json\/wp\/v2\/posts\/34538","targetHints":{"allow":["GET"]}}],"collection":[{"href":"https:\/\/aktivtuteliv.se\/vasteras\/wp-json\/wp\/v2\/posts"}],"about":[{"href":"https:\/\/aktivtuteliv.se\/vasteras\/wp-json\/wp\/v2\/types\/post"}],"author":[{"embeddable":true,"href":"https:\/\/aktivtuteliv.se\/vasteras\/wp-json\/wp\/v2\/users\/83"}],"replies":[{"embeddable":true,"href":"https:\/\/aktivtuteliv.se\/vasteras\/wp-json\/wp\/v2\/comments?post=34538"}],"version-history":[{"count":0,"href":"https:\/\/aktivtuteliv.se\/vasteras\/wp-json\/wp\/v2\/posts\/34538\/revisions"}],"wp:featuredmedia":[{"embeddable":true,"href":"https:\/\/aktivtuteliv.se\/vasteras\/wp-json\/wp\/v2\/media\/76288"}],"wp:attachment":[{"href":"https:\/\/aktivtuteliv.se\/vasteras\/wp-json\/wp\/v2\/media?parent=34538"}],"wp:term":[{"taxonomy":"category","embeddable":true,"href":"https:\/\/aktivtuteliv.se\/vasteras\/wp-json\/wp\/v2\/categories?post=34538"},{"taxonomy":"post_tag","embeddable":true,"href":"https:\/\/aktivtuteliv.se\/vasteras\/wp-json\/wp\/v2\/tags?post=34538"}],"curies":[{"name":"wp","href":"https:\/\/api.w.org\/{rel}","templated":true}]}}