{"id":34540,"date":"2018-08-20T20:53:31","date_gmt":"2018-08-20T18:53:31","guid":{"rendered":"https:\/\/aktivtuteliv.nu\/?p=34540"},"modified":"2024-12-19T15:26:14","modified_gmt":"2024-12-19T14:26:14","slug":"vandringstips-utorundan-angso","status":"publish","type":"post","link":"https:\/\/aktivtuteliv.se\/vasteras\/vandringstips-utorundan-angso\/","title":{"rendered":"Vandringstips: Ut\u00f6rundan, \u00c4ngs\u00f6"},"content":{"rendered":"\n<p><strong>Plats:<\/strong> \u00c4ngs\u00f6 naturreservat<br><strong>Startplats:<\/strong> parkeringen vid L\u00e5ngholms brygga, badplatsen eller slottet<br><strong>L\u00e4ngd:<\/strong> 8,1 km<br><strong>Skyltning:<\/strong> bra<br><strong>Faciliteter:<\/strong> ja, toaletter vid parkeringarna, grillplatser vid klipporna innan slottet och vid f\u00e5geltornet<\/p>\n\n\n\n<p>Ut\u00f6rundan \u00e4r den l\u00e4ngsta, enskilda vandringsleden p\u00e5 \u00c4ngs\u00f6 och g\u00e5r runt hela sydv\u00e4stra delen p\u00e5 \u00f6n nedanf\u00f6r slottet. Detta g\u00f6r att man kan v\u00e4lja att starta p\u00e5 flera st\u00e4llen: parkeringen vid slottet, badklipporna eller L\u00e5ngholms brygga. Vi utgick fr\u00e5n L\u00e5ngholms brygga i och med att det d\u00e5 blir lagom att stanna f\u00f6r lunch vid grillplatsen p\u00e5 udden innan badklipporna och sedan ta eftermiddagsfika n\u00e4r leden passerar f\u00e5geltornet.<\/p>\n\n\n\n<figure class=\"wp-block-image\"><img decoding=\"async\" src=\"https:\/\/e5gp8rwuod7.exactdn.com\/wp-content\/uploads\/2018\/08\/2018-08-19-11.16.55.jpg?strip=all&lossy=1&w=1920&ssl=1\" alt=\"\" class=\"wp-image-61472\"\/><\/figure>\n\n\n\n<p>Tack vare sin str\u00e4ckning s\u00e5 \u00e4r rundan v\u00e4ldigt varierad, b\u00e5de sett till naturen och sev\u00e4rdheter, b\u00e5de slottet och \u00c4ngs\u00f6 fiskarn passeras. Naturen v\u00e4xlar fr\u00e5n strandn\u00e4ra klippor, till ekhagar, m\u00f6rk granskog och h\u00f6gl\u00e4nt, tallskog. H\u00e5ll utkik efter hjortarna n\u00e4r du g\u00e5r genom ekhagarna, de h\u00e5ller g\u00e4rna till d\u00e4r p\u00e5 f\u00e4lten. \u00c4ven sj\u00e4lva leden \u00e4r mycket varierad, allt fr\u00e5n grusv\u00e4g till riktigt stenig stig. Men s\u00e4rskilt bl\u00f6t blir den nog aldrig, s\u00e5 ett par stadiga skor r\u00e4cker l\u00e5ngt.<\/p>\n\n\n\n<figure class=\"wp-block-image\"><img decoding=\"async\" src=\"https:\/\/e5gp8rwuod7.exactdn.com\/wp-content\/uploads\/2018\/08\/2018-08-19-12.57.26.jpg?strip=all&lossy=1&w=1920&ssl=1\" alt=\"\" class=\"wp-image-61473\"\/><\/figure>\n\n\n\n<p><\/p>\n","protected":false},"excerpt":{"rendered":"<p>Plats: \u00c4ngs\u00f6 naturreservatStartplats: parkeringen vid L\u00e5ngholms brygga, badplatsen eller slottetL\u00e4ngd: 8,1 kmSkyltning: braFaciliteter: ja, toaletter vid parkeringarna, grillplatser vid klipporna innan slottet och vid f\u00e5geltornet Ut\u00f6rundan \u00e4r den l\u00e4ngsta, enskilda [&hellip;]<\/p>\n","protected":false},"author":83,"featured_media":76273,"comment_status":"closed","ping_status":"closed","sticky":false,"template":"","format":"standard","meta":{"_acf_changed":false,"footnotes":""},"categories":[1234,1229],"tags":[127,241,132,137,133],"class_list":["post-34540","post","type-post","status-publish","format-standard","has-post-thumbnail","hentry","category-utflyktstips","category-vandring","tag-angso","tag-utorundan","tag-vandring","tag-vandringsled","tag-vasteras"],"acf":[],"yoast_head":"<!-- This site is optimized with the Yoast SEO plugin v23.0 - https:\/\/yoast.com\/wordpress\/plugins\/seo\/ -->\n<title>Vandringstips: Ut\u00f6rundan, \u00c4ngs\u00f6 - V\u00e4ster\u00e5s<\/title>\n<meta name=\"robots\" content=\"index, follow, max-snippet:-1, max-image-preview:large, max-video-preview:-1\" \/>\n<link rel=\"canonical\" href=\"https:\/\/aktivtuteliv.se\/vasteras\/vandringstips-utorundan-angso\/\" \/>\n<meta property=\"og:locale\" content=\"sv_SE\" \/>\n<meta property=\"og:type\" content=\"article\" \/>\n<meta property=\"og:title\" content=\"Vandringstips: Ut\u00f6rundan, \u00c4ngs\u00f6 - V\u00e4ster\u00e5s\" \/>\n<meta property=\"og:description\" content=\"Plats: \u00c4ngs\u00f6 naturreservatStartplats: parkeringen vid L\u00e5ngholms brygga, badplatsen eller slottetL\u00e4ngd: 8,1 kmSkyltning: braFaciliteter: ja, toaletter vid parkeringarna, grillplatser vid klipporna innan slottet och vid f\u00e5geltornet Ut\u00f6rundan \u00e4r den l\u00e4ngsta, enskilda [&hellip;]\" \/>\n<meta property=\"og:url\" content=\"https:\/\/aktivtuteliv.se\/vasteras\/vandringstips-utorundan-angso\/\" \/>\n<meta property=\"og:site_name\" content=\"V\u00e4ster\u00e5s\" \/>\n<meta property=\"article:publisher\" content=\"https:\/\/www.facebook.com\/aktivtutelivbjornogarden\" \/>\n<meta property=\"article:published_time\" content=\"2018-08-20T18:53:31+00:00\" \/>\n<meta property=\"article:modified_time\" content=\"2024-12-19T14:26:14+00:00\" \/>\n<meta property=\"og:image\" content=\"https:\/\/aktivtuteliv.se\/vasteras\/wp-content\/uploads\/sites\/4\/2018\/08\/utorundan.jpg\" \/>\n\t<meta property=\"og:image:width\" content=\"2560\" \/>\n\t<meta property=\"og:image:height\" content=\"1790\" \/>\n\t<meta property=\"og:image:type\" content=\"image\/jpeg\" \/>\n<meta name=\"author\" content=\"perfredin\" \/>\n<meta name=\"twitter:card\" content=\"summary_large_image\" \/>\n<meta name=\"twitter:creator\" content=\"@aktivtuteliv\" \/>\n<meta name=\"twitter:site\" content=\"@aktivtuteliv\" \/>\n<meta name=\"twitter:label1\" content=\"Skriven av\" \/>\n\t<meta name=\"twitter:data1\" content=\"perfredin\" \/>\n\t<meta name=\"twitter:label2\" content=\"Ber\u00e4knad l\u00e4stid\" \/>\n\t<meta name=\"twitter:data2\" content=\"2 minuter\" \/>\n<script type=\"application\/ld+json\" class=\"yoast-schema-graph\">{\"@context\":\"https:\/\/schema.org\",\"@graph\":[{\"@type\":\"Article\",\"@id\":\"https:\/\/aktivtuteliv.se\/vasteras\/vandringstips-utorundan-angso\/#article\",\"isPartOf\":{\"@id\":\"https:\/\/aktivtuteliv.se\/vasteras\/vandringstips-utorundan-angso\/\"},\"author\":{\"name\":\"perfredin\",\"@id\":\"https:\/\/aktivtuteliv.se\/vasteras\/#\/schema\/person\/5a0d78c114b11725bc522ef122bf00fc\"},\"headline\":\"Vandringstips: Ut\u00f6rundan, \u00c4ngs\u00f6\",\"datePublished\":\"2018-08-20T18:53:31+00:00\",\"dateModified\":\"2024-12-19T14:26:14+00:00\",\"mainEntityOfPage\":{\"@id\":\"https:\/\/aktivtuteliv.se\/vasteras\/vandringstips-utorundan-angso\/\"},\"wordCount\":217,\"publisher\":{\"@id\":\"https:\/\/aktivtuteliv.se\/vasteras\/#organization\"},\"image\":{\"@id\":\"https:\/\/aktivtuteliv.se\/vasteras\/vandringstips-utorundan-angso\/#primaryimage\"},\"thumbnailUrl\":\"https:\/\/e5gp8rwuod7.exactdn.com\/vasteras\/wp-content\/uploads\/sites\/4\/2018\/08\/utorundan.jpg?strip=all&lossy=1&ssl=1\",\"keywords\":[\"\u00e4ngs\u00f6\",\"ut\u00f6rundan\",\"vandring\",\"vandringsled\",\"v\u00e4ster\u00e5s\"],\"articleSection\":[\"5. Tur- och utflyktstips\",\"Vandring\"],\"inLanguage\":\"sv-SE\"},{\"@type\":\"WebPage\",\"@id\":\"https:\/\/aktivtuteliv.se\/vasteras\/vandringstips-utorundan-angso\/\",\"url\":\"https:\/\/aktivtuteliv.se\/vasteras\/vandringstips-utorundan-angso\/\",\"name\":\"Vandringstips: Ut\u00f6rundan, \u00c4ngs\u00f6 - V\u00e4ster\u00e5s\",\"isPartOf\":{\"@id\":\"https:\/\/aktivtuteliv.se\/vasteras\/#website\"},\"primaryImageOfPage\":{\"@id\":\"https:\/\/aktivtuteliv.se\/vasteras\/vandringstips-utorundan-angso\/#primaryimage\"},\"image\":{\"@id\":\"https:\/\/aktivtuteliv.se\/vasteras\/vandringstips-utorundan-angso\/#primaryimage\"},\"thumbnailUrl\":\"https:\/\/e5gp8rwuod7.exactdn.com\/vasteras\/wp-content\/uploads\/sites\/4\/2018\/08\/utorundan.jpg?strip=all&lossy=1&ssl=1\",\"datePublished\":\"2018-08-20T18:53:31+00:00\",\"dateModified\":\"2024-12-19T14:26:14+00:00\",\"breadcrumb\":{\"@id\":\"https:\/\/aktivtuteliv.se\/vasteras\/vandringstips-utorundan-angso\/#breadcrumb\"},\"inLanguage\":\"sv-SE\",\"potentialAction\":[{\"@type\":\"ReadAction\",\"target\":[\"https:\/\/aktivtuteliv.se\/vasteras\/vandringstips-utorundan-angso\/\"]}]},{\"@type\":\"ImageObject\",\"inLanguage\":\"sv-SE\",\"@id\":\"https:\/\/aktivtuteliv.se\/vasteras\/vandringstips-utorundan-angso\/#primaryimage\",\"url\":\"https:\/\/e5gp8rwuod7.exactdn.com\/vasteras\/wp-content\/uploads\/sites\/4\/2018\/08\/utorundan.jpg?strip=all&lossy=1&ssl=1\",\"contentUrl\":\"https:\/\/e5gp8rwuod7.exactdn.com\/vasteras\/wp-content\/uploads\/sites\/4\/2018\/08\/utorundan.jpg?strip=all&lossy=1&ssl=1\",\"width\":2560,\"height\":1790,\"caption\":\"vandring \u00e4ngs\u00f6\"},{\"@type\":\"BreadcrumbList\",\"@id\":\"https:\/\/aktivtuteliv.se\/vasteras\/vandringstips-utorundan-angso\/#breadcrumb\",\"itemListElement\":[{\"@type\":\"ListItem\",\"position\":1,\"name\":\"Home\",\"item\":\"https:\/\/aktivtuteliv.se\/vasteras\/\"},{\"@type\":\"ListItem\",\"position\":2,\"name\":\"Vandringstips: Ut\u00f6rundan, \u00c4ngs\u00f6\"}]},{\"@type\":\"WebSite\",\"@id\":\"https:\/\/aktivtuteliv.se\/vasteras\/#website\",\"url\":\"https:\/\/aktivtuteliv.se\/vasteras\/\",\"name\":\"Aktivt Uteliv Bj\u00f6rn\u00f6g\u00e5rden\",\"description\":\"Ett friluftscenter i V\u00e4ster\u00e5s\",\"publisher\":{\"@id\":\"https:\/\/aktivtuteliv.se\/vasteras\/#organization\"},\"potentialAction\":[{\"@type\":\"SearchAction\",\"target\":{\"@type\":\"EntryPoint\",\"urlTemplate\":\"https:\/\/aktivtuteliv.se\/vasteras\/?s={search_term_string}\"},\"query-input\":\"required name=search_term_string\"}],\"inLanguage\":\"sv-SE\"},{\"@type\":\"Organization\",\"@id\":\"https:\/\/aktivtuteliv.se\/vasteras\/#organization\",\"name\":\"Aktivt Uteliv Bj\u00f6rn\u00f6g\u00e5rden\",\"url\":\"https:\/\/aktivtuteliv.se\/vasteras\/\",\"logo\":{\"@type\":\"ImageObject\",\"inLanguage\":\"sv-SE\",\"@id\":\"https:\/\/aktivtuteliv.se\/vasteras\/#\/schema\/logo\/image\/\",\"url\":\"https:\/\/e5gp8rwuod7.exactdn.com\/vasteras\/wp-content\/uploads\/sites\/4\/2025\/01\/AUB-pms.png?strip=all&lossy=1&ssl=1\",\"contentUrl\":\"https:\/\/e5gp8rwuod7.exactdn.com\/vasteras\/wp-content\/uploads\/sites\/4\/2025\/01\/AUB-pms.png?strip=all&lossy=1&ssl=1\",\"width\":1894,\"height\":1165,\"caption\":\"Aktivt Uteliv Bj\u00f6rn\u00f6g\u00e5rden\"},\"image\":{\"@id\":\"https:\/\/aktivtuteliv.se\/vasteras\/#\/schema\/logo\/image\/\"},\"sameAs\":[\"https:\/\/www.facebook.com\/aktivtutelivbjornogarden\",\"https:\/\/x.com\/aktivtuteliv\",\"https:\/\/www.instagram.com\/aktivtuteliv_bjornogarden\"]},{\"@type\":\"Person\",\"@id\":\"https:\/\/aktivtuteliv.se\/vasteras\/#\/schema\/person\/5a0d78c114b11725bc522ef122bf00fc\",\"name\":\"perfredin\",\"image\":{\"@type\":\"ImageObject\",\"inLanguage\":\"sv-SE\",\"@id\":\"https:\/\/aktivtuteliv.se\/vasteras\/#\/schema\/person\/image\/\",\"url\":\"https:\/\/secure.gravatar.com\/avatar\/af5dfcbc5c60de90445ac4fc6143ab5e6e5b29e865d803c0ed41f7f05ab2f44e?s=96&d=mm&r=g\",\"contentUrl\":\"https:\/\/secure.gravatar.com\/avatar\/af5dfcbc5c60de90445ac4fc6143ab5e6e5b29e865d803c0ed41f7f05ab2f44e?s=96&d=mm&r=g\",\"caption\":\"perfredin\"},\"url\":\"https:\/\/aktivtuteliv.se\/vasteras\/author\/perfredin\/\"}]}<\/script>\n<!-- \/ Yoast SEO plugin. -->","yoast_head_json":{"title":"Vandringstips: Ut\u00f6rundan, \u00c4ngs\u00f6 - V\u00e4ster\u00e5s","robots":{"index":"index","follow":"follow","max-snippet":"max-snippet:-1","max-image-preview":"max-image-preview:large","max-video-preview":"max-video-preview:-1"},"canonical":"https:\/\/aktivtuteliv.se\/vasteras\/vandringstips-utorundan-angso\/","og_locale":"sv_SE","og_type":"article","og_title":"Vandringstips: Ut\u00f6rundan, \u00c4ngs\u00f6 - V\u00e4ster\u00e5s","og_description":"Plats: \u00c4ngs\u00f6 naturreservatStartplats: parkeringen vid L\u00e5ngholms brygga, badplatsen eller slottetL\u00e4ngd: 8,1 kmSkyltning: braFaciliteter: ja, toaletter vid parkeringarna, grillplatser vid klipporna innan slottet och vid f\u00e5geltornet Ut\u00f6rundan \u00e4r den l\u00e4ngsta, enskilda [&hellip;]","og_url":"https:\/\/aktivtuteliv.se\/vasteras\/vandringstips-utorundan-angso\/","og_site_name":"V\u00e4ster\u00e5s","article_publisher":"https:\/\/www.facebook.com\/aktivtutelivbjornogarden","article_published_time":"2018-08-20T18:53:31+00:00","article_modified_time":"2024-12-19T14:26:14+00:00","og_image":[{"width":2560,"height":1790,"url":"https:\/\/aktivtuteliv.se\/vasteras\/wp-content\/uploads\/sites\/4\/2018\/08\/utorundan.jpg","type":"image\/jpeg"}],"author":"perfredin","twitter_card":"summary_large_image","twitter_creator":"@aktivtuteliv","twitter_site":"@aktivtuteliv","twitter_misc":{"Skriven av":"perfredin","Ber\u00e4knad l\u00e4stid":"2 minuter"},"schema":{"@context":"https:\/\/schema.org","@graph":[{"@type":"Article","@id":"https:\/\/aktivtuteliv.se\/vasteras\/vandringstips-utorundan-angso\/#article","isPartOf":{"@id":"https:\/\/aktivtuteliv.se\/vasteras\/vandringstips-utorundan-angso\/"},"author":{"name":"perfredin","@id":"https:\/\/aktivtuteliv.se\/vasteras\/#\/schema\/person\/5a0d78c114b11725bc522ef122bf00fc"},"headline":"Vandringstips: Ut\u00f6rundan, \u00c4ngs\u00f6","datePublished":"2018-08-20T18:53:31+00:00","dateModified":"2024-12-19T14:26:14+00:00","mainEntityOfPage":{"@id":"https:\/\/aktivtuteliv.se\/vasteras\/vandringstips-utorundan-angso\/"},"wordCount":217,"publisher":{"@id":"https:\/\/aktivtuteliv.se\/vasteras\/#organization"},"image":{"@id":"https:\/\/aktivtuteliv.se\/vasteras\/vandringstips-utorundan-angso\/#primaryimage"},"thumbnailUrl":"https:\/\/e5gp8rwuod7.exactdn.com\/vasteras\/wp-content\/uploads\/sites\/4\/2018\/08\/utorundan.jpg?strip=all&lossy=1&ssl=1","keywords":["\u00e4ngs\u00f6","ut\u00f6rundan","vandring","vandringsled","v\u00e4ster\u00e5s"],"articleSection":["5. Tur- och utflyktstips","Vandring"],"inLanguage":"sv-SE"},{"@type":"WebPage","@id":"https:\/\/aktivtuteliv.se\/vasteras\/vandringstips-utorundan-angso\/","url":"https:\/\/aktivtuteliv.se\/vasteras\/vandringstips-utorundan-angso\/","name":"Vandringstips: Ut\u00f6rundan, \u00c4ngs\u00f6 - V\u00e4ster\u00e5s","isPartOf":{"@id":"https:\/\/aktivtuteliv.se\/vasteras\/#website"},"primaryImageOfPage":{"@id":"https:\/\/aktivtuteliv.se\/vasteras\/vandringstips-utorundan-angso\/#primaryimage"},"image":{"@id":"https:\/\/aktivtuteliv.se\/vasteras\/vandringstips-utorundan-angso\/#primaryimage"},"thumbnailUrl":"https:\/\/e5gp8rwuod7.exactdn.com\/vasteras\/wp-content\/uploads\/sites\/4\/2018\/08\/utorundan.jpg?strip=all&lossy=1&ssl=1","datePublished":"2018-08-20T18:53:31+00:00","dateModified":"2024-12-19T14:26:14+00:00","breadcrumb":{"@id":"https:\/\/aktivtuteliv.se\/vasteras\/vandringstips-utorundan-angso\/#breadcrumb"},"inLanguage":"sv-SE","potentialAction":[{"@type":"ReadAction","target":["https:\/\/aktivtuteliv.se\/vasteras\/vandringstips-utorundan-angso\/"]}]},{"@type":"ImageObject","inLanguage":"sv-SE","@id":"https:\/\/aktivtuteliv.se\/vasteras\/vandringstips-utorundan-angso\/#primaryimage","url":"https:\/\/e5gp8rwuod7.exactdn.com\/vasteras\/wp-content\/uploads\/sites\/4\/2018\/08\/utorundan.jpg?strip=all&lossy=1&ssl=1","contentUrl":"https:\/\/e5gp8rwuod7.exactdn.com\/vasteras\/wp-content\/uploads\/sites\/4\/2018\/08\/utorundan.jpg?strip=all&lossy=1&ssl=1","width":2560,"height":1790,"caption":"vandring \u00e4ngs\u00f6"},{"@type":"BreadcrumbList","@id":"https:\/\/aktivtuteliv.se\/vasteras\/vandringstips-utorundan-angso\/#breadcrumb","itemListElement":[{"@type":"ListItem","position":1,"name":"Home","item":"https:\/\/aktivtuteliv.se\/vasteras\/"},{"@type":"ListItem","position":2,"name":"Vandringstips: Ut\u00f6rundan, \u00c4ngs\u00f6"}]},{"@type":"WebSite","@id":"https:\/\/aktivtuteliv.se\/vasteras\/#website","url":"https:\/\/aktivtuteliv.se\/vasteras\/","name":"Aktivt Uteliv Bj\u00f6rn\u00f6g\u00e5rden","description":"Ett friluftscenter i V\u00e4ster\u00e5s","publisher":{"@id":"https:\/\/aktivtuteliv.se\/vasteras\/#organization"},"potentialAction":[{"@type":"SearchAction","target":{"@type":"EntryPoint","urlTemplate":"https:\/\/aktivtuteliv.se\/vasteras\/?s={search_term_string}"},"query-input":"required name=search_term_string"}],"inLanguage":"sv-SE"},{"@type":"Organization","@id":"https:\/\/aktivtuteliv.se\/vasteras\/#organization","name":"Aktivt Uteliv Bj\u00f6rn\u00f6g\u00e5rden","url":"https:\/\/aktivtuteliv.se\/vasteras\/","logo":{"@type":"ImageObject","inLanguage":"sv-SE","@id":"https:\/\/aktivtuteliv.se\/vasteras\/#\/schema\/logo\/image\/","url":"https:\/\/e5gp8rwuod7.exactdn.com\/vasteras\/wp-content\/uploads\/sites\/4\/2025\/01\/AUB-pms.png?strip=all&lossy=1&ssl=1","contentUrl":"https:\/\/e5gp8rwuod7.exactdn.com\/vasteras\/wp-content\/uploads\/sites\/4\/2025\/01\/AUB-pms.png?strip=all&lossy=1&ssl=1","width":1894,"height":1165,"caption":"Aktivt Uteliv Bj\u00f6rn\u00f6g\u00e5rden"},"image":{"@id":"https:\/\/aktivtuteliv.se\/vasteras\/#\/schema\/logo\/image\/"},"sameAs":["https:\/\/www.facebook.com\/aktivtutelivbjornogarden","https:\/\/x.com\/aktivtuteliv","https:\/\/www.instagram.com\/aktivtuteliv_bjornogarden"]},{"@type":"Person","@id":"https:\/\/aktivtuteliv.se\/vasteras\/#\/schema\/person\/5a0d78c114b11725bc522ef122bf00fc","name":"perfredin","image":{"@type":"ImageObject","inLanguage":"sv-SE","@id":"https:\/\/aktivtuteliv.se\/vasteras\/#\/schema\/person\/image\/","url":"https:\/\/secure.gravatar.com\/avatar\/af5dfcbc5c60de90445ac4fc6143ab5e6e5b29e865d803c0ed41f7f05ab2f44e?s=96&d=mm&r=g","contentUrl":"https:\/\/secure.gravatar.com\/avatar\/af5dfcbc5c60de90445ac4fc6143ab5e6e5b29e865d803c0ed41f7f05ab2f44e?s=96&d=mm&r=g","caption":"perfredin"},"url":"https:\/\/aktivtuteliv.se\/vasteras\/author\/perfredin\/"}]}},"_links":{"self":[{"href":"https:\/\/aktivtuteliv.se\/vasteras\/wp-json\/wp\/v2\/posts\/34540","targetHints":{"allow":["GET"]}}],"collection":[{"href":"https:\/\/aktivtuteliv.se\/vasteras\/wp-json\/wp\/v2\/posts"}],"about":[{"href":"https:\/\/aktivtuteliv.se\/vasteras\/wp-json\/wp\/v2\/types\/post"}],"author":[{"embeddable":true,"href":"https:\/\/aktivtuteliv.se\/vasteras\/wp-json\/wp\/v2\/users\/83"}],"replies":[{"embeddable":true,"href":"https:\/\/aktivtuteliv.se\/vasteras\/wp-json\/wp\/v2\/comments?post=34540"}],"version-history":[{"count":0,"href":"https:\/\/aktivtuteliv.se\/vasteras\/wp-json\/wp\/v2\/posts\/34540\/revisions"}],"wp:featuredmedia":[{"embeddable":true,"href":"https:\/\/aktivtuteliv.se\/vasteras\/wp-json\/wp\/v2\/media\/76273"}],"wp:attachment":[{"href":"https:\/\/aktivtuteliv.se\/vasteras\/wp-json\/wp\/v2\/media?parent=34540"}],"wp:term":[{"taxonomy":"category","embeddable":true,"href":"https:\/\/aktivtuteliv.se\/vasteras\/wp-json\/wp\/v2\/categories?post=34540"},{"taxonomy":"post_tag","embeddable":true,"href":"https:\/\/aktivtuteliv.se\/vasteras\/wp-json\/wp\/v2\/tags?post=34540"}],"curies":[{"name":"wp","href":"https:\/\/api.w.org\/{rel}","templated":true}]}}