{"id":53646,"date":"2017-11-21T22:13:36","date_gmt":"2017-11-21T21:13:36","guid":{"rendered":"https:\/\/aktivtuteliv.nu\/?p=53646"},"modified":"2025-01-30T10:51:19","modified_gmt":"2025-01-30T09:51:19","slug":"de-tre-vanligaste-vallningsmisstagen","status":"publish","type":"post","link":"https:\/\/aktivtuteliv.se\/vasteras\/de-tre-vanligaste-vallningsmisstagen\/","title":{"rendered":"De tre vanligaste vallningsmisstagen"},"content":{"rendered":"\n<figure class=\"wp-block-embed is-type-video is-provider-youtube wp-block-embed-youtube wp-embed-aspect-16-9 wp-has-aspect-ratio\"><div class=\"wp-block-embed__wrapper\">\n<iframe loading=\"lazy\" title=\"Tre vanliga vallningsmisstag\" width=\"500\" height=\"281\" src=\"https:\/\/www.youtube.com\/embed\/6GGWCX8P_Tk?feature=oembed&#038;enablejsapi=1&#038;origin=https:\/\/aktivtuteliv.se\" frameborder=\"0\" allow=\"accelerometer; autoplay; clipboard-write; encrypted-media; gyroscope; picture-in-picture; web-share\" referrerpolicy=\"strict-origin-when-cross-origin\" allowfullscreen><\/iframe>\n<\/div><\/figure>\n\n\n\n<div style=\"height:50px\" aria-hidden=\"true\" class=\"wp-block-spacer\"><\/div>\n\n\n\n<p>Nu n\u00e4r vintern n\u00e4rmar sig och det snart \u00e4r dags att valla skidorna inf\u00f6r premi\u00e4rturen vill vi flagga f\u00f6r de tre vanligaste misstagen som vi ser att folk g\u00f6r n\u00e4r de vallar sina skidor:<\/p>\n\n\n\n<p><strong>Sm\u00e4lta p\u00e5 f\u00f6r mycket glidvalla<\/strong><br>Att sm\u00e4lta p\u00e5 f\u00f6r mycket glidvalla p\u00e5 belagen g\u00f6r det tyngre att sickla av, det rinner l\u00e4ngs sidorna p\u00e5 skidan och det \u00e4r sl\u00f6seri med valla. 99 % av glidvallan ska \u00e4nd\u00e5 sicklas och borstas bort s\u00e5 d\u00e5 \u00e4r det dumt att l\u00e4gga p\u00e5 mer \u00e4n n\u00f6dv\u00e4ndigt.<\/p>\n\n\n\n<p><strong>Sickla belagen f\u00f6r d\u00e5ligt<br><\/strong>Det h\u00e4r misstaget beror ofta p\u00e5 f\u00f6reg\u00e5ende misstag, f\u00f6r det \u00e4r sv\u00e5rare att sickla av mycket valla. Men all valla som \u00e4r m\u00f6jlig att sicklas bort ska sicklas bort fr\u00e5n skidorna. Annars kommer det lager valla som finns kvar p\u00e5 belagen faktiskt att minska glidet.<\/p>\n\n\n\n<p><strong>L\u00e4gga p\u00e5 f\u00f6r mycket f\u00e4stvalla<br><\/strong>F\u00f6r mycket f\u00e4stvalla p\u00e5 skidorna kan bilda klumpar och \u00e4r sv\u00e5rare att klossa ut till ett j\u00e4mnt tunt lager. I v\u00e4rsta fall g\u00f6r det att skidorna hugger fast i sn\u00f6n n\u00e4r du \u00e5ker.<\/p>\n\n\n\n<ol class=\"wp-block-list\"><\/ol>\n\n\n\n<p>Men hur ska jag g\u00f6ra d\u00e5, kanske du undrar? Kom in och snacka med oss i butiken, vi \u00e4r alltid pigga p\u00e5 att dela med oss av vallatips, <a href=\"https:\/\/aktivtuteliv.se\/vasteras\/slipa-och-valla-skidor-i-vasteras\/\">eller ocks\u00e5 kan vi serva skidorna \u00e5t dig<\/a>!<\/p>\n\n\n\n<div style=\"height:10px\" aria-hidden=\"true\" class=\"wp-block-spacer\"><\/div>\n\n\n\n<hr class=\"wp-block-separator has-alpha-channel-opacity\"\/>\n\n\n\n<div style=\"height:10px\" aria-hidden=\"true\" class=\"wp-block-spacer\"><\/div>\n\n\n\n<p>PS. Prenumerera g\u00e4rna direkt p\u00e5 v\u00e5r&nbsp;<a href=\"https:\/\/www.youtube.com\/channel\/UCB4JoV4BIHs4Lf-797Xbpog\/\">YouTube-kanal<\/a>, d\u00e4r du hittar filmer som den ovan, s\u00e5 motiverar du oss att spela in fler och b\u00e4ttre filmer, tack!<\/p>\n","protected":false},"excerpt":{"rendered":"<p>Nu n\u00e4r vintern n\u00e4rmar sig och det snart \u00e4r dags att valla skidorna inf\u00f6r premi\u00e4rturen vill vi flagga f\u00f6r de tre vanligaste misstagen som vi ser att folk g\u00f6r n\u00e4r [&hellip;]<\/p>\n","protected":false},"author":83,"featured_media":77032,"comment_status":"closed","ping_status":"closed","sticky":false,"template":"","format":"standard","meta":{"_acf_changed":false,"footnotes":""},"categories":[1238,1222],"tags":[217,221,222,211,223,224],"class_list":["post-53646","post","type-post","status-publish","format-standard","has-post-thumbnail","hentry","category-tips-trix","category-langdskidor","tag-glidvalla","tag-glidvalla-skidor","tag-sickla-skidor","tag-valla-skidor","tag-vallamisstag","tag-vallatips"],"acf":[],"yoast_head":"<!-- This site is optimized with the Yoast SEO plugin v23.0 - https:\/\/yoast.com\/wordpress\/plugins\/seo\/ -->\n<title>De tre vanligaste vallningsmisstagen - V\u00e4ster\u00e5s<\/title>\n<meta name=\"robots\" content=\"index, follow, max-snippet:-1, max-image-preview:large, max-video-preview:-1\" \/>\n<link rel=\"canonical\" href=\"https:\/\/aktivtuteliv.se\/vasteras\/de-tre-vanligaste-vallningsmisstagen\/\" \/>\n<meta property=\"og:locale\" content=\"sv_SE\" \/>\n<meta property=\"og:type\" content=\"article\" \/>\n<meta property=\"og:title\" content=\"De tre vanligaste vallningsmisstagen - V\u00e4ster\u00e5s\" \/>\n<meta property=\"og:description\" content=\"Nu n\u00e4r vintern n\u00e4rmar sig och det snart \u00e4r dags att valla skidorna inf\u00f6r premi\u00e4rturen vill vi flagga f\u00f6r de tre vanligaste misstagen som vi ser att folk g\u00f6r n\u00e4r [&hellip;]\" \/>\n<meta property=\"og:url\" content=\"https:\/\/aktivtuteliv.se\/vasteras\/de-tre-vanligaste-vallningsmisstagen\/\" \/>\n<meta property=\"og:site_name\" content=\"V\u00e4ster\u00e5s\" \/>\n<meta property=\"article:publisher\" content=\"https:\/\/www.facebook.com\/aktivtutelivbjornogarden\" \/>\n<meta property=\"article:published_time\" content=\"2017-11-21T21:13:36+00:00\" \/>\n<meta property=\"article:modified_time\" content=\"2025-01-30T09:51:19+00:00\" \/>\n<meta property=\"og:image\" content=\"https:\/\/aktivtuteliv.se\/vasteras\/wp-content\/uploads\/sites\/4\/2017\/11\/valla-skidor.jpg\" \/>\n\t<meta property=\"og:image:width\" content=\"2560\" \/>\n\t<meta property=\"og:image:height\" content=\"1790\" \/>\n\t<meta property=\"og:image:type\" content=\"image\/jpeg\" \/>\n<meta name=\"author\" content=\"perfredin\" \/>\n<meta name=\"twitter:card\" content=\"summary_large_image\" \/>\n<meta name=\"twitter:creator\" content=\"@aktivtuteliv\" \/>\n<meta name=\"twitter:site\" content=\"@aktivtuteliv\" \/>\n<meta name=\"twitter:label1\" content=\"Skriven av\" \/>\n\t<meta name=\"twitter:data1\" content=\"perfredin\" \/>\n\t<meta name=\"twitter:label2\" content=\"Ber\u00e4knad l\u00e4stid\" \/>\n\t<meta name=\"twitter:data2\" content=\"2 minuter\" \/>\n<script type=\"application\/ld+json\" class=\"yoast-schema-graph\">{\"@context\":\"https:\/\/schema.org\",\"@graph\":[{\"@type\":\"Article\",\"@id\":\"https:\/\/aktivtuteliv.se\/vasteras\/de-tre-vanligaste-vallningsmisstagen\/#article\",\"isPartOf\":{\"@id\":\"https:\/\/aktivtuteliv.se\/vasteras\/de-tre-vanligaste-vallningsmisstagen\/\"},\"author\":{\"name\":\"perfredin\",\"@id\":\"https:\/\/aktivtuteliv.se\/vasteras\/#\/schema\/person\/5a0d78c114b11725bc522ef122bf00fc\"},\"headline\":\"De tre vanligaste vallningsmisstagen\",\"datePublished\":\"2017-11-21T21:13:36+00:00\",\"dateModified\":\"2025-01-30T09:51:19+00:00\",\"mainEntityOfPage\":{\"@id\":\"https:\/\/aktivtuteliv.se\/vasteras\/de-tre-vanligaste-vallningsmisstagen\/\"},\"wordCount\":286,\"publisher\":{\"@id\":\"https:\/\/aktivtuteliv.se\/vasteras\/#organization\"},\"image\":{\"@id\":\"https:\/\/aktivtuteliv.se\/vasteras\/de-tre-vanligaste-vallningsmisstagen\/#primaryimage\"},\"thumbnailUrl\":\"https:\/\/e5gp8rwuod7.exactdn.com\/vasteras\/wp-content\/uploads\/sites\/4\/2017\/11\/valla-skidor.jpg?strip=all&lossy=1&ssl=1\",\"keywords\":[\"glidvalla\",\"glidvalla skidor\",\"sickla skidor\",\"valla skidor\",\"vallamisstag\",\"vallatips\"],\"articleSection\":[\"2. Tips och guider\",\"L\u00e4ngdskidor\"],\"inLanguage\":\"sv-SE\"},{\"@type\":\"WebPage\",\"@id\":\"https:\/\/aktivtuteliv.se\/vasteras\/de-tre-vanligaste-vallningsmisstagen\/\",\"url\":\"https:\/\/aktivtuteliv.se\/vasteras\/de-tre-vanligaste-vallningsmisstagen\/\",\"name\":\"De tre vanligaste vallningsmisstagen - V\u00e4ster\u00e5s\",\"isPartOf\":{\"@id\":\"https:\/\/aktivtuteliv.se\/vasteras\/#website\"},\"primaryImageOfPage\":{\"@id\":\"https:\/\/aktivtuteliv.se\/vasteras\/de-tre-vanligaste-vallningsmisstagen\/#primaryimage\"},\"image\":{\"@id\":\"https:\/\/aktivtuteliv.se\/vasteras\/de-tre-vanligaste-vallningsmisstagen\/#primaryimage\"},\"thumbnailUrl\":\"https:\/\/e5gp8rwuod7.exactdn.com\/vasteras\/wp-content\/uploads\/sites\/4\/2017\/11\/valla-skidor.jpg?strip=all&lossy=1&ssl=1\",\"datePublished\":\"2017-11-21T21:13:36+00:00\",\"dateModified\":\"2025-01-30T09:51:19+00:00\",\"breadcrumb\":{\"@id\":\"https:\/\/aktivtuteliv.se\/vasteras\/de-tre-vanligaste-vallningsmisstagen\/#breadcrumb\"},\"inLanguage\":\"sv-SE\",\"potentialAction\":[{\"@type\":\"ReadAction\",\"target\":[\"https:\/\/aktivtuteliv.se\/vasteras\/de-tre-vanligaste-vallningsmisstagen\/\"]}]},{\"@type\":\"ImageObject\",\"inLanguage\":\"sv-SE\",\"@id\":\"https:\/\/aktivtuteliv.se\/vasteras\/de-tre-vanligaste-vallningsmisstagen\/#primaryimage\",\"url\":\"https:\/\/e5gp8rwuod7.exactdn.com\/vasteras\/wp-content\/uploads\/sites\/4\/2017\/11\/valla-skidor.jpg?strip=all&lossy=1&ssl=1\",\"contentUrl\":\"https:\/\/e5gp8rwuod7.exactdn.com\/vasteras\/wp-content\/uploads\/sites\/4\/2017\/11\/valla-skidor.jpg?strip=all&lossy=1&ssl=1\",\"width\":2560,\"height\":1790},{\"@type\":\"BreadcrumbList\",\"@id\":\"https:\/\/aktivtuteliv.se\/vasteras\/de-tre-vanligaste-vallningsmisstagen\/#breadcrumb\",\"itemListElement\":[{\"@type\":\"ListItem\",\"position\":1,\"name\":\"Home\",\"item\":\"https:\/\/aktivtuteliv.se\/vasteras\/\"},{\"@type\":\"ListItem\",\"position\":2,\"name\":\"De tre vanligaste vallningsmisstagen\"}]},{\"@type\":\"WebSite\",\"@id\":\"https:\/\/aktivtuteliv.se\/vasteras\/#website\",\"url\":\"https:\/\/aktivtuteliv.se\/vasteras\/\",\"name\":\"Aktivt Uteliv Bj\u00f6rn\u00f6g\u00e5rden\",\"description\":\"Ett friluftscenter i V\u00e4ster\u00e5s\",\"publisher\":{\"@id\":\"https:\/\/aktivtuteliv.se\/vasteras\/#organization\"},\"potentialAction\":[{\"@type\":\"SearchAction\",\"target\":{\"@type\":\"EntryPoint\",\"urlTemplate\":\"https:\/\/aktivtuteliv.se\/vasteras\/?s={search_term_string}\"},\"query-input\":\"required name=search_term_string\"}],\"inLanguage\":\"sv-SE\"},{\"@type\":\"Organization\",\"@id\":\"https:\/\/aktivtuteliv.se\/vasteras\/#organization\",\"name\":\"Aktivt Uteliv Bj\u00f6rn\u00f6g\u00e5rden\",\"url\":\"https:\/\/aktivtuteliv.se\/vasteras\/\",\"logo\":{\"@type\":\"ImageObject\",\"inLanguage\":\"sv-SE\",\"@id\":\"https:\/\/aktivtuteliv.se\/vasteras\/#\/schema\/logo\/image\/\",\"url\":\"https:\/\/e5gp8rwuod7.exactdn.com\/vasteras\/wp-content\/uploads\/sites\/4\/2025\/01\/AUB-pms.png?strip=all&lossy=1&ssl=1\",\"contentUrl\":\"https:\/\/e5gp8rwuod7.exactdn.com\/vasteras\/wp-content\/uploads\/sites\/4\/2025\/01\/AUB-pms.png?strip=all&lossy=1&ssl=1\",\"width\":1894,\"height\":1165,\"caption\":\"Aktivt Uteliv Bj\u00f6rn\u00f6g\u00e5rden\"},\"image\":{\"@id\":\"https:\/\/aktivtuteliv.se\/vasteras\/#\/schema\/logo\/image\/\"},\"sameAs\":[\"https:\/\/www.facebook.com\/aktivtutelivbjornogarden\",\"https:\/\/x.com\/aktivtuteliv\",\"https:\/\/www.instagram.com\/aktivtuteliv_bjornogarden\"]},{\"@type\":\"Person\",\"@id\":\"https:\/\/aktivtuteliv.se\/vasteras\/#\/schema\/person\/5a0d78c114b11725bc522ef122bf00fc\",\"name\":\"perfredin\",\"image\":{\"@type\":\"ImageObject\",\"inLanguage\":\"sv-SE\",\"@id\":\"https:\/\/aktivtuteliv.se\/vasteras\/#\/schema\/person\/image\/\",\"url\":\"https:\/\/secure.gravatar.com\/avatar\/af5dfcbc5c60de90445ac4fc6143ab5e6e5b29e865d803c0ed41f7f05ab2f44e?s=96&d=mm&r=g\",\"contentUrl\":\"https:\/\/secure.gravatar.com\/avatar\/af5dfcbc5c60de90445ac4fc6143ab5e6e5b29e865d803c0ed41f7f05ab2f44e?s=96&d=mm&r=g\",\"caption\":\"perfredin\"},\"url\":\"https:\/\/aktivtuteliv.se\/vasteras\/author\/perfredin\/\"}]}<\/script>\n<!-- \/ Yoast SEO plugin. -->","yoast_head_json":{"title":"De tre vanligaste vallningsmisstagen - V\u00e4ster\u00e5s","robots":{"index":"index","follow":"follow","max-snippet":"max-snippet:-1","max-image-preview":"max-image-preview:large","max-video-preview":"max-video-preview:-1"},"canonical":"https:\/\/aktivtuteliv.se\/vasteras\/de-tre-vanligaste-vallningsmisstagen\/","og_locale":"sv_SE","og_type":"article","og_title":"De tre vanligaste vallningsmisstagen - V\u00e4ster\u00e5s","og_description":"Nu n\u00e4r vintern n\u00e4rmar sig och det snart \u00e4r dags att valla skidorna inf\u00f6r premi\u00e4rturen vill vi flagga f\u00f6r de tre vanligaste misstagen som vi ser att folk g\u00f6r n\u00e4r [&hellip;]","og_url":"https:\/\/aktivtuteliv.se\/vasteras\/de-tre-vanligaste-vallningsmisstagen\/","og_site_name":"V\u00e4ster\u00e5s","article_publisher":"https:\/\/www.facebook.com\/aktivtutelivbjornogarden","article_published_time":"2017-11-21T21:13:36+00:00","article_modified_time":"2025-01-30T09:51:19+00:00","og_image":[{"width":2560,"height":1790,"url":"https:\/\/aktivtuteliv.se\/vasteras\/wp-content\/uploads\/sites\/4\/2017\/11\/valla-skidor.jpg","type":"image\/jpeg"}],"author":"perfredin","twitter_card":"summary_large_image","twitter_creator":"@aktivtuteliv","twitter_site":"@aktivtuteliv","twitter_misc":{"Skriven av":"perfredin","Ber\u00e4knad l\u00e4stid":"2 minuter"},"schema":{"@context":"https:\/\/schema.org","@graph":[{"@type":"Article","@id":"https:\/\/aktivtuteliv.se\/vasteras\/de-tre-vanligaste-vallningsmisstagen\/#article","isPartOf":{"@id":"https:\/\/aktivtuteliv.se\/vasteras\/de-tre-vanligaste-vallningsmisstagen\/"},"author":{"name":"perfredin","@id":"https:\/\/aktivtuteliv.se\/vasteras\/#\/schema\/person\/5a0d78c114b11725bc522ef122bf00fc"},"headline":"De tre vanligaste vallningsmisstagen","datePublished":"2017-11-21T21:13:36+00:00","dateModified":"2025-01-30T09:51:19+00:00","mainEntityOfPage":{"@id":"https:\/\/aktivtuteliv.se\/vasteras\/de-tre-vanligaste-vallningsmisstagen\/"},"wordCount":286,"publisher":{"@id":"https:\/\/aktivtuteliv.se\/vasteras\/#organization"},"image":{"@id":"https:\/\/aktivtuteliv.se\/vasteras\/de-tre-vanligaste-vallningsmisstagen\/#primaryimage"},"thumbnailUrl":"https:\/\/e5gp8rwuod7.exactdn.com\/vasteras\/wp-content\/uploads\/sites\/4\/2017\/11\/valla-skidor.jpg?strip=all&lossy=1&ssl=1","keywords":["glidvalla","glidvalla skidor","sickla skidor","valla skidor","vallamisstag","vallatips"],"articleSection":["2. Tips och guider","L\u00e4ngdskidor"],"inLanguage":"sv-SE"},{"@type":"WebPage","@id":"https:\/\/aktivtuteliv.se\/vasteras\/de-tre-vanligaste-vallningsmisstagen\/","url":"https:\/\/aktivtuteliv.se\/vasteras\/de-tre-vanligaste-vallningsmisstagen\/","name":"De tre vanligaste vallningsmisstagen - V\u00e4ster\u00e5s","isPartOf":{"@id":"https:\/\/aktivtuteliv.se\/vasteras\/#website"},"primaryImageOfPage":{"@id":"https:\/\/aktivtuteliv.se\/vasteras\/de-tre-vanligaste-vallningsmisstagen\/#primaryimage"},"image":{"@id":"https:\/\/aktivtuteliv.se\/vasteras\/de-tre-vanligaste-vallningsmisstagen\/#primaryimage"},"thumbnailUrl":"https:\/\/e5gp8rwuod7.exactdn.com\/vasteras\/wp-content\/uploads\/sites\/4\/2017\/11\/valla-skidor.jpg?strip=all&lossy=1&ssl=1","datePublished":"2017-11-21T21:13:36+00:00","dateModified":"2025-01-30T09:51:19+00:00","breadcrumb":{"@id":"https:\/\/aktivtuteliv.se\/vasteras\/de-tre-vanligaste-vallningsmisstagen\/#breadcrumb"},"inLanguage":"sv-SE","potentialAction":[{"@type":"ReadAction","target":["https:\/\/aktivtuteliv.se\/vasteras\/de-tre-vanligaste-vallningsmisstagen\/"]}]},{"@type":"ImageObject","inLanguage":"sv-SE","@id":"https:\/\/aktivtuteliv.se\/vasteras\/de-tre-vanligaste-vallningsmisstagen\/#primaryimage","url":"https:\/\/e5gp8rwuod7.exactdn.com\/vasteras\/wp-content\/uploads\/sites\/4\/2017\/11\/valla-skidor.jpg?strip=all&lossy=1&ssl=1","contentUrl":"https:\/\/e5gp8rwuod7.exactdn.com\/vasteras\/wp-content\/uploads\/sites\/4\/2017\/11\/valla-skidor.jpg?strip=all&lossy=1&ssl=1","width":2560,"height":1790},{"@type":"BreadcrumbList","@id":"https:\/\/aktivtuteliv.se\/vasteras\/de-tre-vanligaste-vallningsmisstagen\/#breadcrumb","itemListElement":[{"@type":"ListItem","position":1,"name":"Home","item":"https:\/\/aktivtuteliv.se\/vasteras\/"},{"@type":"ListItem","position":2,"name":"De tre vanligaste vallningsmisstagen"}]},{"@type":"WebSite","@id":"https:\/\/aktivtuteliv.se\/vasteras\/#website","url":"https:\/\/aktivtuteliv.se\/vasteras\/","name":"Aktivt Uteliv Bj\u00f6rn\u00f6g\u00e5rden","description":"Ett friluftscenter i V\u00e4ster\u00e5s","publisher":{"@id":"https:\/\/aktivtuteliv.se\/vasteras\/#organization"},"potentialAction":[{"@type":"SearchAction","target":{"@type":"EntryPoint","urlTemplate":"https:\/\/aktivtuteliv.se\/vasteras\/?s={search_term_string}"},"query-input":"required name=search_term_string"}],"inLanguage":"sv-SE"},{"@type":"Organization","@id":"https:\/\/aktivtuteliv.se\/vasteras\/#organization","name":"Aktivt Uteliv Bj\u00f6rn\u00f6g\u00e5rden","url":"https:\/\/aktivtuteliv.se\/vasteras\/","logo":{"@type":"ImageObject","inLanguage":"sv-SE","@id":"https:\/\/aktivtuteliv.se\/vasteras\/#\/schema\/logo\/image\/","url":"https:\/\/e5gp8rwuod7.exactdn.com\/vasteras\/wp-content\/uploads\/sites\/4\/2025\/01\/AUB-pms.png?strip=all&lossy=1&ssl=1","contentUrl":"https:\/\/e5gp8rwuod7.exactdn.com\/vasteras\/wp-content\/uploads\/sites\/4\/2025\/01\/AUB-pms.png?strip=all&lossy=1&ssl=1","width":1894,"height":1165,"caption":"Aktivt Uteliv Bj\u00f6rn\u00f6g\u00e5rden"},"image":{"@id":"https:\/\/aktivtuteliv.se\/vasteras\/#\/schema\/logo\/image\/"},"sameAs":["https:\/\/www.facebook.com\/aktivtutelivbjornogarden","https:\/\/x.com\/aktivtuteliv","https:\/\/www.instagram.com\/aktivtuteliv_bjornogarden"]},{"@type":"Person","@id":"https:\/\/aktivtuteliv.se\/vasteras\/#\/schema\/person\/5a0d78c114b11725bc522ef122bf00fc","name":"perfredin","image":{"@type":"ImageObject","inLanguage":"sv-SE","@id":"https:\/\/aktivtuteliv.se\/vasteras\/#\/schema\/person\/image\/","url":"https:\/\/secure.gravatar.com\/avatar\/af5dfcbc5c60de90445ac4fc6143ab5e6e5b29e865d803c0ed41f7f05ab2f44e?s=96&d=mm&r=g","contentUrl":"https:\/\/secure.gravatar.com\/avatar\/af5dfcbc5c60de90445ac4fc6143ab5e6e5b29e865d803c0ed41f7f05ab2f44e?s=96&d=mm&r=g","caption":"perfredin"},"url":"https:\/\/aktivtuteliv.se\/vasteras\/author\/perfredin\/"}]}},"_links":{"self":[{"href":"https:\/\/aktivtuteliv.se\/vasteras\/wp-json\/wp\/v2\/posts\/53646","targetHints":{"allow":["GET"]}}],"collection":[{"href":"https:\/\/aktivtuteliv.se\/vasteras\/wp-json\/wp\/v2\/posts"}],"about":[{"href":"https:\/\/aktivtuteliv.se\/vasteras\/wp-json\/wp\/v2\/types\/post"}],"author":[{"embeddable":true,"href":"https:\/\/aktivtuteliv.se\/vasteras\/wp-json\/wp\/v2\/users\/83"}],"replies":[{"embeddable":true,"href":"https:\/\/aktivtuteliv.se\/vasteras\/wp-json\/wp\/v2\/comments?post=53646"}],"version-history":[{"count":0,"href":"https:\/\/aktivtuteliv.se\/vasteras\/wp-json\/wp\/v2\/posts\/53646\/revisions"}],"wp:featuredmedia":[{"embeddable":true,"href":"https:\/\/aktivtuteliv.se\/vasteras\/wp-json\/wp\/v2\/media\/77032"}],"wp:attachment":[{"href":"https:\/\/aktivtuteliv.se\/vasteras\/wp-json\/wp\/v2\/media?parent=53646"}],"wp:term":[{"taxonomy":"category","embeddable":true,"href":"https:\/\/aktivtuteliv.se\/vasteras\/wp-json\/wp\/v2\/categories?post=53646"},{"taxonomy":"post_tag","embeddable":true,"href":"https:\/\/aktivtuteliv.se\/vasteras\/wp-json\/wp\/v2\/tags?post=53646"}],"curies":[{"name":"wp","href":"https:\/\/api.w.org\/{rel}","templated":true}]}}