{"id":61351,"date":"2026-02-14T00:01:00","date_gmt":"2026-02-13T23:01:00","guid":{"rendered":"https:\/\/aktivtuteliv.se\/?p=61351"},"modified":"2026-03-05T14:15:50","modified_gmt":"2026-03-05T13:15:50","slug":"israpport","status":"publish","type":"post","link":"https:\/\/aktivtuteliv.se\/vasteras\/israpport\/","title":{"rendered":"Plogad skridskobana i V\u00e4ster\u00e5s"},"content":{"rendered":"\n<h2 class=\"wp-block-heading\"><strong>Israpport f\u00f6r de plogade skridskobanorna p\u00e5 M\u00e4laren<\/strong><\/h2>\n\n\n\n<div style=\"height:10px\" aria-hidden=\"true\" class=\"wp-block-spacer\"><\/div>\n\n\n\n<div class=\"wp-block-buttons is-layout-flex wp-block-buttons-is-layout-flex\">\n<div class=\"wp-block-button\"><a class=\"wp-block-button__link wp-element-button\" href=\"#nummerett\">G\u00e5 direkt till den senaste israpporten<\/a><\/div>\n<\/div>\n\n\n\n<div style=\"height:20px\" aria-hidden=\"true\" class=\"wp-block-spacer\"><\/div>\n\n\n\n<p>Plogad skridskobana i V\u00e4ster\u00e5s. Skridskobanan p\u00e5 M\u00e4laren i V\u00e4ster\u00e5s best\u00e5r av tv\u00e5 delar, den ena delen finns i H\u00e4ssl\u00f6sundet med str\u00e4ckning mot G\u00e4ddeholm och den andra finns ute p\u00e5 V\u00e4ster\u00e5sfj\u00e4rden med str\u00e4ckning in mot V\u00e4ster\u00e5s.<\/p>\n\n\n\n<p>Vi som plogar skridskobanorna och drar skidsp\u00e5r p\u00e5 isen \u00e4r <a href=\"https:\/\/www.facebook.com\/profile.php?id=100064616292607\">V\u00e4ster\u00e5s ideella plogare<\/a> (VIP), d\u00e4r vi fr\u00e5n Aktivt Uteliv \u00e4r medlemmar. VIP \u00e4r en ideell f\u00f6rening vars enda syfte \u00e4r att skapa f\u00f6ruts\u00e4ttningar f\u00f6r v\u00e4ster\u00e5sare att vintersporta ute p\u00e5 isen.<\/p>\n\n\n\n<p>All plogning av skridskobanorna sker ideellt och f\u00f6reningen lever p\u00e5 st\u00f6d fr\u00e5n V\u00e4ster\u00e5s stad och bidrag fr\u00e5n allm\u00e4nheten. Bidragen g\u00e5r oavkortat till underh\u00e5ll och ink\u00f6p av plogutrustning (plogar, borstar och hyvlar).<\/p>\n\n\n\n<p>Om du uppskattar att det finns en plogad skridskobana samt skidsp\u00e5r p\u00e5 isen f\u00e5r du g\u00e4rna visa det genom att Swisha ett bidrag till V\u00e4ster\u00e5s ideella plogare p\u00e5 <strong>123 664 36 88<\/strong>. Tack!<\/p>\n\n\n\n<h3 class=\"wp-block-heading\"><strong>Banstr\u00e4ckning<\/strong><\/h3>\n\n\n\n<p>Skridskobanan i H\u00e4ssl\u00f6sundet str\u00e4cker sig fr\u00e5n Bj\u00f6rn\u00f6bron ned till G\u00e4ddeholm, vilket \u00e4r nio kilometer tur och retur. Du kan kliva p\u00e5 skridskobanan vid Bj\u00f6rn\u00f6brons f\u00e4ste p\u00e5 fastlandssidan, vid bryggorna nedanf\u00f6r Bj\u00f6rn\u00f6g\u00e5rden eller utanf\u00f6r tegelladan vid sm\u00e5b\u00e5tshamnen vid G\u00e4ddeholm.<\/p>\n\n\n\n<p>Ute p\u00e5 fj\u00e4rden str\u00e4cker sig skridskobanan fr\u00e5n Bj\u00f6rn\u00f6bron\/kanothuset via Tegeludden, Framn\u00e4s, \u00d6ster M\u00e4larstrand och Lill\u00e5udden innan den v\u00e4nder och forts\u00e4tter ut p\u00e5 fj\u00e4rden via Hotel Utter Inn, \u00d6stra Holmen och Bj\u00f6rn\u00f6n. Hela varvet \u00e4r vanligtvis ca 10 km. L\u00e4mpliga startplatser \u00e4r: kanothuset, Tegeludden, Framn\u00e4s, Notudden eller Lill\u00e5udden.<\/p>\n\n\n\n<p>Observera att det inte plogas under Bj\u00f6rn\u00f6bron, b\u00e5de p\u00e5 grund av s\u00e4kerhetssk\u00e4l (det \u00e4r alltid svagare is under en bro) och att isen \u00e4r <strong>full av grus<\/strong> d\u00e4r som st\u00e4nker ner fr\u00e5n bron. F\u00f6r att byta mellan banans olika delar m\u00e5ste du g\u00e5 i land vid Bj\u00f6rn\u00f6bron f\u00e4ste och g\u00e5 \u00f6ver v\u00e4gen p\u00e5 fastlandssidan.<\/p>\n\n\n\n<h3 class=\"wp-block-heading\"><strong>S\u00e5 fungerar israpporteringen<\/strong><\/h3>\n\n\n\n<p>H\u00e4r nedanf\u00f6r uppdaterar vi l\u00f6pande statusen f\u00f6r isf\u00f6rh\u00e5llanden och sk\u00f6tsel av skridskobanan, den senaste israpporten ligger alltid h\u00f6gst upp. Vi g\u00f6r endast israpporter n\u00e4r det finns n\u00e5got nytt att rapportera, som att isf\u00f6rh\u00e5llandena har \u00e4ndrat sig eller att vi underh\u00e5llit banan p\u00e5 n\u00e5got s\u00e4tt. Om isf\u00f6rh\u00e5llandena \u00e4r stabila kan statusen f\u00f6r banan f\u00f6rbli of\u00f6r\u00e4ndrad i flera dagar, den senast gjorda israpporten g\u00e4ller d\u00e4rf\u00f6r tillsvidare.<\/p>\n\n\n\n<h3 class=\"wp-block-heading\"><strong>Ansvar och s\u00e4kerhet<\/strong><\/h3>\n\n\n\n<p>Vi sk\u00f6ter banan ideellt och efter b\u00e4sta f\u00f6rm\u00e5ga, men <strong>vi ansvarar inte f\u00f6r din s\u00e4kerhet<\/strong> ute p\u00e5 isen. Det \u00e4r du sj\u00e4lv som ansvarar f\u00f6r din egen s\u00e4kerhet. Det \u00e4r ditt ansvar att du tagit reda p\u00e5 hur f\u00f6rh\u00e5llandena ser ut innan du ger dig ut samt att du har med dig r\u00e4tt s\u00e4kerhetsutrustning utifr\u00e5n det. <\/p>\n\n\n\n<p>Men med det sagt \u00e4r en plogad skridskobana i princip en garanti f\u00f6r att isen \u00e4r s\u00e4ker d\u00e4r, f\u00f6rutsatt att den nyligen blivit plogad och att banan fortfarande \u00e4r i bruk. Vi plogar med en fyrhjuling p\u00e5 cirka 300 kg och beh\u00f6ver minst \u00e5tta centimeter tjock k\u00e4rnis f\u00f6r att den ska h\u00e5lla f\u00f6r fordonet. D\u00e4r den nyligen har k\u00f6rt kan du med andra ord tryggt \u00e5ka skridskor.<\/p>\n\n\n\n<h3 class=\"wp-block-heading\"><strong>Uthyrning, f\u00f6rs\u00e4ljning och slipning av l\u00e5ngf\u00e4rdsskridskor m.m.<\/strong><\/h3>\n\n\n\n<p>V\u00e5r sport- och friluftsbutik p\u00e5 Bj\u00f6rn\u00f6g\u00e5rden har \u00f6ppet alla dagar i veckan hela vintern och ligger 75 meter fr\u00e5n den plogade skridskobanan. H\u00e4r hittar du allt du beh\u00f6ver f\u00f6r att ge dig ut p\u00e5 isen: vi erbjuder b\u00e5de uthyrning, f\u00f6rs\u00e4ljning, kurser och skridskoslipning.<\/p>\n\n\n\n<p><strong>Uthyrning<\/strong><br>I v\u00e5r sport- och friluftsbutik p\u00e5 Bj\u00f6rn\u00f6g\u00e5rden, 75 meter fr\u00e5n isen, kan du hyra <a href=\"https:\/\/aktivtuteliv.se\/vasteras\/produkt-kategori\/skridskor\/uthyrning-skridskor\/\">l\u00e5ngf\u00e4rdsskridskor<\/a>, <a href=\"https:\/\/aktivtuteliv.se\/vasteras\/produkt-kategori\/skridskor\/uthyrning-skridskor\/\">vanliga skridskor<\/a> och sparkar. Hyrpriser hittar du <a href=\"https:\/\/aktivtuteliv.se\/vasteras\/priser\/\">h\u00e4r<\/a>!<\/p>\n\n\n\n<p><strong>F\u00f6rs\u00e4ljning<\/strong><br>Likadan utrustning som vi hyr ut g\u00e5r det \u00e4ven att <a href=\"https:\/\/aktivtuteliv.se\/vasteras\/produkt-kategori\/forsaljning-2\/langfardsskridskor\/\">k\u00f6pa ny<\/a>. P\u00e5 det s\u00e4ttet kan du f\u00f6rst hyra och testa utrustningen. Hyran f\u00e5r du sedan dra av om du k\u00f6per ny utrustning av oss. Det \u00e4r ett bra s\u00e4tt att g\u00f6ra ett tryggt och s\u00e4kert k\u00f6p p\u00e5, f\u00f6r en pj\u00e4xa som k\u00e4nns bra i butiken kan k\u00e4nnas annorlunda efter en timmes \u00e5kning. V\u00e5rt f\u00f6rs\u00e4ljningssortiment hittar du <a href=\"https:\/\/aktivtuteliv.se\/vasteras\/produkt-kategori\/forsaljning-2\/langfardsskridskor\/\">h\u00e4r<\/a>!<\/p>\n\n\n\n<p><strong>Slipning<\/strong><br>Det \u00e4r mycket roligare, och enklare, att \u00e5ka om skridskorna \u00e4r vassa. I anslutning till butiken ligger v\u00e5r skidverkstad d\u00e4r vi \u00e4ven <a href=\"https:\/\/aktivtuteliv.se\/vasteras\/verkstad\/\">slipar alla typer av skridskor<\/a>. Verkstadspriser hittar du <a href=\"https:\/\/aktivtuteliv.se\/vasteras\/verkstad\/\">h\u00e4r<\/a>!<\/p>\n\n\n\n<p><strong>Kurser<\/strong><br>F\u00f6r dig som har \u00e5kt vanliga skridskor men nu vill ta steget \u00f6ver och till att b\u00f6rja \u00e5ka l\u00e5ngf\u00e4rdsskridskor <a href=\"https:\/\/aktivtuteliv.se\/vasteras\/event\/grundkurs-langfardskridskor\/\">arrangerar vi grundkurser<\/a>. Kursen v\u00e4nder sig till dig som \u00e4r nyb\u00f6rjare p\u00e5 l\u00e5ngf\u00e4rdsskridskor, men som&nbsp;kan \u00e5ka vanliga skridskor utan balansproblem, och som vill f\u00e5 tips och r\u00e5d f\u00f6r att komma ig\u00e5ng med l\u00e5ngf\u00e4rdsskridskor p\u00e5 egen hand. Vi ger dig tips, \u00f6vningar och coachning under kursen samtidigt som vi tar dig med ut p\u00e5 skridskobanan i H\u00e4ssl\u00f6sundet.<\/p>\n\n\n\n<h3 class=\"wp-block-heading\"><strong>Skidsp\u00e5r p\u00e5 isen<\/strong><\/h3>\n\n\n\n<p id=\"nummerett\">N\u00e4r f\u00f6rh\u00e5llandena till\u00e5ter drar vi \u00e4ven skidsp\u00e5r p\u00e5 isen intill den plogade skridskobanan. F\u00f6rdelen med att dra skidsp\u00e5r p\u00e5 isen \u00e4r att underlaget inte skadar skidorna \u00e4ven om sn\u00f6t\u00e4cket \u00e4r tunt eller om det blir genomslag p\u00e5 n\u00e5got st\u00e4lle, dessutom \u00e4r det alltid bra stavf\u00e4ste. Statusen f\u00f6r skidsp\u00e5ren uppdateras l\u00f6pande i varje israpport.<\/p>\n\n\n\n<hr class=\"wp-block-separator has-alpha-channel-opacity\"\/>\n\n\n\n<div style=\"height:50px\" aria-hidden=\"true\" class=\"wp-block-spacer\"><\/div>\n\n\n\n<h3 class=\"wp-block-heading\">2026-03-05<\/h3>\n\n\n\n<p><strong>Tidpunkt:<\/strong> 13.00<br><strong>Istjocklek:<\/strong> 20+ cm<br><strong>Iskvalitet:<\/strong> mestadels sl\u00e4t och fin, inslag av bulig is finns<br><strong>Sn\u00f6m\u00e4ngd:<\/strong> 0 cm<br><strong>Status skridskobana:<\/strong> <strong><mark style=\"background-color:rgba(0, 0, 0, 0)\" class=\"has-inline-color has-vivid-red-color\">st\u00e4ngd f\u00f6r s\u00e4songen!<\/mark><\/strong><br><strong>Status skidsp\u00e5r:<\/strong> &#8211;<\/p>\n\n\n\n<figure class=\"wp-block-gallery has-nested-images columns-default is-cropped wp-block-gallery-1 is-layout-flex wp-block-gallery-is-layout-flex\">\n<figure class=\"wp-block-image size-full\"><img loading=\"lazy\" decoding=\"async\" width=\"2560\" height=\"1920\" data-id=\"96193\" src=\"https:\/\/e5gp8rwuod7.exactdn.com\/vasteras\/wp-content\/uploads\/sites\/4\/2026\/02\/2026-03-05-13.45.32.jpg?strip=all&lossy=1&ssl=1\" alt=\"israpport\" class=\"wp-image-96193\" srcset=\"https:\/\/e5gp8rwuod7.exactdn.com\/vasteras\/wp-content\/uploads\/sites\/4\/2026\/02\/2026-03-05-13.45.32.jpg?strip=all&amp;lossy=1&amp;ssl=1 2560w, https:\/\/e5gp8rwuod7.exactdn.com\/vasteras\/wp-content\/uploads\/sites\/4\/2026\/02\/2026-03-05-13.45.32-300x225.jpg?strip=all&amp;lossy=1&amp;ssl=1 300w, https:\/\/e5gp8rwuod7.exactdn.com\/vasteras\/wp-content\/uploads\/sites\/4\/2026\/02\/2026-03-05-13.45.32-1024x768.jpg?strip=all&amp;lossy=1&amp;ssl=1 1024w, https:\/\/e5gp8rwuod7.exactdn.com\/vasteras\/wp-content\/uploads\/sites\/4\/2026\/02\/2026-03-05-13.45.32-768x576.jpg?strip=all&amp;lossy=1&amp;ssl=1 768w, https:\/\/e5gp8rwuod7.exactdn.com\/vasteras\/wp-content\/uploads\/sites\/4\/2026\/02\/2026-03-05-13.45.32-1536x1152.jpg?strip=all&amp;lossy=1&amp;ssl=1 1536w, https:\/\/e5gp8rwuod7.exactdn.com\/vasteras\/wp-content\/uploads\/sites\/4\/2026\/02\/2026-03-05-13.45.32-2048x1536.jpg?strip=all&amp;lossy=1&amp;ssl=1 2048w, https:\/\/e5gp8rwuod7.exactdn.com\/vasteras\/wp-content\/uploads\/sites\/4\/2026\/02\/2026-03-05-13.45.32-469x352.jpg?strip=all&amp;lossy=1&amp;ssl=1 469w, https:\/\/e5gp8rwuod7.exactdn.com\/vasteras\/wp-content\/uploads\/sites\/4\/2026\/02\/2026-03-05-13.45.32-320x240.jpg?strip=all&amp;lossy=1&amp;ssl=1 320w, https:\/\/e5gp8rwuod7.exactdn.com\/vasteras\/wp-content\/uploads\/sites\/4\/2026\/02\/2026-03-05-13.45.32-1920x1440.jpg?strip=all&amp;lossy=1&amp;ssl=1 1920w, https:\/\/e5gp8rwuod7.exactdn.com\/vasteras\/wp-content\/uploads\/sites\/4\/2026\/02\/2026-03-05-13.45.32-600x450.jpg?strip=all&amp;lossy=1&amp;ssl=1 600w, https:\/\/e5gp8rwuod7.exactdn.com\/vasteras\/wp-content\/uploads\/sites\/4\/2026\/02\/2026-03-05-13.45.32.jpg?strip=all&amp;lossy=1&amp;w=384&amp;ssl=1 384w, https:\/\/e5gp8rwuod7.exactdn.com\/vasteras\/wp-content\/uploads\/sites\/4\/2026\/02\/2026-03-05-13.45.32.jpg?strip=all&amp;lossy=1&amp;w=1152&amp;ssl=1 1152w\" sizes=\"auto, (max-width: 1920px) 100vw, 1920px\" \/><\/figure>\n<\/figure>\n\n\n\n<p>Nu \u00e4r v\u00e5ren h\u00e4r och \u00e4ven om vi fortfarande har kalla n\u00e4tter p\u00e5verkas isen snabbt om dagarna n\u00e4r solen skiner och temperaturen stiger. Den kommer snart att anta v\u00e5riskarakt\u00e4r, n\u00e4r den oavsett tjocklek faller s\u00f6nder n\u00e4r den blivit alltf\u00f6r v\u00e4rmep\u00e5verkad.<\/p>\n\n\n\n<p>N\u00e4r det blir v\u00e5ris kan isen vara s\u00e4ker och b\u00e4rkraftig p\u00e5 f\u00f6rmiddagen, efter en kall natt. Men sedan kan den \u00f6verg\u00e5 till att bli svag, och falla s\u00f6nder vid belastning, p\u00e5 bara ett par timmar. D\u00e4rf\u00f6r avvecklas nu skridskobanorna f\u00f6r s\u00e4songen och detta blir d\u00e4rmed den sista officiella israpporten.<\/p>\n\n\n\n<p>Den som har kunskap, r\u00e4tt utrustning och \u00e5ker med s\u00e4llskap kommer att kunna forts\u00e4tta \u00e5ka skridskor ett tag till om det sker p\u00e5 f\u00f6rmiddagen och temperaturen under natten varit gynnsam. Men detta sker naturligtvis, som all skridsko\u00e5kning, helt p\u00e5 eget ansvar!<\/p>\n\n\n\n<p>Denna rapport avser, som alltid, skridskobanorna p\u00e5 M\u00e4laren i V\u00e4ster\u00e5s, ute p\u00e5 fj\u00e4rden och i H\u00e4ssl\u00f6sundet. Hur isl\u00e4get ser ut p\u00e5 andra h\u00e5ll kan inte vi svara p\u00e5.<\/p>\n\n\n\n<p>Tack f\u00f6r denna s\u00e4song!<\/p>\n\n\n\n<div style=\"height:50px\" aria-hidden=\"true\" class=\"wp-block-spacer\"><\/div>\n\n\n\n<h3 class=\"wp-block-heading\">2026-03-02<\/h3>\n\n\n\n<p><strong>Tidpunkt:<\/strong> 09.00<br><strong>Istjocklek:<\/strong> 20+ cm l\u00e4ngs skridskobanans b\u00e5da delar<br><strong>Iskvalitet:<\/strong> mestadels sl\u00e4t och fin, inslag av bulig is finns<br><strong>Sn\u00f6m\u00e4ngd:<\/strong> 0 cm<br><strong>Status skridskobana:<\/strong> 20 km uppm\u00e4rkt skridskobana i H\u00e4ssl\u00f6sundet och p\u00e5 V\u00e4ster\u00e5sfj\u00e4rden<br><strong>Status skidsp\u00e5r:<\/strong> &#8211;<\/p>\n\n\n\n<figure class=\"wp-block-gallery has-nested-images columns-default is-cropped wp-block-gallery-2 is-layout-flex wp-block-gallery-is-layout-flex\">\n<figure class=\"wp-block-image size-full\"><img loading=\"lazy\" decoding=\"async\" width=\"2560\" height=\"1920\" data-id=\"96168\" src=\"https:\/\/e5gp8rwuod7.exactdn.com\/vasteras\/wp-content\/uploads\/sites\/4\/2026\/02\/2026-03-02-08.47.14.jpg?strip=all&lossy=1&ssl=1\" alt=\"\" class=\"wp-image-96168\" srcset=\"https:\/\/e5gp8rwuod7.exactdn.com\/vasteras\/wp-content\/uploads\/sites\/4\/2026\/02\/2026-03-02-08.47.14.jpg?strip=all&amp;lossy=1&amp;ssl=1 2560w, https:\/\/e5gp8rwuod7.exactdn.com\/vasteras\/wp-content\/uploads\/sites\/4\/2026\/02\/2026-03-02-08.47.14-300x225.jpg?strip=all&amp;lossy=1&amp;ssl=1 300w, https:\/\/e5gp8rwuod7.exactdn.com\/vasteras\/wp-content\/uploads\/sites\/4\/2026\/02\/2026-03-02-08.47.14-1024x768.jpg?strip=all&amp;lossy=1&amp;ssl=1 1024w, https:\/\/e5gp8rwuod7.exactdn.com\/vasteras\/wp-content\/uploads\/sites\/4\/2026\/02\/2026-03-02-08.47.14-768x576.jpg?strip=all&amp;lossy=1&amp;ssl=1 768w, https:\/\/e5gp8rwuod7.exactdn.com\/vasteras\/wp-content\/uploads\/sites\/4\/2026\/02\/2026-03-02-08.47.14-1536x1152.jpg?strip=all&amp;lossy=1&amp;ssl=1 1536w, https:\/\/e5gp8rwuod7.exactdn.com\/vasteras\/wp-content\/uploads\/sites\/4\/2026\/02\/2026-03-02-08.47.14-2048x1536.jpg?strip=all&amp;lossy=1&amp;ssl=1 2048w, https:\/\/e5gp8rwuod7.exactdn.com\/vasteras\/wp-content\/uploads\/sites\/4\/2026\/02\/2026-03-02-08.47.14-469x352.jpg?strip=all&amp;lossy=1&amp;ssl=1 469w, https:\/\/e5gp8rwuod7.exactdn.com\/vasteras\/wp-content\/uploads\/sites\/4\/2026\/02\/2026-03-02-08.47.14-320x240.jpg?strip=all&amp;lossy=1&amp;ssl=1 320w, https:\/\/e5gp8rwuod7.exactdn.com\/vasteras\/wp-content\/uploads\/sites\/4\/2026\/02\/2026-03-02-08.47.14-1920x1440.jpg?strip=all&amp;lossy=1&amp;ssl=1 1920w, https:\/\/e5gp8rwuod7.exactdn.com\/vasteras\/wp-content\/uploads\/sites\/4\/2026\/02\/2026-03-02-08.47.14-600x450.jpg?strip=all&amp;lossy=1&amp;ssl=1 600w, https:\/\/e5gp8rwuod7.exactdn.com\/vasteras\/wp-content\/uploads\/sites\/4\/2026\/02\/2026-03-02-08.47.14.jpg?strip=all&amp;lossy=1&amp;w=384&amp;ssl=1 384w, https:\/\/e5gp8rwuod7.exactdn.com\/vasteras\/wp-content\/uploads\/sites\/4\/2026\/02\/2026-03-02-08.47.14.jpg?strip=all&amp;lossy=1&amp;w=1152&amp;ssl=1 1152w\" sizes=\"auto, (max-width: 1920px) 100vw, 1920px\" \/><\/figure>\n<\/figure>\n\n\n\n<p>Ut och njut! Vi har f\u00e5tt vinterns b\u00e4sta skridskof\u00f6rh\u00e5llanden nu.<\/p>\n\n\n\n<p>De som \u00e4r okunniga kommer givetvis att protestera h\u00f6gljutt om att isen \u00e4r livsfarlig eftersom det \u00e4r plusgrader ute. Vi som har koll passar ist\u00e4llet p\u00e5 att njuta av av fin skridsko\u00e5kning i trygga och s\u00e4kra f\u00f6rh\u00e5llanden.<\/p>\n\n\n\n<p>All sn\u00f6 sm\u00e4lte bort i f\u00f6rra veckan och i fredags var det mycket vatten p\u00e5 isen. Men klart v\u00e4der och kalla n\u00e4tter har gjort att vattnet har dunstat bort och ytan frusit ihop, vilket g\u00f6r att det kommer att vara riktigt fin skridsko\u00e5kning <strong>p\u00e5 f\u00f6rmiddagarna<\/strong> denna vecka. Senare p\u00e5 dagen finns det en risk att v\u00e4rmen g\u00f6r isen ytmjuk, d\u00e5 k\u00f6r skenorna fast i isen och det inneb\u00e4r fallrisk.<\/p>\n\n\n\n<p>Trots t\u00f6v\u00e4dret och allt vatten som var p\u00e5 isen har det inte hunnit bli n\u00e5gra slukh\u00e5k. Inte heller har n\u00e5gon av de k\u00e4nda r\u00e5karna hunnit g\u00e5 upp \u00e4n. Nu pratar vi allts\u00e5 om hur det ser ut l\u00e4ngs de plogade skridskobanorna, hur det ser ut p\u00e5 annat h\u00e5ll kan vi inte svara p\u00e5.<\/p>\n\n\n\n<p>Det g\u00e5r att se var plogvallarna l\u00e4ngs banorna har varit, f\u00f6lj dem \u2013 f\u00f6r sl\u00e4tast is \u00e4r det faktiskt d\u00e4r vi har plogat. Nu n\u00e4r isen \u00e4r sn\u00f6fri \u00e4r det l\u00e4tt att se var den \u00e4r bulig\/kn\u00f6lig, f\u00f6r det \u00e4r den fortfarande p\u00e5 sina h\u00e5ll.<\/p>\n\n\n\n<div style=\"height:50px\" aria-hidden=\"true\" class=\"wp-block-spacer\"><\/div>\n\n\n\n<h3 class=\"wp-block-heading\">2026-02-14<\/h3>\n\n\n\n<p><strong>Tidpunkt:<\/strong> &#8211;<br><strong>Istjocklek:<\/strong> 20+ cm l\u00e4ngs skridskobanans b\u00e5da delar<br><strong>Iskvalitet:<\/strong> mestadels sl\u00e4t och fin, inslag av bulig is finns<br><strong>Sn\u00f6m\u00e4ngd:<\/strong> 3-5 cm<br><strong>Status skridskobana:<\/strong> 20 km plogad skridskobana i H\u00e4ssl\u00f6sundet och p\u00e5 V\u00e4ster\u00e5sfj\u00e4rden<br><strong>Status skidsp\u00e5r:<\/strong> Det \u00e4r inte tillr\u00e4ckligt med sn\u00f6 f\u00f6r att dra skidsp\u00e5r<\/p>\n\n\n\n<figure class=\"wp-block-gallery has-nested-images columns-default is-cropped wp-block-gallery-3 is-layout-flex wp-block-gallery-is-layout-flex\">\n<figure class=\"wp-block-image size-full\"><img loading=\"lazy\" decoding=\"async\" width=\"2560\" height=\"1920\" data-id=\"95943\" src=\"https:\/\/e5gp8rwuod7.exactdn.com\/vasteras\/wp-content\/uploads\/sites\/4\/2026\/01\/2026-02-09-10.10.13.jpg?strip=all&lossy=1&ssl=1\" alt=\"\" class=\"wp-image-95943\" srcset=\"https:\/\/e5gp8rwuod7.exactdn.com\/vasteras\/wp-content\/uploads\/sites\/4\/2026\/01\/2026-02-09-10.10.13.jpg?strip=all&amp;lossy=1&amp;ssl=1 2560w, https:\/\/e5gp8rwuod7.exactdn.com\/vasteras\/wp-content\/uploads\/sites\/4\/2026\/01\/2026-02-09-10.10.13-300x225.jpg?strip=all&amp;lossy=1&amp;ssl=1 300w, https:\/\/e5gp8rwuod7.exactdn.com\/vasteras\/wp-content\/uploads\/sites\/4\/2026\/01\/2026-02-09-10.10.13-1024x768.jpg?strip=all&amp;lossy=1&amp;ssl=1 1024w, https:\/\/e5gp8rwuod7.exactdn.com\/vasteras\/wp-content\/uploads\/sites\/4\/2026\/01\/2026-02-09-10.10.13-768x576.jpg?strip=all&amp;lossy=1&amp;ssl=1 768w, https:\/\/e5gp8rwuod7.exactdn.com\/vasteras\/wp-content\/uploads\/sites\/4\/2026\/01\/2026-02-09-10.10.13-1536x1152.jpg?strip=all&amp;lossy=1&amp;ssl=1 1536w, https:\/\/e5gp8rwuod7.exactdn.com\/vasteras\/wp-content\/uploads\/sites\/4\/2026\/01\/2026-02-09-10.10.13-2048x1536.jpg?strip=all&amp;lossy=1&amp;ssl=1 2048w, https:\/\/e5gp8rwuod7.exactdn.com\/vasteras\/wp-content\/uploads\/sites\/4\/2026\/01\/2026-02-09-10.10.13-469x352.jpg?strip=all&amp;lossy=1&amp;ssl=1 469w, https:\/\/e5gp8rwuod7.exactdn.com\/vasteras\/wp-content\/uploads\/sites\/4\/2026\/01\/2026-02-09-10.10.13-320x240.jpg?strip=all&amp;lossy=1&amp;ssl=1 320w, https:\/\/e5gp8rwuod7.exactdn.com\/vasteras\/wp-content\/uploads\/sites\/4\/2026\/01\/2026-02-09-10.10.13-1920x1440.jpg?strip=all&amp;lossy=1&amp;ssl=1 1920w, https:\/\/e5gp8rwuod7.exactdn.com\/vasteras\/wp-content\/uploads\/sites\/4\/2026\/01\/2026-02-09-10.10.13-600x450.jpg?strip=all&amp;lossy=1&amp;ssl=1 600w, https:\/\/e5gp8rwuod7.exactdn.com\/vasteras\/wp-content\/uploads\/sites\/4\/2026\/01\/2026-02-09-10.10.13.jpg?strip=all&amp;lossy=1&amp;w=384&amp;ssl=1 384w, https:\/\/e5gp8rwuod7.exactdn.com\/vasteras\/wp-content\/uploads\/sites\/4\/2026\/01\/2026-02-09-10.10.13.jpg?strip=all&amp;lossy=1&amp;w=1152&amp;ssl=1 1152w\" sizes=\"auto, (max-width: 1920px) 100vw, 1920px\" \/><\/figure>\n<\/figure>\n\n\n\n<p>H\u00e4r kommer en kort israpport bara f\u00f6r att p\u00e5minna om vilka fantastiska skridskof\u00f6rh\u00e5llanden vi har just nu: det finns 20 km nyplogade\/nysopade skridskobanor p\u00e5 M\u00e4laren i V\u00e4ster\u00e5s.<\/p>\n\n\n\n<p>Egentligen \u00e4r rapporten helt on\u00f6digt, f\u00f6r det har inte h\u00e4nt n\u00e5gonting de senaste tv\u00e5 veckorna som p\u00e5verkat iskvaliteten, vare sig i positiv eller negativ riktning. Isen v\u00e4xer sj\u00e4lvklart och blir tjockare, men \u00e5kytan, kvaliteten p\u00e5 isen \u00e4r helt of\u00f6r\u00e4ndrat sedan den senaste rapporten.<\/p>\n\n\n\n<p>B\u00e4st is (j\u00e4mnast\/sl\u00e4tast) \u00e4r det l\u00e4ngs \u00d6sterm\u00e4larstrand och i H\u00e4ssl\u00f6sundet fram till Bj\u00f6rn\u00f6halsen. \u00d6vriga str\u00e4ckor har inslag av bulig\/kn\u00f6lig is i olika omfattning.<\/p>\n\n\n\n<p>Det finns fortfarande inga skidsp\u00e5r p\u00e5 isen, f\u00f6r det finns inte tillr\u00e4ckligt med sn\u00f6 f\u00f6r att dra sp\u00e5r. 3-5 cm kall pudersn\u00f6 g\u00e5r det inte att g\u00f6ra skidsp\u00e5r av.<\/p>\n\n\n\n<div style=\"height:50px\" aria-hidden=\"true\" class=\"wp-block-spacer\"><\/div>\n\n\n\n<h3 class=\"wp-block-heading\">2026-01-28<\/h3>\n\n\n\n<p><strong>Tidpunkt:<\/strong> kl. 08.00<br><strong>Istjocklek:<\/strong> 10-20 cm l\u00e4ngs skridskobanans b\u00e5da delar<br><strong>Iskvalitet:<\/strong> mestadels sl\u00e4t och fin, inslag av bulig is finns<br><strong>Sn\u00f6m\u00e4ngd:<\/strong> 3-5 cm<br><strong>Status skridskobana:<\/strong> 20 km plogad skridskobana i H\u00e4ssl\u00f6sundet och p\u00e5 V\u00e4ster\u00e5sfj\u00e4rden<br><strong>Status skidsp\u00e5r:<\/strong> Det \u00e4r inte tillr\u00e4ckligt med sn\u00f6 f\u00f6r att dra sp\u00e5r<\/p>\n\n\n\n<figure class=\"wp-block-gallery has-nested-images columns-default is-cropped wp-block-gallery-4 is-layout-flex wp-block-gallery-is-layout-flex\">\n<figure class=\"wp-block-image size-full\"><img loading=\"lazy\" decoding=\"async\" width=\"2560\" height=\"1920\" data-id=\"95681\" src=\"https:\/\/e5gp8rwuod7.exactdn.com\/vasteras\/wp-content\/uploads\/sites\/4\/2025\/12\/2026-01-27-14.28.30.jpg?strip=all&lossy=1&ssl=1\" alt=\"\" class=\"wp-image-95681\" srcset=\"https:\/\/e5gp8rwuod7.exactdn.com\/vasteras\/wp-content\/uploads\/sites\/4\/2025\/12\/2026-01-27-14.28.30.jpg?strip=all&amp;lossy=1&amp;ssl=1 2560w, https:\/\/e5gp8rwuod7.exactdn.com\/vasteras\/wp-content\/uploads\/sites\/4\/2025\/12\/2026-01-27-14.28.30-300x225.jpg?strip=all&amp;lossy=1&amp;ssl=1 300w, https:\/\/e5gp8rwuod7.exactdn.com\/vasteras\/wp-content\/uploads\/sites\/4\/2025\/12\/2026-01-27-14.28.30-1024x768.jpg?strip=all&amp;lossy=1&amp;ssl=1 1024w, https:\/\/e5gp8rwuod7.exactdn.com\/vasteras\/wp-content\/uploads\/sites\/4\/2025\/12\/2026-01-27-14.28.30-768x576.jpg?strip=all&amp;lossy=1&amp;ssl=1 768w, https:\/\/e5gp8rwuod7.exactdn.com\/vasteras\/wp-content\/uploads\/sites\/4\/2025\/12\/2026-01-27-14.28.30-1536x1152.jpg?strip=all&amp;lossy=1&amp;ssl=1 1536w, https:\/\/e5gp8rwuod7.exactdn.com\/vasteras\/wp-content\/uploads\/sites\/4\/2025\/12\/2026-01-27-14.28.30-2048x1536.jpg?strip=all&amp;lossy=1&amp;ssl=1 2048w, https:\/\/e5gp8rwuod7.exactdn.com\/vasteras\/wp-content\/uploads\/sites\/4\/2025\/12\/2026-01-27-14.28.30-469x352.jpg?strip=all&amp;lossy=1&amp;ssl=1 469w, https:\/\/e5gp8rwuod7.exactdn.com\/vasteras\/wp-content\/uploads\/sites\/4\/2025\/12\/2026-01-27-14.28.30-320x240.jpg?strip=all&amp;lossy=1&amp;ssl=1 320w, https:\/\/e5gp8rwuod7.exactdn.com\/vasteras\/wp-content\/uploads\/sites\/4\/2025\/12\/2026-01-27-14.28.30-1920x1440.jpg?strip=all&amp;lossy=1&amp;ssl=1 1920w, https:\/\/e5gp8rwuod7.exactdn.com\/vasteras\/wp-content\/uploads\/sites\/4\/2025\/12\/2026-01-27-14.28.30-600x450.jpg?strip=all&amp;lossy=1&amp;ssl=1 600w, https:\/\/e5gp8rwuod7.exactdn.com\/vasteras\/wp-content\/uploads\/sites\/4\/2025\/12\/2026-01-27-14.28.30.jpg?strip=all&amp;lossy=1&amp;w=384&amp;ssl=1 384w, https:\/\/e5gp8rwuod7.exactdn.com\/vasteras\/wp-content\/uploads\/sites\/4\/2025\/12\/2026-01-27-14.28.30.jpg?strip=all&amp;lossy=1&amp;w=1152&amp;ssl=1 1152w\" sizes=\"auto, (max-width: 1920px) 100vw, 1920px\" \/><\/figure>\n<\/figure>\n\n\n\n<p>Nu finns det 20 km plogade skridskobanor i V\u00e4ster\u00e5s. Banan best\u00e5r av tv\u00e5 delar: en del ute p\u00e5 V\u00e4ster\u00e5sfj\u00e4rden och en del inne i H\u00e4ssl\u00f6sundet. Ut och njut, det ser ut att bli fantastiskt skridskov\u00e4der till helgen!<\/p>\n\n\n\n<p>Ute p\u00e5 V\u00e4ster\u00e5sfj\u00e4rden \u00e4r det en rundbana som str\u00e4cker sig fr\u00e5n Bj\u00f6rn\u00f6bron via Tegeludden, Framn\u00e4s, \u00d6sterm\u00e4larstrand, Lill\u00e5udden, Hotell Utter Inn, \u00d6stra Holmen, Bj\u00f6rn\u00f6n och tillbaka till Bj\u00f6rn\u00f6bron.<\/p>\n\n\n\n<p>I H\u00e4ssl\u00f6sundet str\u00e4cker sig banan fr\u00e5n Bj\u00f6rn\u00f6bron hela v\u00e4gen ner till hundbadet vid G\u00e4ddeholm som ligger p\u00e5 insidan av sm\u00e5b\u00e5tshamnen, fr\u00e5n sundet sett.<br><br>Isen har en h\u00e5rd \u00e5kyta och \u00e4r mestadels sl\u00e4t och fin. Men det finns partier d\u00e4r isen \u00e4r bulig\/kn\u00f6lig samt ett st\u00e4lle i H\u00e4ssl\u00f6sundet, i h\u00f6jd med Bj\u00f6rn\u00f6borg, d\u00e4r isen \u00e4r riktigt skrovlig. Men den \u00e4r j\u00e4mn b\u00e5de f\u00f6re och efter det partiet, s\u00e5 det \u00e4r v\u00e4rt att forts\u00e4tta f\u00f6rbi det.<\/p>\n\n\n\n<p>Isen \u00e4r 10-20 cm tjock l\u00e4ngs hela banstr\u00e4ckningen och nu n\u00e4r banan \u00e4r plogad kommer det att v\u00e4xa kontinuerligt. Utanf\u00f6r banorna kan isl\u00e4get se betydligt s\u00e4mre ut och d\u00e4r sker inte heller samma tillv\u00e4xt eftersom det \u00e4r sn\u00f6 p\u00e5 isen.<\/p>\n\n\n\n<p>Just nu ser det inte ut att komma n\u00e5gon nederb\u00f6rd i n\u00e4rtid och d\u00e4rf\u00f6r kommer statusen f\u00f6r banorna att vara of\u00f6r\u00e4ndrad, det kan d\u00e4rf\u00f6r dr\u00f6ja innan det kommer en ny israpport. Senaste israpport g\u00e4ller alltid och utifr\u00e5n vad som st\u00e5r i den \u00e4r det fritt fram att \u00e5ka.<\/p>\n\n\n\n<p>Det finns inga skidsp\u00e5r p\u00e5 isen \u00e4nnu, f\u00f6r det finns inte tillr\u00e4ckligt med sn\u00f6 till att dra sp\u00e5r. 3-5 cm pudersn\u00f6 g\u00e5r det inte att g\u00f6ra skidsp\u00e5r av.<\/p>\n\n\n\n<div style=\"height:50px\" aria-hidden=\"true\" class=\"wp-block-spacer\"><\/div>\n\n\n\n<h3 class=\"wp-block-heading\">2026-01-23<\/h3>\n\n\n\n<p><strong>Tidpunkt:<\/strong> kl. 09.00<br><strong>Istjocklek:<\/strong> 1-8 cm i H\u00e4ssl\u00f6sundet, ca 10 cm l\u00e4ngs banan p\u00e5 V\u00e4ster\u00e5sfj\u00e4rden<br><strong>Iskvalitet:<\/strong> ej b\u00e4rig sn\u00f6is i H\u00e4ssl\u00f6sundet, fin skridskois p\u00e5 V\u00e4ster\u00e5sfj\u00e4rden<br><strong>Sn\u00f6m\u00e4ngd:<\/strong> 0-2 cm<br><strong>Status skridskobana:<\/strong> Markerad bana 5 km fr\u00e5n Bj\u00f6rn\u00f6bron till Lill\u00e5udden<br><strong>Status skidsp\u00e5r:<\/strong> &#8211;<\/p>\n\n\n\n<figure class=\"wp-block-gallery has-nested-images columns-default is-cropped wp-block-gallery-5 is-layout-flex wp-block-gallery-is-layout-flex\">\n<figure class=\"wp-block-image size-full\"><img loading=\"lazy\" decoding=\"async\" width=\"2125\" height=\"2560\" data-id=\"95600\" src=\"https:\/\/e5gp8rwuod7.exactdn.com\/vasteras\/wp-content\/uploads\/sites\/4\/2025\/12\/Hasslosundet-2026-01-22-scaled.jpg?strip=all&lossy=1&ssl=1\" alt=\"\" class=\"wp-image-95600\" srcset=\"https:\/\/e5gp8rwuod7.exactdn.com\/vasteras\/wp-content\/uploads\/sites\/4\/2025\/12\/Hasslosundet-2026-01-22-scaled.jpg?strip=all&amp;lossy=1&amp;ssl=1 2125w, https:\/\/e5gp8rwuod7.exactdn.com\/vasteras\/wp-content\/uploads\/sites\/4\/2025\/12\/Hasslosundet-2026-01-22-249x300.jpg?strip=all&amp;lossy=1&amp;ssl=1 249w, https:\/\/e5gp8rwuod7.exactdn.com\/vasteras\/wp-content\/uploads\/sites\/4\/2025\/12\/Hasslosundet-2026-01-22-850x1024.jpg?strip=all&amp;lossy=1&amp;ssl=1 850w, https:\/\/e5gp8rwuod7.exactdn.com\/vasteras\/wp-content\/uploads\/sites\/4\/2025\/12\/Hasslosundet-2026-01-22-768x925.jpg?strip=all&amp;lossy=1&amp;ssl=1 768w, https:\/\/e5gp8rwuod7.exactdn.com\/vasteras\/wp-content\/uploads\/sites\/4\/2025\/12\/Hasslosundet-2026-01-22-1275x1536.jpg?strip=all&amp;lossy=1&amp;ssl=1 1275w, https:\/\/e5gp8rwuod7.exactdn.com\/vasteras\/wp-content\/uploads\/sites\/4\/2025\/12\/Hasslosundet-2026-01-22-1700x2048.jpg?strip=all&amp;lossy=1&amp;ssl=1 1700w, https:\/\/e5gp8rwuod7.exactdn.com\/vasteras\/wp-content\/uploads\/sites\/4\/2025\/12\/Hasslosundet-2026-01-22-292x352.jpg?strip=all&amp;lossy=1&amp;ssl=1 292w, https:\/\/e5gp8rwuod7.exactdn.com\/vasteras\/wp-content\/uploads\/sites\/4\/2025\/12\/Hasslosundet-2026-01-22-199x240.jpg?strip=all&amp;lossy=1&amp;ssl=1 199w, https:\/\/e5gp8rwuod7.exactdn.com\/vasteras\/wp-content\/uploads\/sites\/4\/2025\/12\/Hasslosundet-2026-01-22-1920x2313.jpg?strip=all&amp;lossy=1&amp;ssl=1 1920w, https:\/\/e5gp8rwuod7.exactdn.com\/vasteras\/wp-content\/uploads\/sites\/4\/2025\/12\/Hasslosundet-2026-01-22-600x723.jpg?strip=all&amp;lossy=1&amp;ssl=1 600w, https:\/\/e5gp8rwuod7.exactdn.com\/vasteras\/wp-content\/uploads\/sites\/4\/2025\/12\/Hasslosundet-2026-01-22-scaled.jpg?strip=all&amp;lossy=1&amp;w=384&amp;ssl=1 384w, https:\/\/e5gp8rwuod7.exactdn.com\/vasteras\/wp-content\/uploads\/sites\/4\/2025\/12\/Hasslosundet-2026-01-22-scaled.jpg?strip=all&amp;lossy=1&amp;w=1152&amp;ssl=1 1152w, https:\/\/e5gp8rwuod7.exactdn.com\/vasteras\/wp-content\/uploads\/sites\/4\/2025\/12\/Hasslosundet-2026-01-22-scaled.jpg?strip=all&amp;lossy=1&amp;w=1536&amp;ssl=1 1536w\" sizes=\"auto, (max-width: 1920px) 100vw, 1920px\" \/><\/figure>\n<\/figure>\n\n\n\n<p>Nu finns det en uppm\u00e4rkt skridskobana l\u00e4ngs \u00d6sterm\u00e4larstrand, men isen i <strong>H\u00e4ssl\u00f6sundet \u00e4r EJ \u00e5kbar!<\/strong><br><br>Isen i H\u00e4ssl\u00f6sundet best\u00e5r av sn\u00f6is, en blandning av nedsm\u00e4lt sn\u00f6 och tidigare is. Denna \u00e4r tyv\u00e4rr inte b\u00e4rig i nul\u00e4get.<\/p>\n\n\n\n<p>P\u00e5 V\u00e4ster\u00e5sfj\u00e4rden finns en 5 km l\u00e5ng uppm\u00e4rkt bana fr\u00e5n Bj\u00f6rn\u00f6bron till Lill\u00e5udden.<br>Det g\u00e5r att kliva p\u00e5 vid Lill\u00e5udden, Notudden, Framn\u00e4s och Bj\u00f6rn\u00f6bron och banan \u00e4r uppm\u00e4rkt med bambupinnar.<\/p>\n\n\n\n<p>Isen \u00e4r b\u00e4rig om man h\u00e5ller sig l\u00e4ngs den markerade banan och bambupinnarna. Observera att isen kan vara os\u00e4ker bredvid banan.<br><\/p>\n\n\n\n<figure class=\"wp-block-image size-full\"><img loading=\"lazy\" decoding=\"async\" width=\"422\" height=\"479\" src=\"https:\/\/e5gp8rwuod7.exactdn.com\/vasteras\/wp-content\/uploads\/sites\/4\/2025\/12\/Skridskobanan-Vasterasfjarden-2026-01-22.jpg?strip=all&lossy=1&ssl=1\" alt=\"\" class=\"wp-image-95601\" srcset=\"https:\/\/e5gp8rwuod7.exactdn.com\/vasteras\/wp-content\/uploads\/sites\/4\/2025\/12\/Skridskobanan-Vasterasfjarden-2026-01-22.jpg?strip=all&amp;lossy=1&amp;ssl=1 422w, https:\/\/e5gp8rwuod7.exactdn.com\/vasteras\/wp-content\/uploads\/sites\/4\/2025\/12\/Skridskobanan-Vasterasfjarden-2026-01-22-264x300.jpg?strip=all&amp;lossy=1&amp;ssl=1 264w, https:\/\/e5gp8rwuod7.exactdn.com\/vasteras\/wp-content\/uploads\/sites\/4\/2025\/12\/Skridskobanan-Vasterasfjarden-2026-01-22-310x352.jpg?strip=all&amp;lossy=1&amp;ssl=1 310w, https:\/\/e5gp8rwuod7.exactdn.com\/vasteras\/wp-content\/uploads\/sites\/4\/2025\/12\/Skridskobanan-Vasterasfjarden-2026-01-22-211x240.jpg?strip=all&amp;lossy=1&amp;ssl=1 211w\" sizes=\"auto, (max-width: 422px) 100vw, 422px\" \/><\/figure>\n\n\n\n<p>Du kan hyra l\u00e5ngf\u00e4rdsskridskor i v\u00e5r sport- och friluftsbutik p\u00e5 Bj\u00f6rn\u00f6g\u00e5rden och promenera ner till Kanothuset vid Bj\u00f6rn\u00f6bron f\u00f6r att kliva p\u00e5 skridskobanan d\u00e4r.<br><br>Butiken och Caf\u00e9et har \u00f6ppet som vanligt i helgen kl. 10.00-16.00.<\/p>\n\n\n\n<div style=\"height:50px\" aria-hidden=\"true\" class=\"wp-block-spacer\"><\/div>\n\n\n\n<h3 class=\"wp-block-heading\">2026-01-12<\/h3>\n\n\n\n<p><strong>Tidpunkt:<\/strong> kl. 09.00<br><strong>Istjocklek:<\/strong> 1-8 cm<br><strong>Iskvalitet:<\/strong> sn\u00f6t\u00e4ckt st\u00f6pis i H\u00e4ssl\u00f6sundet. Sn\u00f6t\u00e4ckt tunn k\u00e4rnis ute p\u00e5 fj\u00e4rden<br><strong>Sn\u00f6m\u00e4ngd:<\/strong> 20-30 cm<br><strong>Status skridskobana:<\/strong> &#8211;<br><strong>Status skidsp\u00e5r:<\/strong> &#8211;<\/p>\n\n\n\n<figure class=\"wp-block-image size-full\"><img loading=\"lazy\" decoding=\"async\" width=\"2560\" height=\"1920\" src=\"https:\/\/e5gp8rwuod7.exactdn.com\/vasteras\/wp-content\/uploads\/sites\/4\/2022\/12\/2022-12-09-08.56.14.jpg?strip=all&lossy=1&ssl=1\" alt=\"israpport\" class=\"wp-image-61359\" srcset=\"https:\/\/e5gp8rwuod7.exactdn.com\/vasteras\/wp-content\/uploads\/sites\/4\/2022\/12\/2022-12-09-08.56.14.jpg?strip=all&amp;lossy=1&amp;ssl=1 2560w, https:\/\/e5gp8rwuod7.exactdn.com\/vasteras\/wp-content\/uploads\/sites\/4\/2022\/12\/2022-12-09-08.56.14-300x225.jpg?strip=all&amp;lossy=1&amp;ssl=1 300w, https:\/\/e5gp8rwuod7.exactdn.com\/vasteras\/wp-content\/uploads\/sites\/4\/2022\/12\/2022-12-09-08.56.14-1024x768.jpg?strip=all&amp;lossy=1&amp;ssl=1 1024w, https:\/\/e5gp8rwuod7.exactdn.com\/vasteras\/wp-content\/uploads\/sites\/4\/2022\/12\/2022-12-09-08.56.14-768x576.jpg?strip=all&amp;lossy=1&amp;ssl=1 768w, https:\/\/e5gp8rwuod7.exactdn.com\/vasteras\/wp-content\/uploads\/sites\/4\/2022\/12\/2022-12-09-08.56.14-1536x1152.jpg?strip=all&amp;lossy=1&amp;ssl=1 1536w, https:\/\/e5gp8rwuod7.exactdn.com\/vasteras\/wp-content\/uploads\/sites\/4\/2022\/12\/2022-12-09-08.56.14-2048x1536.jpg?strip=all&amp;lossy=1&amp;ssl=1 2048w, https:\/\/e5gp8rwuod7.exactdn.com\/vasteras\/wp-content\/uploads\/sites\/4\/2022\/12\/2022-12-09-08.56.14-469x352.jpg?strip=all&amp;lossy=1&amp;ssl=1 469w, https:\/\/e5gp8rwuod7.exactdn.com\/vasteras\/wp-content\/uploads\/sites\/4\/2022\/12\/2022-12-09-08.56.14-320x240.jpg?strip=all&amp;lossy=1&amp;ssl=1 320w, https:\/\/e5gp8rwuod7.exactdn.com\/vasteras\/wp-content\/uploads\/sites\/4\/2022\/12\/2022-12-09-08.56.14-1920x1440.jpg?strip=all&amp;lossy=1&amp;ssl=1 1920w, https:\/\/e5gp8rwuod7.exactdn.com\/vasteras\/wp-content\/uploads\/sites\/4\/2022\/12\/2022-12-09-08.56.14-600x450.jpg?strip=all&amp;lossy=1&amp;ssl=1 600w, https:\/\/e5gp8rwuod7.exactdn.com\/vasteras\/wp-content\/uploads\/sites\/4\/2022\/12\/2022-12-09-08.56.14.jpg?strip=all&amp;lossy=1&amp;w=384&amp;ssl=1 384w, https:\/\/e5gp8rwuod7.exactdn.com\/vasteras\/wp-content\/uploads\/sites\/4\/2022\/12\/2022-12-09-08.56.14.jpg?strip=all&amp;lossy=1&amp;w=1152&amp;ssl=1 1152w\" sizes=\"auto, (max-width: 1920px) 100vw, 1920px\" \/><\/figure>\n\n\n\n<p>Nu n\u00e4r det har varit kallt s\u00e5 l\u00e4nge g\u00e5r det v\u00e4l att \u00e5ka skridskor!? Den fr\u00e5gan\/p\u00e5st\u00e5endet f\u00e5r vi h\u00f6ra dagligen, men svaret \u00e4r nej!<\/p>\n\n\n\n<p>Nej, det g\u00e5r inte att \u00e5ka skridskor p\u00e5 V\u00e4ster\u00e5sfj\u00e4rden. <strong>Det finns ingen plogad skridskobana f\u00f6r isen \u00e4r f\u00f6r tunn att k\u00f6ra fyrhjuling p\u00e5.<\/strong> <strong>Den kan till och med vara f\u00f6r tunn att betr\u00e4da i \u00f6verhuvudtaget och vi betraktar den som mycket os\u00e4ker.<\/strong><\/p>\n\n\n\n<p>I och med att olika delar fr\u00f6s vid olika tillf\u00e4llen skiljer sig tjockleken p\u00e5 isen v\u00e4ldigt mycket \u00e5t. P\u00e5 ett st\u00e4lle kan den h\u00e5lla att g\u00e5 p\u00e5, men 100 meter l\u00e4ngre bort kan den vara s\u00e5 pass svag att den brister. Eftersom det ligger sn\u00f6 p\u00e5 isen g\u00e5r det inte att se dessa skiftningar.<\/p>\n\n\n\n<p>Att det ligger sn\u00f6 p\u00e5 isen \u00e4r orsaken till att isen inte v\u00e4xer och blir tjock och s\u00e4ker, trots kylan. Isen h\u00e4mmar istillv\u00e4xten helt och h\u00e5llet. I vissa fall kan isen till och med bli tunnare, allts\u00e5 att den sm\u00e4lter, n\u00e4r det ligger sn\u00f6 p\u00e5 den.<\/p>\n\n\n\n<p>Trots detta ser vi folk som \u00e4r ute och g\u00e5r eller \u00e5ker skidor p\u00e5 isen och det avr\u00e5der vi best\u00e4mt fr\u00e5n. S\u00e4rskilt om du inte har en ispik med dig som du kan kontrollera isens tjocklek med.<\/p>\n\n\n\n<p>Tyv\u00e4rr skulle det beh\u00f6vas ett ordentligt t\u00f6v\u00e4der s\u00e5 att sn\u00f6n sm\u00e4lter, och att det sedan blir kallt s\u00e5 att isen f\u00e5r frysa till igen, f\u00f6r att det ska bli m\u00f6jligt att g\u00f6ra en skridskobana.<\/p>\n\n\n\n<div style=\"height:50px\" aria-hidden=\"true\" class=\"wp-block-spacer\"><\/div>\n\n\n\n<h3 class=\"wp-block-heading\">2026-01-05<\/h3>\n\n\n\n<p><strong>Tidpunkt:<\/strong> kl. 09.30<br><strong>Istjocklek:<\/strong> 3-4 cm<br><strong>Iskvalitet:<\/strong> por\u00f6s och sn\u00f6blandad i H\u00e4ssl\u00f6sundet. Blank, men tunn k\u00e4rnis ute p\u00e5 fj\u00e4rden<br><strong>Sn\u00f6m\u00e4ngd:<\/strong> fl\u00e4ckvis i H\u00e4ssl\u00f6sundet 1-5 cm<br><strong>Status skridskobana:<\/strong> &#8211;<br><strong>Status skidsp\u00e5r:<\/strong> &#8211;<\/p>\n\n\n\n<figure class=\"wp-block-image size-full\"><img loading=\"lazy\" decoding=\"async\" width=\"2560\" height=\"1920\" src=\"https:\/\/e5gp8rwuod7.exactdn.com\/vasteras\/wp-content\/uploads\/sites\/4\/2025\/12\/2026-01-05-09.41.21.jpg?strip=all&lossy=1&ssl=1\" alt=\"israpport 1\/5\" class=\"wp-image-95258\" srcset=\"https:\/\/e5gp8rwuod7.exactdn.com\/vasteras\/wp-content\/uploads\/sites\/4\/2025\/12\/2026-01-05-09.41.21.jpg?strip=all&amp;lossy=1&amp;ssl=1 2560w, https:\/\/e5gp8rwuod7.exactdn.com\/vasteras\/wp-content\/uploads\/sites\/4\/2025\/12\/2026-01-05-09.41.21-300x225.jpg?strip=all&amp;lossy=1&amp;ssl=1 300w, https:\/\/e5gp8rwuod7.exactdn.com\/vasteras\/wp-content\/uploads\/sites\/4\/2025\/12\/2026-01-05-09.41.21-1024x768.jpg?strip=all&amp;lossy=1&amp;ssl=1 1024w, https:\/\/e5gp8rwuod7.exactdn.com\/vasteras\/wp-content\/uploads\/sites\/4\/2025\/12\/2026-01-05-09.41.21-768x576.jpg?strip=all&amp;lossy=1&amp;ssl=1 768w, https:\/\/e5gp8rwuod7.exactdn.com\/vasteras\/wp-content\/uploads\/sites\/4\/2025\/12\/2026-01-05-09.41.21-1536x1152.jpg?strip=all&amp;lossy=1&amp;ssl=1 1536w, https:\/\/e5gp8rwuod7.exactdn.com\/vasteras\/wp-content\/uploads\/sites\/4\/2025\/12\/2026-01-05-09.41.21-2048x1536.jpg?strip=all&amp;lossy=1&amp;ssl=1 2048w, https:\/\/e5gp8rwuod7.exactdn.com\/vasteras\/wp-content\/uploads\/sites\/4\/2025\/12\/2026-01-05-09.41.21-469x352.jpg?strip=all&amp;lossy=1&amp;ssl=1 469w, https:\/\/e5gp8rwuod7.exactdn.com\/vasteras\/wp-content\/uploads\/sites\/4\/2025\/12\/2026-01-05-09.41.21-320x240.jpg?strip=all&amp;lossy=1&amp;ssl=1 320w, https:\/\/e5gp8rwuod7.exactdn.com\/vasteras\/wp-content\/uploads\/sites\/4\/2025\/12\/2026-01-05-09.41.21-1920x1440.jpg?strip=all&amp;lossy=1&amp;ssl=1 1920w, https:\/\/e5gp8rwuod7.exactdn.com\/vasteras\/wp-content\/uploads\/sites\/4\/2025\/12\/2026-01-05-09.41.21-600x450.jpg?strip=all&amp;lossy=1&amp;ssl=1 600w, https:\/\/e5gp8rwuod7.exactdn.com\/vasteras\/wp-content\/uploads\/sites\/4\/2025\/12\/2026-01-05-09.41.21.jpg?strip=all&amp;lossy=1&amp;w=384&amp;ssl=1 384w, https:\/\/e5gp8rwuod7.exactdn.com\/vasteras\/wp-content\/uploads\/sites\/4\/2025\/12\/2026-01-05-09.41.21.jpg?strip=all&amp;lossy=1&amp;w=1152&amp;ssl=1 1152w\" sizes=\"auto, (max-width: 1920px) 100vw, 1920px\" \/><\/figure>\n\n\n\n<p>Vilken vinter vi har f\u00e5tt! Men trots ih\u00e5llande kyla har v\u00e4dret tyv\u00e4rr inte varit gynnsamt f\u00f6r istillv\u00e4xten. Vi har haft tv\u00e5 problem med isl\u00e4ggningen:<\/p>\n\n\n\n<p><strong>1.<\/strong> Den h\u00e5rda bl\u00e5sten har h\u00e5llit V\u00e4ster\u00e5sfj\u00e4rden \u00f6ppen. F\u00f6rst i helgen b\u00f6rjade den frysa till och l\u00e4gga sig. Men bitvis \u00e4r det fortfarande \u00f6ppet vatten. Isen p\u00e5 fj\u00e4rden \u00e4r allts\u00e5 v\u00e4ldigt os\u00e4ker \u00e4n s\u00e5 l\u00e4nge.<\/p>\n\n\n\n<p><strong>2.<\/strong> D\u00e4r det \u00e4r vindskyddat, som i H\u00e4ssl\u00f6sundet, har isen lagt sig. Men den har gjort det samtidigt som det sn\u00f6at. Det inneb\u00e4r att det inte finns n\u00e5gon fin, genomfrusen k\u00e4rnis. Utan ist\u00e4llet \u00e4r det en por\u00f6s och sn\u00f6blandad is som inte alls \u00e4r s\u00e4rskilt stark.<\/p>\n\n\n\n<p><strong>Det finns med andra ord ingen \u00e5kbar skridskois p\u00e5 M\u00e4laren runt V\u00e4ster\u00e5s \u00e4n s\u00e5 l\u00e4nge. \u00c5tminstone inte som det g\u00e5r att m\u00e4rka upp en skridskobana p\u00e5 just nu.<\/strong><\/p>\n\n\n\n<p>D\u00e4remot kanske du ser skridsko\u00e5kare ge sig ut p\u00e5 fj\u00e4rden, det \u00e4r m\u00f6jligt att det g\u00e5r om du har f\u00f6rberett dig p\u00e5 risken att du kan g\u00e5 igenom isen. Du ska inte ge dig ut och \u00e5ka bara f\u00f6r att du ser att andra \u00e4r ute och \u00e5ker. F\u00f6r en del erfarna skridsko\u00e5kare h\u00f6r det till att g\u00e5 igenom isen ibland, det \u00e4r ingen stor sak f\u00f6r dem eftersom de \u00e4r f\u00f6rberedda p\u00e5 det b\u00e5de kunskapsm\u00e4ssigt och i utrustningsv\u00e4g. Men f\u00f6r n\u00e5gon annan som inte har den kunskapen och utrustningen inneb\u00e4r samma situation en livsfara!<\/p>\n\n\n\n<p>Tyv\u00e4rr l\u00e4r det inte g\u00e5 att m\u00e4rka upp n\u00e5gon skridskobana i n\u00e4rtid, f\u00f6r det ska komma mer sn\u00f6 de n\u00e4rmaste dagarna. Sn\u00f6 p\u00e5 isen inneb\u00e4r att den inte v\u00e4xer n\u00e5gonting alls, oavsett hur kallt det \u00e4r.<\/p>\n\n\n\n<p>Ta fram l\u00e4ngdskidorna ist\u00e4llet och passa p\u00e5 att \u00e5ka nu n\u00e4r det <a href=\"https:\/\/aktivtuteliv.se\/vasteras\/guide-skidspar-i-vasteras\/\">finns fina skidsp\u00e5r<\/a> \u00f6verallt<\/p>\n\n\n\n<div style=\"height:50px\" aria-hidden=\"true\" class=\"wp-block-spacer\"><\/div>\n\n\n\n<h3 class=\"wp-block-heading\">2025-12-04<\/h3>\n\n\n\n<p><strong>Tidpunkt:<\/strong> kl. 09.30<br><strong>Istjocklek:<\/strong> \u00f6ppet vatten<br><strong>Iskvalitet:<\/strong> &#8211;<br><strong>Sn\u00f6m\u00e4ngd:<\/strong> &#8211;<br><strong>Status skridskobana:<\/strong> &#8211;<br><strong>Status skidsp\u00e5r:<\/strong> &#8211;<\/p>\n\n\n\n<figure class=\"wp-block-image size-full\"><img loading=\"lazy\" decoding=\"async\" width=\"2560\" height=\"1920\" src=\"https:\/\/e5gp8rwuod7.exactdn.com\/vasteras\/wp-content\/uploads\/sites\/4\/2025\/01\/2025-11-25-08.21.00.jpg?strip=all&lossy=1&ssl=1\" alt=\"\" class=\"wp-image-94751\" srcset=\"https:\/\/e5gp8rwuod7.exactdn.com\/vasteras\/wp-content\/uploads\/sites\/4\/2025\/01\/2025-11-25-08.21.00.jpg?strip=all&amp;lossy=1&amp;ssl=1 2560w, https:\/\/e5gp8rwuod7.exactdn.com\/vasteras\/wp-content\/uploads\/sites\/4\/2025\/01\/2025-11-25-08.21.00-300x225.jpg?strip=all&amp;lossy=1&amp;ssl=1 300w, https:\/\/e5gp8rwuod7.exactdn.com\/vasteras\/wp-content\/uploads\/sites\/4\/2025\/01\/2025-11-25-08.21.00-1024x768.jpg?strip=all&amp;lossy=1&amp;ssl=1 1024w, https:\/\/e5gp8rwuod7.exactdn.com\/vasteras\/wp-content\/uploads\/sites\/4\/2025\/01\/2025-11-25-08.21.00-768x576.jpg?strip=all&amp;lossy=1&amp;ssl=1 768w, https:\/\/e5gp8rwuod7.exactdn.com\/vasteras\/wp-content\/uploads\/sites\/4\/2025\/01\/2025-11-25-08.21.00-1536x1152.jpg?strip=all&amp;lossy=1&amp;ssl=1 1536w, https:\/\/e5gp8rwuod7.exactdn.com\/vasteras\/wp-content\/uploads\/sites\/4\/2025\/01\/2025-11-25-08.21.00-2048x1536.jpg?strip=all&amp;lossy=1&amp;ssl=1 2048w, https:\/\/e5gp8rwuod7.exactdn.com\/vasteras\/wp-content\/uploads\/sites\/4\/2025\/01\/2025-11-25-08.21.00-469x352.jpg?strip=all&amp;lossy=1&amp;ssl=1 469w, https:\/\/e5gp8rwuod7.exactdn.com\/vasteras\/wp-content\/uploads\/sites\/4\/2025\/01\/2025-11-25-08.21.00-320x240.jpg?strip=all&amp;lossy=1&amp;ssl=1 320w, https:\/\/e5gp8rwuod7.exactdn.com\/vasteras\/wp-content\/uploads\/sites\/4\/2025\/01\/2025-11-25-08.21.00-1920x1440.jpg?strip=all&amp;lossy=1&amp;ssl=1 1920w, https:\/\/e5gp8rwuod7.exactdn.com\/vasteras\/wp-content\/uploads\/sites\/4\/2025\/01\/2025-11-25-08.21.00-600x450.jpg?strip=all&amp;lossy=1&amp;ssl=1 600w, https:\/\/e5gp8rwuod7.exactdn.com\/vasteras\/wp-content\/uploads\/sites\/4\/2025\/01\/2025-11-25-08.21.00.jpg?strip=all&amp;lossy=1&amp;w=384&amp;ssl=1 384w, https:\/\/e5gp8rwuod7.exactdn.com\/vasteras\/wp-content\/uploads\/sites\/4\/2025\/01\/2025-11-25-08.21.00.jpg?strip=all&amp;lossy=1&amp;w=1152&amp;ssl=1 1152w\" sizes=\"auto, (max-width: 1920px) 100vw, 1920px\" \/><\/figure>\n\n\n\n<p>S\u00e5 h\u00e4r s\u00e5g det ut i H\u00e4ssl\u00f6sundet f\u00f6r <strong>tv\u00e5 veckor sedan<\/strong> \u2014 den f\u00f6rsta isen hade b\u00f6rjat l\u00e4gga sig och vi hade f\u00f6rhoppningar om att kunna ta en premi\u00e4rtur!<\/p>\n\n\n\n<p>Men sedan dess har det varit milt och nu \u00e4r det \u00f6ppet vatten igen.<\/p>\n\n\n\n<p>Anledningen att vi \u00e4nd\u00e5 g\u00f6r en &#8221;israpport&#8221; \u00e4r f\u00f6r att f\u00f6rmedla lite hopp i detta deprimerande och gr\u00e5mulna v\u00e4der. Att H\u00e4ssl\u00f6sundet fr\u00f6s till f\u00f6r tv\u00e5 veckor sedan inneb\u00e4r att vattnet \u00e4r tillr\u00e4ckligt kallt f\u00f6r att isen snabbt ska l\u00e4gga sig p\u00e5 nytt!<\/p>\n\n\n\n<p>Vi h\u00e5ller tummarna f\u00f6r att det snart blir kallt igen och att det d\u00e5 kan bli \u00e5kbar skridskois.<\/p>\n\n\n\n<div style=\"height:50px\" aria-hidden=\"true\" class=\"wp-block-spacer\"><\/div>\n\n\n\n<h3 class=\"wp-block-heading\">2025-01-22<\/h3>\n\n\n\n<p><strong>Tidpunkt:<\/strong> kl. 16.45<br><strong>Istjocklek:<\/strong> 0-10 cm<br><strong>Iskvalitet:<\/strong> banan \u00e4r nu inplockad eftersom det finns alldeles f\u00f6r mycket svag is i anslutning till banan<br><strong>Sn\u00f6m\u00e4ngd:<\/strong> 0 cm.<br><strong>Status skridskobana:<\/strong> avst\u00e4ngd, ej \u00e5kbar.<br><strong>Status skidsp\u00e5r:<\/strong> &#8211;<\/p>\n\n\n\n<figure class=\"wp-block-image size-full\"><img decoding=\"async\" src=\"https:\/\/e5gp8rwuod7.exactdn.com\/wp-content\/uploads\/2025\/01\/image.png?strip=all&lossy=1&w=1920&ssl=1\" alt=\"\" class=\"wp-image-61758\"\/><\/figure>\n\n\n\n<p>Tyv\u00e4rr har det milda v\u00e4dret p\u00e5verkat isen mycket negativt och vi tillsammans med <a href=\"https:\/\/www.facebook.com\/people\/Skridskobana-p%C3%A5-V%C3%A4ster%C3%A5sfj%C3%A4rden\/100064616292607\/\">V\u00e4ster\u00e5s ideella plogare<\/a> har tagit beslutet att st\u00e4nga av hela skridskobanan, b\u00e5de delen ute p\u00e5 fj\u00e4rden och delen i H\u00e4ssl\u00f6sundet. Detta sker f\u00f6r att isen blivit svag i n\u00e4ra anslutning till banan p\u00e5 mycket kort tid. Isen har g\u00e5tt fr\u00e5n mycket b\u00e4rig till att delvis bli st\u00f6pis och det har bildats en hel del stora slukh\u00e5l.<\/p>\n\n\n\n<p>Enligt prognoserna tror vi inte att banorna \u00e4r \u00e5kbara de n\u00e4rmsta tre veckorna tyv\u00e4rr. Vi kommer sj\u00e4lvklart att uppdatera h\u00e4r och p\u00e5 sociala medier om vi har m\u00f6jlighet att \u00f6ppna skridskobanan igen.<\/p>\n\n\n\n<p>Vi h\u00e5ller tummar och t\u00e5r f\u00f6r att vi f\u00e5r \u00e5ter kyla s\u00e5 att ni kan njuta av mer skridsko\u00e5kning innan v\u00e5ren \u00e4r h\u00e4r!<\/p>\n\n\n\n<div style=\"height:50px\" aria-hidden=\"true\" class=\"wp-block-spacer\"><\/div>\n\n\n\n<h3 class=\"wp-block-heading\">2025-01-17<\/h3>\n\n\n\n<p><strong>Tidpunkt:<\/strong> kl. 16.00<br><strong>Istjocklek:<\/strong> ca 12 cm<br><strong>Iskvalitet:<\/strong> bra, mestadels h\u00e5rd och sl\u00e4t.<br><strong>Sn\u00f6m\u00e4ngd:<\/strong> 0 cm.<br><strong>Status skridskobana:<\/strong> \u00e5kbar, f\u00f6lj markeringarna.<br><strong>Status skidsp\u00e5r:<\/strong> det finns ingen sn\u00f6.<\/p>\n\n\n\n<figure class=\"wp-block-image size-full\"><img loading=\"lazy\" decoding=\"async\" width=\"2560\" height=\"1790\" src=\"https:\/\/e5gp8rwuod7.exactdn.com\/vasteras\/wp-content\/uploads\/sites\/4\/2025\/01\/2025-01-17-15.47.03.jpg?strip=all&lossy=1&ssl=1\" alt=\"\" class=\"wp-image-76848\" srcset=\"https:\/\/e5gp8rwuod7.exactdn.com\/vasteras\/wp-content\/uploads\/sites\/4\/2025\/01\/2025-01-17-15.47.03.jpg?strip=all&amp;lossy=1&amp;ssl=1 2560w, https:\/\/e5gp8rwuod7.exactdn.com\/vasteras\/wp-content\/uploads\/sites\/4\/2025\/01\/2025-01-17-15.47.03-300x210.jpg?strip=all&amp;lossy=1&amp;ssl=1 300w, https:\/\/e5gp8rwuod7.exactdn.com\/vasteras\/wp-content\/uploads\/sites\/4\/2025\/01\/2025-01-17-15.47.03-1024x716.jpg?strip=all&amp;lossy=1&amp;ssl=1 1024w, https:\/\/e5gp8rwuod7.exactdn.com\/vasteras\/wp-content\/uploads\/sites\/4\/2025\/01\/2025-01-17-15.47.03-768x537.jpg?strip=all&amp;lossy=1&amp;ssl=1 768w, https:\/\/e5gp8rwuod7.exactdn.com\/vasteras\/wp-content\/uploads\/sites\/4\/2025\/01\/2025-01-17-15.47.03-1536x1074.jpg?strip=all&amp;lossy=1&amp;ssl=1 1536w, https:\/\/e5gp8rwuod7.exactdn.com\/vasteras\/wp-content\/uploads\/sites\/4\/2025\/01\/2025-01-17-15.47.03-2048x1432.jpg?strip=all&amp;lossy=1&amp;ssl=1 2048w, https:\/\/e5gp8rwuod7.exactdn.com\/vasteras\/wp-content\/uploads\/sites\/4\/2025\/01\/2025-01-17-15.47.03-503x352.jpg?strip=all&amp;lossy=1&amp;ssl=1 503w, https:\/\/e5gp8rwuod7.exactdn.com\/vasteras\/wp-content\/uploads\/sites\/4\/2025\/01\/2025-01-17-15.47.03-343x240.jpg?strip=all&amp;lossy=1&amp;ssl=1 343w, https:\/\/e5gp8rwuod7.exactdn.com\/vasteras\/wp-content\/uploads\/sites\/4\/2025\/01\/2025-01-17-15.47.03-1920x1343.jpg?strip=all&amp;lossy=1&amp;ssl=1 1920w, https:\/\/e5gp8rwuod7.exactdn.com\/vasteras\/wp-content\/uploads\/sites\/4\/2025\/01\/2025-01-17-15.47.03-600x420.jpg?strip=all&amp;lossy=1&amp;ssl=1 600w, https:\/\/e5gp8rwuod7.exactdn.com\/vasteras\/wp-content\/uploads\/sites\/4\/2025\/01\/2025-01-17-15.47.03.jpg?strip=all&amp;lossy=1&amp;w=1152&amp;ssl=1 1152w\" sizes=\"auto, (max-width: 1920px) 100vw, 1920px\" \/><\/figure>\n\n\n\n<p>Isl\u00e4get ser f\u00f6rv\u00e5nansv\u00e4rt bra ut inf\u00f6r helgen! Det milda v\u00e4dret i veckan har givetvis f\u00e5tt all sn\u00f6 p\u00e5 isen att sm\u00e4lta. Men det mesta av vattnet har hunnit rinna undan eller dunsta bort under veckan. Resultatet \u00e4r en l\u00e4tt fuktig is som mestadels \u00e4r h\u00e5rd och blank.<\/p>\n\n\n\n<p>Som alltid n\u00e4r det t\u00f6ar och blir vatten p\u00e5 isen s\u00e5 blir den alldeles blankpolerad och bjuder p\u00e5 riktigt fin \u00e5kning. Detta avser sj\u00e4lva banan, bredvid d\u00e4r det tidigare har legat sn\u00f6 \u00e4r isen s\u00e4mre. P\u00e5 vissa st\u00e4llen mjuk och por\u00f6s samt ganska oj\u00e4mn. B\u00e4st \u00e5kning l\u00e4r det vara l\u00f6rdag och s\u00f6ndag f\u00f6rmiddag eftersom n\u00e4tterna ser ut att bli relativt kalla.<\/p>\n\n\n\n<p>T\u00f6v\u00e4dret har inte f\u00e5tt isen att tunna ur s\u00e4rskilt mycket, utan det \u00e4r fortfarande s\u00e4kert att \u00e5ka skridskor l\u00e4ngs den uppm\u00e4rkta skridskobanan. D\u00e4remot b\u00f6r du inte l\u00e4mna den uppm\u00e4rkta banan, isen kan vara mycket os\u00e4ker p\u00e5 andra h\u00e5ll!<\/p>\n\n\n\n<p>Se upp f\u00f6r slukh\u00e5l, allts\u00e5 mindre h\u00e5l i isen, det \u00e4r snubbelrisk om du fastnar med skridskon i ett. Detta g\u00e4ller \u00e4ven sj\u00e4lva skridskobanan.<\/p>\n\n\n\n<p>Skidsp\u00e5ren har givetvis f\u00f6rsvunnit och i helgen \u00e4r det d\u00e4rf\u00f6r skridskor eller spark som g\u00e4ller. Vi har \u00f6ppet kl. 10-16 hela helgen om du vill hyra det. V\u00e4lkommen!<\/p>\n\n\n\n<div style=\"height:50px\" aria-hidden=\"true\" class=\"wp-block-spacer\"><\/div>\n\n\n\n<h3 class=\"wp-block-heading\">2025-01-11<\/h3>\n\n\n\n<p><strong>Tidpunkt:<\/strong> kl. 08.30<br><strong>Istjocklek:<\/strong> 10-20 cm<br><strong>Iskvalitet:<\/strong> bra, mestadels h\u00e5rd och sl\u00e4t.<br><strong>Sn\u00f6m\u00e4ngd:<\/strong> 15 cm.<br><strong>Status skridskobana:<\/strong> plogad b\u00e5de 9\/ och 10\/1 samt p\u00e5g\u00e5ende just nu.<br><strong>Status skidsp\u00e5r:<\/strong> skidsp\u00e5r l\u00e4ngs hela skridskobanan.<\/p>\n\n\n\n<figure class=\"wp-block-image size-full\"><img decoding=\"async\" src=\"https:\/\/e5gp8rwuod7.exactdn.com\/vasteras\/wp-content\/uploads\/sites\/4\/2025\/01\/2025-01-12-11.09.28.jpg?strip=all&lossy=1&w=1920&ssl=1\" alt=\"\" class=\"wp-image-61750\"\/><\/figure>\n\n\n\n<p>Det ser ut att bli en fantastisk skridskohelg! Skridskobanans b\u00e5da delar, H\u00e4ssl\u00f6sundet och V\u00e4ster\u00e5sfj\u00e4rden, har plogats b\u00e5de i torsdags och ig\u00e5r och banan bjuder p\u00e5 fin skridsko\u00e5kning. Bitvis har det bl\u00e5st in mycket sn\u00f6 p\u00e5 banan, men den \u00e4r framkomlig och plogningen forts\u00e4tter nu p\u00e5 f\u00f6rmiddagen.<\/p>\n\n\n\n<p>Om du hellre vill \u00e5ka skidor p\u00e5 isen s\u00e5 finns det skidsp\u00e5r bredvid skridskobanan. De \u00e4r f\u00f6rmodligen helt sn\u00f6fyllda men borde g\u00e5 att \u00e5ka i \u00e4nd\u00e5 i v\u00e4ntan p\u00e5 att nya <a><\/a>sp\u00e5r blir dragna.<\/p>\n\n\n\n<p>Vi har \u00f6ppet hela helgen kl. 10-16 och hyr ut b\u00e5de l\u00e5ngf\u00e4rdsskridskor och sparkar. Vi har \u00e4ven ett stort utbud av l\u00e5ngf\u00e4rdsskridskor och tillbeh\u00f6r f\u00f6r dig som vill k\u00f6pa egen utrustning. Hyr, testa och k\u00f6p.<\/p>\n\n\n\n<p>Om du uppskattar att kunna \u00e5ka skridskor och skidor p\u00e5 isen s\u00e5 st\u00f6tta g\u00e4rna V\u00e4ster\u00e5s ideella plogare som g\u00f6r det m\u00f6jligt genom att swisha ett bidrag till 123 664 36 88.<\/p>\n\n\n\n<div style=\"height:50px\" aria-hidden=\"true\" class=\"wp-block-spacer\"><\/div>\n\n\n\n<h3 class=\"wp-block-heading\">2025-01-07<\/h3>\n\n\n\n<p><strong>Tidpunkt:<\/strong> kl. 08.00<br><strong>Istjocklek:<\/strong> minst 10 cm<br><strong>Iskvalitet:<\/strong> mycket bra, h\u00e5rd, sl\u00e4t och blank.<br><strong>Sn\u00f6m\u00e4ngd:<\/strong> 15 cm.<br><strong>Status skridskobana:<\/strong> uppm\u00e4rkt men oplogad.<br><strong>Status skidsp\u00e5r:<\/strong> inga skidsp\u00e5r dragna \u00e4nnu.<\/p>\n\n\n\n<figure class=\"wp-block-image size-full\"><img loading=\"lazy\" decoding=\"async\" width=\"2560\" height=\"1790\" src=\"https:\/\/e5gp8rwuod7.exactdn.com\/vasteras\/wp-content\/uploads\/sites\/4\/2023\/11\/2025-01-06-11.55.36.jpg?strip=all&lossy=1&ssl=1\" alt=\"\" class=\"wp-image-61747\" srcset=\"https:\/\/e5gp8rwuod7.exactdn.com\/vasteras\/wp-content\/uploads\/sites\/4\/2023\/11\/2025-01-06-11.55.36.jpg?strip=all&amp;lossy=1&amp;ssl=1 2560w, https:\/\/e5gp8rwuod7.exactdn.com\/vasteras\/wp-content\/uploads\/sites\/4\/2023\/11\/2025-01-06-11.55.36-300x210.jpg?strip=all&amp;lossy=1&amp;ssl=1 300w, https:\/\/e5gp8rwuod7.exactdn.com\/vasteras\/wp-content\/uploads\/sites\/4\/2023\/11\/2025-01-06-11.55.36-1024x716.jpg?strip=all&amp;lossy=1&amp;ssl=1 1024w, https:\/\/e5gp8rwuod7.exactdn.com\/vasteras\/wp-content\/uploads\/sites\/4\/2023\/11\/2025-01-06-11.55.36-768x537.jpg?strip=all&amp;lossy=1&amp;ssl=1 768w, https:\/\/e5gp8rwuod7.exactdn.com\/vasteras\/wp-content\/uploads\/sites\/4\/2023\/11\/2025-01-06-11.55.36-1536x1074.jpg?strip=all&amp;lossy=1&amp;ssl=1 1536w, https:\/\/e5gp8rwuod7.exactdn.com\/vasteras\/wp-content\/uploads\/sites\/4\/2023\/11\/2025-01-06-11.55.36-2048x1432.jpg?strip=all&amp;lossy=1&amp;ssl=1 2048w, https:\/\/e5gp8rwuod7.exactdn.com\/vasteras\/wp-content\/uploads\/sites\/4\/2023\/11\/2025-01-06-11.55.36-503x352.jpg?strip=all&amp;lossy=1&amp;ssl=1 503w, https:\/\/e5gp8rwuod7.exactdn.com\/vasteras\/wp-content\/uploads\/sites\/4\/2023\/11\/2025-01-06-11.55.36-343x240.jpg?strip=all&amp;lossy=1&amp;ssl=1 343w, https:\/\/e5gp8rwuod7.exactdn.com\/vasteras\/wp-content\/uploads\/sites\/4\/2023\/11\/2025-01-06-11.55.36-1920x1343.jpg?strip=all&amp;lossy=1&amp;ssl=1 1920w, https:\/\/e5gp8rwuod7.exactdn.com\/vasteras\/wp-content\/uploads\/sites\/4\/2023\/11\/2025-01-06-11.55.36-600x420.jpg?strip=all&amp;lossy=1&amp;ssl=1 600w, https:\/\/e5gp8rwuod7.exactdn.com\/vasteras\/wp-content\/uploads\/sites\/4\/2023\/11\/2025-01-06-11.55.36.jpg?strip=all&amp;lossy=1&amp;w=1152&amp;ssl=1 1152w\" sizes=\"auto, (max-width: 1920px) 100vw, 1920px\" \/><\/figure>\n\n\n\n<p>Tack vare de senaste dagarnas kyla har isen, p\u00e5 bara n\u00e5gra dagar, b\u00e5de hunnit l\u00e4gga sig p\u00e5 M\u00e4laren och bli s\u00e5 stark att det nu finns en uppm\u00e4rkt skridskobana!<\/p>\n\n\n\n<p>Med tv\u00e5siffriga minusgrader och klart v\u00e4der har istillv\u00e4xten varit maximal under helgen. Det har bildats sl\u00e4t och fin k\u00e4rnis som till ytan \u00e4r alldeles blank. De som hann med och \u00e5ka i s\u00f6ndags eller ig\u00e5r m\u00e5ndag fick en mycket fin tur p\u00e5 sn\u00f6fri is.<\/p>\n\n\n\n<p>Den uppm\u00e4rkta skridskobanan best\u00e5r av tv\u00e5 delar: den ena g\u00e5r fr\u00e5n Bj\u00f6rn\u00f6bron till G\u00e4ddeholm och den andra str\u00e4cker sig runt V\u00e4ster\u00e5sfj\u00e4rden (Bj\u00f6rn\u00f6bron, Framn\u00e4s, Lill\u00e5udden, \u00d6stra holmen och tillbaka till Bj\u00f6rn\u00f6n). Det \u00e4r ca 9 km tur och retur i sundet och ca 10 km varvet runt ute p\u00e5 fj\u00e4rden.<\/p>\n\n\n\n<p>Att skridskobanan \u00e4r uppm\u00e4rkt betyder att den \u00e4r kontrollerad och har tillr\u00e4ckligt god b\u00e4righet f\u00f6r att vi ska kunna k\u00f6ra fyrhjuling p\u00e5 den. All sn\u00f6 som faller kommer d\u00e4rf\u00f6r att kunna plogas bort fram\u00f6ver. Observera att detta endast g\u00e4ller den uppm\u00e4rkta banan. Det finns svagare is i n\u00e4ra anslutning till banan och om du l\u00e4mnar markeringarna finns det en risk att du kan g\u00e5 igenom isen!<\/p>\n\n\n\n<p>En nyhet denna s\u00e4song \u00e4r att vi som plogar fr\u00e5n Bj\u00f6rn\u00f6g\u00e5rden blivit medlemmar i V\u00e4ster\u00e5s ideella plogare (VIP), den f\u00f6rening som sk\u00f6tt skridskobanan ute p\u00e5 fj\u00e4rden. VIP kommer d\u00e4rf\u00f6r sk\u00f6ta om och ploga b\u00e5da skridskobanorna samt dra skidsp\u00e5r p\u00e5 isen.<\/p>\n\n\n\n<p>Ni som velat st\u00f6tta oss genom \u00e5ren genom att swisha ett bidrag som tack f\u00f6r att vi plogat f\u00e5r nu rikta er tacksamhet till V\u00e4ster\u00e5s ideella plogare ist\u00e4llet. All plogning av skridskobanorna sker ideellt och bidragen g\u00e5r oavkortat till underh\u00e5ll och ink\u00f6p av plogutrustning (plogar, borstar och hyvlar).<\/p>\n\n\n\n<p>Swisha ett bidrag till V\u00e4ster\u00e5s ideella plogare p\u00e5 123 664 36 88. Tack!<\/p>\n\n\n\n<div style=\"height:50px\" aria-hidden=\"true\" class=\"wp-block-spacer\"><\/div>\n\n\n\n<h3 class=\"wp-block-heading\">2024-03-01<\/h3>\n\n\n\n<p><strong>Tidpunkt:<\/strong> kl. 08.20<br><strong>Istjocklek:<\/strong> ca 20 cm<br><strong>Iskvalitet:<\/strong> bitvis ytmjuk, landl\u00f6s och med allt fler slukh\u00e5l.<br><strong>Sn\u00f6m\u00e4ngd:<\/strong> 0 cm.<br><strong>Status skridskobana:<\/strong> st\u00e4ngd f\u00f6r s\u00e4songen.<br><strong>Status skidsp\u00e5r:<\/strong> &#8211;<\/p>\n\n\n\n<figure class=\"wp-block-image size-full\"><img loading=\"lazy\" decoding=\"async\" width=\"2560\" height=\"1920\" src=\"https:\/\/e5gp8rwuod7.exactdn.com\/vasteras\/wp-content\/uploads\/sites\/4\/2023\/11\/2024-03-01-08.14.31.jpg?strip=all&lossy=1&ssl=1\" alt=\"\" class=\"wp-image-61645\" srcset=\"https:\/\/e5gp8rwuod7.exactdn.com\/vasteras\/wp-content\/uploads\/sites\/4\/2023\/11\/2024-03-01-08.14.31.jpg?strip=all&amp;lossy=1&amp;ssl=1 2560w, https:\/\/e5gp8rwuod7.exactdn.com\/vasteras\/wp-content\/uploads\/sites\/4\/2023\/11\/2024-03-01-08.14.31-300x225.jpg?strip=all&amp;lossy=1&amp;ssl=1 300w, https:\/\/e5gp8rwuod7.exactdn.com\/vasteras\/wp-content\/uploads\/sites\/4\/2023\/11\/2024-03-01-08.14.31-1024x768.jpg?strip=all&amp;lossy=1&amp;ssl=1 1024w, https:\/\/e5gp8rwuod7.exactdn.com\/vasteras\/wp-content\/uploads\/sites\/4\/2023\/11\/2024-03-01-08.14.31-768x576.jpg?strip=all&amp;lossy=1&amp;ssl=1 768w, https:\/\/e5gp8rwuod7.exactdn.com\/vasteras\/wp-content\/uploads\/sites\/4\/2023\/11\/2024-03-01-08.14.31-1536x1152.jpg?strip=all&amp;lossy=1&amp;ssl=1 1536w, https:\/\/e5gp8rwuod7.exactdn.com\/vasteras\/wp-content\/uploads\/sites\/4\/2023\/11\/2024-03-01-08.14.31-2048x1536.jpg?strip=all&amp;lossy=1&amp;ssl=1 2048w, https:\/\/e5gp8rwuod7.exactdn.com\/vasteras\/wp-content\/uploads\/sites\/4\/2023\/11\/2024-03-01-08.14.31-469x352.jpg?strip=all&amp;lossy=1&amp;ssl=1 469w, https:\/\/e5gp8rwuod7.exactdn.com\/vasteras\/wp-content\/uploads\/sites\/4\/2023\/11\/2024-03-01-08.14.31-320x240.jpg?strip=all&amp;lossy=1&amp;ssl=1 320w, https:\/\/e5gp8rwuod7.exactdn.com\/vasteras\/wp-content\/uploads\/sites\/4\/2023\/11\/2024-03-01-08.14.31-1920x1440.jpg?strip=all&amp;lossy=1&amp;ssl=1 1920w, https:\/\/e5gp8rwuod7.exactdn.com\/vasteras\/wp-content\/uploads\/sites\/4\/2023\/11\/2024-03-01-08.14.31-600x450.jpg?strip=all&amp;lossy=1&amp;ssl=1 600w, https:\/\/e5gp8rwuod7.exactdn.com\/vasteras\/wp-content\/uploads\/sites\/4\/2023\/11\/2024-03-01-08.14.31.jpg?strip=all&amp;lossy=1&amp;w=384&amp;ssl=1 384w, https:\/\/e5gp8rwuod7.exactdn.com\/vasteras\/wp-content\/uploads\/sites\/4\/2023\/11\/2024-03-01-08.14.31.jpg?strip=all&amp;lossy=1&amp;w=1152&amp;ssl=1 1152w\" sizes=\"auto, (max-width: 1920px) 100vw, 1920px\" \/><\/figure>\n\n\n\n<p>\u00c4ven om isen fortfarande \u00e4r tjock och b\u00e4rkraftig i H\u00e4ssl\u00f6sundet har det milda v\u00e4dret gjort den ytmjuk. Det inneb\u00e4r att skridskoskenorna sk\u00e4r ner i isen. I b\u00e4sta fall g\u00e5r det bara tungt att \u00e5ka, i s\u00e4msta fall sk\u00e4r de fast s\u00e5 att du ramlar omkull.<\/p>\n\n\n\n<p>\u00c4ven om vissa f\u00f6rmiddagar fram\u00f6ver kommer att vara \u00e5kbara tack vare nattkyla och klart v\u00e4der avslutar vi israpporteringen idag f\u00f6r denna s\u00e4song och avvecklar d\u00e4rmed skridskobanan i H\u00e4ssl\u00f6sundet. Detta gjorde V\u00e4ster\u00e5s ideella plogare med skridskobanan p\u00e5 fj\u00e4rden ig\u00e5r och d\u00e5 f\u00f6ljer vi samma linje. Annars blir bara den breda allm\u00e4nheten som inte har n\u00e5gon iskunskap f\u00f6rvirrade. Intresset f\u00f6r att \u00e5ka skridskor \u00e4r i alla fall obefintligt n\u00e4r termometern visar plusgrader.<\/p>\n\n\n\n<p>Den h\u00e4r s\u00e4songen blev kort och utmanande. \u00c4ven om vi \u00e5kte skridskor p\u00e5 M\u00e4laren redan den 5\/12 och plogade en upp skridskobanan i H\u00e4ssl\u00f6sundet redan den 8\/12 blev det sedan ett skridskouppeh\u00e5ll p\u00e5 grund av den rikliga sn\u00f6m\u00e4ngden fram till den 26\/1. Men under den tiden drog vi ist\u00e4llet skidsp\u00e5r p\u00e5 isen vilket var mycket uppskattat.<\/p>\n\n\n\n<p>Vi plogar och sp\u00e5rar i H\u00e4ssl\u00f6sundet f\u00f6r allm\u00e4nheten helt utan ers\u00e4ttning fr\u00e5n kommunen, vilket vi hade f\u00f6rr precis som V\u00e4ster\u00e5s ideella plogare har. B\u00e4sta s\u00e4ttet att visa din uppskattning p\u00e5 \u00e4r att du st\u00f6ttar v\u00e5r verksamhet genom att hyra utrustning hos oss, handla i v\u00e5r v\u00e4lsorterade l\u00e5ngf\u00e4rdsskridskobutik, l\u00e4mnar in dina skridskor p\u00e5 slipning eller att du rekommenderar oss till andra. Givetvis kan du st\u00f6tta oss under sommarhalv\u00e5ret ocks\u00e5 genom att komma och kl\u00e4ttra h\u00f6gh\u00f6jdsbana, paddla kajak eller k\u00f6pa friluftsutrustning i v\u00e5r sport- och friluftsbutik. Tack f\u00f6r denna s\u00e4song!<\/p>\n\n\n\n<div style=\"height:50px\" aria-hidden=\"true\" class=\"wp-block-spacer\"><\/div>\n\n\n\n<h3 class=\"wp-block-heading\">2024-02-20<\/h3>\n\n\n\n<p><strong>Tidpunkt:<\/strong> kl. 14.40<br><strong>Istjocklek:<\/strong> ca 25 cm<br><strong>Iskvalitet:<\/strong> H\u00e5rd och blank, b\u00e4ttre \u00e4n s\u00e5 h\u00e4r blir det inte.<br><strong>Sn\u00f6m\u00e4ngd:<\/strong> 3 cm.<br><strong>Status skridskobana:<\/strong> sopad och sn\u00f6fri, \u00e5tta meter bred.<br><strong>Status skidsp\u00e5r:<\/strong> finns ej, f\u00f6r lite sn\u00f6.<\/p>\n\n\n\n<figure class=\"wp-block-image size-full\"><img loading=\"lazy\" decoding=\"async\" width=\"2560\" height=\"1920\" src=\"https:\/\/e5gp8rwuod7.exactdn.com\/vasteras\/wp-content\/uploads\/sites\/4\/2023\/11\/2024-02-20-14.34.12.jpg?strip=all&lossy=1&ssl=1\" alt=\"\" class=\"wp-image-61642\" srcset=\"https:\/\/e5gp8rwuod7.exactdn.com\/vasteras\/wp-content\/uploads\/sites\/4\/2023\/11\/2024-02-20-14.34.12.jpg?strip=all&amp;lossy=1&amp;ssl=1 2560w, https:\/\/e5gp8rwuod7.exactdn.com\/vasteras\/wp-content\/uploads\/sites\/4\/2023\/11\/2024-02-20-14.34.12-300x225.jpg?strip=all&amp;lossy=1&amp;ssl=1 300w, https:\/\/e5gp8rwuod7.exactdn.com\/vasteras\/wp-content\/uploads\/sites\/4\/2023\/11\/2024-02-20-14.34.12-1024x768.jpg?strip=all&amp;lossy=1&amp;ssl=1 1024w, https:\/\/e5gp8rwuod7.exactdn.com\/vasteras\/wp-content\/uploads\/sites\/4\/2023\/11\/2024-02-20-14.34.12-768x576.jpg?strip=all&amp;lossy=1&amp;ssl=1 768w, https:\/\/e5gp8rwuod7.exactdn.com\/vasteras\/wp-content\/uploads\/sites\/4\/2023\/11\/2024-02-20-14.34.12-1536x1152.jpg?strip=all&amp;lossy=1&amp;ssl=1 1536w, https:\/\/e5gp8rwuod7.exactdn.com\/vasteras\/wp-content\/uploads\/sites\/4\/2023\/11\/2024-02-20-14.34.12-2048x1536.jpg?strip=all&amp;lossy=1&amp;ssl=1 2048w, https:\/\/e5gp8rwuod7.exactdn.com\/vasteras\/wp-content\/uploads\/sites\/4\/2023\/11\/2024-02-20-14.34.12-469x352.jpg?strip=all&amp;lossy=1&amp;ssl=1 469w, https:\/\/e5gp8rwuod7.exactdn.com\/vasteras\/wp-content\/uploads\/sites\/4\/2023\/11\/2024-02-20-14.34.12-320x240.jpg?strip=all&amp;lossy=1&amp;ssl=1 320w, https:\/\/e5gp8rwuod7.exactdn.com\/vasteras\/wp-content\/uploads\/sites\/4\/2023\/11\/2024-02-20-14.34.12-1920x1440.jpg?strip=all&amp;lossy=1&amp;ssl=1 1920w, https:\/\/e5gp8rwuod7.exactdn.com\/vasteras\/wp-content\/uploads\/sites\/4\/2023\/11\/2024-02-20-14.34.12-600x450.jpg?strip=all&amp;lossy=1&amp;ssl=1 600w, https:\/\/e5gp8rwuod7.exactdn.com\/vasteras\/wp-content\/uploads\/sites\/4\/2023\/11\/2024-02-20-14.34.12.jpg?strip=all&amp;lossy=1&amp;w=384&amp;ssl=1 384w, https:\/\/e5gp8rwuod7.exactdn.com\/vasteras\/wp-content\/uploads\/sites\/4\/2023\/11\/2024-02-20-14.34.12.jpg?strip=all&amp;lossy=1&amp;w=1152&amp;ssl=1 1152w\" sizes=\"auto, (max-width: 1920px) 100vw, 1920px\" \/><\/figure>\n\n\n\n<p>I s\u00f6ndags fick vi s\u00e4songens hittills finaste skridskodag. Isen var d\u00e5 sn\u00f6fri, h\u00e5rd och blank och dessutom sken solen. Isen \u00e4r fortfarande lika fin, \u00e4ven fast det nu ligger sn\u00f6 p\u00e5 den, men skridskobanan i H\u00e4ssl\u00f6sundet \u00e4r nyplogad och sn\u00f6fri.<\/p>\n\n\n\n<p>Isen \u00e4r tjock, s\u00e4ker och trygg. Det kommer inte att \u00e4ndras den n\u00e4rmsta veckan, men d\u00e4remot kan isen s\u00e4kert bli n\u00e5got ytmjuk vissa eftermiddagar fram\u00f6ver. N\u00e4r isen blir ytmjuk finns det risk att skenorna sk\u00e4r fast, det blir tung\u00e5kt och i v\u00e4rsta fall kan man ramla omkull. Detta \u00e4r avh\u00e4ngt hur varma dagar det blir fram\u00f6ver och om det \u00e4r klart eller mulet v\u00e4der. En kall natt f\u00f6ljt av en solig dag med plusgrader g\u00f6r inte isen ytmjuk. D\u00e4remot g\u00f6r en varm och mulen dag ofta att den blir det.<\/p>\n\n\n\n<p>Skridskobanan str\u00e4cker sig mellan Bj\u00f6rn\u00f6bron och hundbadet vid G\u00e4ddeholm. Vid Bj\u00f6rn\u00f6bron f\u00e5r du ta av dig skridskorna och g\u00e5 upp p\u00e5 fastlandet \u00f6ver till bryggorna vid kanotklubben f\u00f6r att kunna forts\u00e4tta p\u00e5 skridskobanan p\u00e5 fj\u00e4rden. Du b\u00f6r inte \u00e5ka under Bj\u00f6rn\u00f6bron, f\u00f6rutom att det generellt sett alltid \u00e4r svagare is d\u00e4r kommer du att f\u00f6rst\u00f6ra dina skridskor om du g\u00f6r det eftersom det st\u00e4nkt ner massor med grus p\u00e5 isen uppifr\u00e5n bron.<\/p>\n\n\n\n<p>Passa p\u00e5 att \u00e5ka skridskor nu, isen h\u00e5ller som sagt riktigt god kvalitet!<\/p>\n\n\n\n<div style=\"height:50px\" aria-hidden=\"true\" class=\"wp-block-spacer\"><\/div>\n\n\n\n<h3 class=\"wp-block-heading\">2024-02-09<\/h3>\n\n\n\n<p><strong>Tidpunkt:<\/strong> kl. 13.00<br><strong>Istjocklek:<\/strong> +25 cm<br><strong>Iskvalitet:<\/strong> H\u00e5rd och blank, b\u00e4ttre \u00e4n s\u00e5 h\u00e4r blir det inte.<br><strong>Sn\u00f6m\u00e4ngd:<\/strong> 1 cm.<br><strong>Status skridskobana:<\/strong> sopad och sn\u00f6fri, \u00e5tta meter bred.<br><strong>Status skidsp\u00e5r:<\/strong> finns ej, f\u00f6r lite sn\u00f6.<\/p>\n\n\n\n<figure class=\"wp-block-image size-full\"><img loading=\"lazy\" decoding=\"async\" width=\"2560\" height=\"1920\" src=\"https:\/\/e5gp8rwuod7.exactdn.com\/vasteras\/wp-content\/uploads\/sites\/4\/2023\/11\/2024-02-09-12.51.59.jpg?strip=all&lossy=1&ssl=1\" alt=\"\" class=\"wp-image-61637\" srcset=\"https:\/\/e5gp8rwuod7.exactdn.com\/vasteras\/wp-content\/uploads\/sites\/4\/2023\/11\/2024-02-09-12.51.59.jpg?strip=all&amp;lossy=1&amp;ssl=1 2560w, https:\/\/e5gp8rwuod7.exactdn.com\/vasteras\/wp-content\/uploads\/sites\/4\/2023\/11\/2024-02-09-12.51.59-300x225.jpg?strip=all&amp;lossy=1&amp;ssl=1 300w, https:\/\/e5gp8rwuod7.exactdn.com\/vasteras\/wp-content\/uploads\/sites\/4\/2023\/11\/2024-02-09-12.51.59-1024x768.jpg?strip=all&amp;lossy=1&amp;ssl=1 1024w, https:\/\/e5gp8rwuod7.exactdn.com\/vasteras\/wp-content\/uploads\/sites\/4\/2023\/11\/2024-02-09-12.51.59-768x576.jpg?strip=all&amp;lossy=1&amp;ssl=1 768w, https:\/\/e5gp8rwuod7.exactdn.com\/vasteras\/wp-content\/uploads\/sites\/4\/2023\/11\/2024-02-09-12.51.59-1536x1152.jpg?strip=all&amp;lossy=1&amp;ssl=1 1536w, https:\/\/e5gp8rwuod7.exactdn.com\/vasteras\/wp-content\/uploads\/sites\/4\/2023\/11\/2024-02-09-12.51.59-2048x1536.jpg?strip=all&amp;lossy=1&amp;ssl=1 2048w, https:\/\/e5gp8rwuod7.exactdn.com\/vasteras\/wp-content\/uploads\/sites\/4\/2023\/11\/2024-02-09-12.51.59-469x352.jpg?strip=all&amp;lossy=1&amp;ssl=1 469w, https:\/\/e5gp8rwuod7.exactdn.com\/vasteras\/wp-content\/uploads\/sites\/4\/2023\/11\/2024-02-09-12.51.59-320x240.jpg?strip=all&amp;lossy=1&amp;ssl=1 320w, https:\/\/e5gp8rwuod7.exactdn.com\/vasteras\/wp-content\/uploads\/sites\/4\/2023\/11\/2024-02-09-12.51.59-1920x1440.jpg?strip=all&amp;lossy=1&amp;ssl=1 1920w, https:\/\/e5gp8rwuod7.exactdn.com\/vasteras\/wp-content\/uploads\/sites\/4\/2023\/11\/2024-02-09-12.51.59-600x450.jpg?strip=all&amp;lossy=1&amp;ssl=1 600w, https:\/\/e5gp8rwuod7.exactdn.com\/vasteras\/wp-content\/uploads\/sites\/4\/2023\/11\/2024-02-09-12.51.59.jpg?strip=all&amp;lossy=1&amp;w=384&amp;ssl=1 384w, https:\/\/e5gp8rwuod7.exactdn.com\/vasteras\/wp-content\/uploads\/sites\/4\/2023\/11\/2024-02-09-12.51.59.jpg?strip=all&amp;lossy=1&amp;w=1152&amp;ssl=1 1152w\" sizes=\"auto, (max-width: 1920px) 100vw, 1920px\" \/><\/figure>\n\n\n\n<p>Skridskobanan i H\u00e4ssl\u00f6sundet, fr\u00e5n Bj\u00f6rn\u00f6bron till G\u00e4ddeholm, \u00e4r idag nysopad och sn\u00f6fri inf\u00f6r helgen . I \u00f6vrigt \u00e4r isens status samma som i m\u00e5ndags; det blir inte b\u00e4ttre skridskois \u00e4n s\u00e5 h\u00e4r!<\/p>\n\n\n\n<p>Isen \u00e4r tjock, s\u00e4ker, h\u00e5rd och blank. Det ligger ett tunt sn\u00f6lager bredvid skridskobanan, som inte utg\u00f6r n\u00e5got hinder i sig, men d\u00e4remot d\u00f6ljer sn\u00f6n effektivt alla oj\u00e4mnheter och sprickor. Det \u00e4r allts\u00e5 s\u00e4krast att \u00e5ka p\u00e5 sj\u00e4lva skridskobanan.<\/p>\n\n\n\n<p>Skridskobanan str\u00e4cker sig mellan Bj\u00f6rn\u00f6bron och hundbadet vid G\u00e4ddeholm. Vid Bj\u00f6rn\u00f6bron f\u00e5r du ta av dig skridskorna och g\u00e5 upp p\u00e5 fastlandet \u00f6ver till bryggorna vid kanotklubben f\u00f6r att kunna forts\u00e4tta p\u00e5 skridskobanan p\u00e5 fj\u00e4rden. Du b\u00f6r inte \u00e5ka under Bj\u00f6rn\u00f6bron, f\u00f6rutom att det generellt sett alltid \u00e4r svagare is d\u00e4r kommer du att f\u00f6rst\u00f6ra dina skridskor om du g\u00f6r det eftersom det st\u00e4nkt ner massor med grus p\u00e5 isen uppifr\u00e5n bron.<\/p>\n\n\n\n<p>Vi har \u00f6ppet kl. 10-16 b\u00e5de l\u00f6rdag och s\u00f6ndag om du vill komma in och hyra, testa eller k\u00f6pa l\u00e5ngf\u00e4rdsskridskor. Vi har \u00e4ven sparkar f\u00f6r uthyrning, v\u00e4lkommen!<\/p>\n\n\n\n<div style=\"height:50px\" aria-hidden=\"true\" class=\"wp-block-spacer\"><\/div>\n\n\n\n<h3 class=\"wp-block-heading\">2024-02-05<\/h3>\n\n\n\n<p><strong>Tidpunkt:<\/strong> kl. 10.00<br><strong>Istjocklek:<\/strong> 25 cm<br><strong>Iskvalitet:<\/strong> H\u00e5rd och blank, b\u00e4ttre \u00e4n s\u00e5 h\u00e4r blir det inte.<br><strong>Sn\u00f6m\u00e4ngd:<\/strong> 0 cm.<br><strong>Status skridskobana:<\/strong> markerad, men det g\u00e5r lika bra att \u00e5ka bredvid skridskobanan.<br><strong>Status skidsp\u00e5r:<\/strong> det \u00e4r varken sn\u00f6 eller skidsp\u00e5r p\u00e5 isen just nu.<\/p>\n\n\n\n<figure class=\"wp-block-image size-full\"><img loading=\"lazy\" decoding=\"async\" width=\"2560\" height=\"1960\" src=\"https:\/\/e5gp8rwuod7.exactdn.com\/vasteras\/wp-content\/uploads\/sites\/4\/2023\/11\/2024-02-05-09.53.01.jpg?strip=all&lossy=1&ssl=1\" alt=\"\" class=\"wp-image-61631\" srcset=\"https:\/\/e5gp8rwuod7.exactdn.com\/vasteras\/wp-content\/uploads\/sites\/4\/2023\/11\/2024-02-05-09.53.01.jpg?strip=all&amp;lossy=1&amp;ssl=1 2560w, https:\/\/e5gp8rwuod7.exactdn.com\/vasteras\/wp-content\/uploads\/sites\/4\/2023\/11\/2024-02-05-09.53.01-300x230.jpg?strip=all&amp;lossy=1&amp;ssl=1 300w, https:\/\/e5gp8rwuod7.exactdn.com\/vasteras\/wp-content\/uploads\/sites\/4\/2023\/11\/2024-02-05-09.53.01-1024x784.jpg?strip=all&amp;lossy=1&amp;ssl=1 1024w, https:\/\/e5gp8rwuod7.exactdn.com\/vasteras\/wp-content\/uploads\/sites\/4\/2023\/11\/2024-02-05-09.53.01-768x588.jpg?strip=all&amp;lossy=1&amp;ssl=1 768w, https:\/\/e5gp8rwuod7.exactdn.com\/vasteras\/wp-content\/uploads\/sites\/4\/2023\/11\/2024-02-05-09.53.01-1536x1176.jpg?strip=all&amp;lossy=1&amp;ssl=1 1536w, https:\/\/e5gp8rwuod7.exactdn.com\/vasteras\/wp-content\/uploads\/sites\/4\/2023\/11\/2024-02-05-09.53.01-2048x1568.jpg?strip=all&amp;lossy=1&amp;ssl=1 2048w, https:\/\/e5gp8rwuod7.exactdn.com\/vasteras\/wp-content\/uploads\/sites\/4\/2023\/11\/2024-02-05-09.53.01-460x352.jpg?strip=all&amp;lossy=1&amp;ssl=1 460w, https:\/\/e5gp8rwuod7.exactdn.com\/vasteras\/wp-content\/uploads\/sites\/4\/2023\/11\/2024-02-05-09.53.01-313x240.jpg?strip=all&amp;lossy=1&amp;ssl=1 313w, https:\/\/e5gp8rwuod7.exactdn.com\/vasteras\/wp-content\/uploads\/sites\/4\/2023\/11\/2024-02-05-09.53.01-1920x1470.jpg?strip=all&amp;lossy=1&amp;ssl=1 1920w, https:\/\/e5gp8rwuod7.exactdn.com\/vasteras\/wp-content\/uploads\/sites\/4\/2023\/11\/2024-02-05-09.53.01-600x459.jpg?strip=all&amp;lossy=1&amp;ssl=1 600w, https:\/\/e5gp8rwuod7.exactdn.com\/vasteras\/wp-content\/uploads\/sites\/4\/2023\/11\/2024-02-05-09.53.01.jpg?strip=all&amp;lossy=1&amp;w=384&amp;ssl=1 384w, https:\/\/e5gp8rwuod7.exactdn.com\/vasteras\/wp-content\/uploads\/sites\/4\/2023\/11\/2024-02-05-09.53.01.jpg?strip=all&amp;lossy=1&amp;w=1152&amp;ssl=1 1152w\" sizes=\"auto, (max-width: 1920px) 100vw, 1920px\" \/><\/figure>\n\n\n\n<p>Nu har vi \u00e4ntligen f\u00e5tt det som vi l\u00e4nge g\u00e5tt och v\u00e4ntat p\u00e5: riktigt fin skridskois. Dessutom ser den ut att vara h\u00e4r f\u00f6r att stanna, f\u00f6r det finns ingenting i l\u00e5ngtidsprognosen som kan f\u00f6rs\u00e4mra dagens isl\u00e4ge &#8211; snarare tv\u00e4rtom!<\/p>\n\n\n\n<p>Det l\u00e5ngvariga t\u00f6v\u00e4dret har visserligen gjort isen lite mindre tjock och det har blivit en del landsl\u00e4pp p\u00e5 vissa st\u00e4llen och vattensansamlingar l\u00e4ngs str\u00e4nderna p\u00e5 andra (fast det l\u00e4r frysa ihop och ordna till sig inom det n\u00e4rmsta dygnet). Men framf\u00f6rallt fick t\u00f6v\u00e4dret sn\u00f6n att f\u00f6rsvinna och isen att bli blank och fin. Helgen bj\u00f6d p\u00e5 fin skridsko\u00e5kning, trots plusgrader. Det fanns d\u00e5 lite \u00f6veris p\u00e5 sina h\u00e5ll, men det \u00e4r nu helt f\u00f6rsvunnen.<\/p>\n\n\n\n<p>Just nu \u00e4r isen tjock, s\u00e4ker, h\u00e5rd och blank b\u00e5de p\u00e5 skridskobanan och bredvid. Det g\u00e5r lika bra att \u00e5ka bredvid skridskobanan som p\u00e5 den, det \u00e4r ingen skillnad p\u00e5 isens kvalitet. D\u00e4remot ska du inte l\u00e4mna skridskobanornas n\u00e4romr\u00e5de och leta dig ut bland M\u00e4lar\u00f6arna utan s\u00e4llskap, kunskap och r\u00e4tt utrustning. \u00c4ven stabil is kan ha svagheter d\u00e4r den p\u00e5verkas av vass, r\u00e5k, brygga, bro, udde, avlopp, utlopp, inlopp, r\u00e4nna, sund, grund, eller vindbrunn.<\/p>\n\n\n\n<p>Ta chansen att \u00e5ka skridskor nu, b\u00e4ttre \u00e4n s\u00e5 h\u00e4r blir det inte. Plocka ut din friskv\u00e5rdstimme, ta ut komptid eller flexa ut tidigare och ge dig ut p\u00e5 isen. Eller varf\u00f6r inte \u00f6vertyga kollegorna om att \u00e5ka skridskor p\u00e5 arbetstid? Vi arrangerar g\u00e4rna en skridskotur f\u00f6r er, <a href=\"https:\/\/aktivtuteliv.se\/vasteras\/event\/langfardskridskotur\/\">l\u00e4s mer om det h\u00e4r<\/a>!<\/p>\n\n\n\n<div style=\"height:50px\" aria-hidden=\"true\" class=\"wp-block-spacer\"><\/div>\n\n\n\n<h3 class=\"wp-block-heading\">2024-02-01<\/h3>\n\n\n\n<p><strong>Tidpunkt:<\/strong> kl. 09.00<br><strong>Istjocklek:<\/strong> 30-40 cm<br><strong>Iskvalitet:<\/strong> H\u00e5rd yta med knottriga partier. Finns \u00e4ven partier med tunn glasis.<br><strong>Sn\u00f6m\u00e4ngd:<\/strong> 0 cm helt nedst\u00f6pt.<br><strong>Status skridskobana:<\/strong> plogad men med oj\u00e4mn yta<br><strong>Status skidsp\u00e5r:<\/strong> inget skidsp\u00e5r idag<\/p>\n\n\n\n<figure class=\"wp-block-image size-full\"><img loading=\"lazy\" decoding=\"async\" width=\"2560\" height=\"1920\" src=\"https:\/\/e5gp8rwuod7.exactdn.com\/vasteras\/wp-content\/uploads\/sites\/4\/2024\/02\/IMG_2112-scaled-1.jpg?strip=all&lossy=1&ssl=1\" alt=\"\" class=\"wp-image-61628\" srcset=\"https:\/\/e5gp8rwuod7.exactdn.com\/vasteras\/wp-content\/uploads\/sites\/4\/2024\/02\/IMG_2112-scaled-1.jpg?strip=all&amp;lossy=1&amp;ssl=1 2560w, https:\/\/e5gp8rwuod7.exactdn.com\/vasteras\/wp-content\/uploads\/sites\/4\/2024\/02\/IMG_2112-scaled-1-300x225.jpg?strip=all&amp;lossy=1&amp;ssl=1 300w, https:\/\/e5gp8rwuod7.exactdn.com\/vasteras\/wp-content\/uploads\/sites\/4\/2024\/02\/IMG_2112-scaled-1-1024x768.jpg?strip=all&amp;lossy=1&amp;ssl=1 1024w, https:\/\/e5gp8rwuod7.exactdn.com\/vasteras\/wp-content\/uploads\/sites\/4\/2024\/02\/IMG_2112-scaled-1-768x576.jpg?strip=all&amp;lossy=1&amp;ssl=1 768w, https:\/\/e5gp8rwuod7.exactdn.com\/vasteras\/wp-content\/uploads\/sites\/4\/2024\/02\/IMG_2112-scaled-1-1536x1152.jpg?strip=all&amp;lossy=1&amp;ssl=1 1536w, https:\/\/e5gp8rwuod7.exactdn.com\/vasteras\/wp-content\/uploads\/sites\/4\/2024\/02\/IMG_2112-scaled-1-2048x1536.jpg?strip=all&amp;lossy=1&amp;ssl=1 2048w, https:\/\/e5gp8rwuod7.exactdn.com\/vasteras\/wp-content\/uploads\/sites\/4\/2024\/02\/IMG_2112-scaled-1-469x352.jpg?strip=all&amp;lossy=1&amp;ssl=1 469w, https:\/\/e5gp8rwuod7.exactdn.com\/vasteras\/wp-content\/uploads\/sites\/4\/2024\/02\/IMG_2112-scaled-1-320x240.jpg?strip=all&amp;lossy=1&amp;ssl=1 320w, https:\/\/e5gp8rwuod7.exactdn.com\/vasteras\/wp-content\/uploads\/sites\/4\/2024\/02\/IMG_2112-scaled-1-1920x1440.jpg?strip=all&amp;lossy=1&amp;ssl=1 1920w, https:\/\/e5gp8rwuod7.exactdn.com\/vasteras\/wp-content\/uploads\/sites\/4\/2024\/02\/IMG_2112-scaled-1-600x450.jpg?strip=all&amp;lossy=1&amp;ssl=1 600w, https:\/\/e5gp8rwuod7.exactdn.com\/vasteras\/wp-content\/uploads\/sites\/4\/2024\/02\/IMG_2112-scaled-1.jpg?strip=all&amp;lossy=1&amp;w=384&amp;ssl=1 384w, https:\/\/e5gp8rwuod7.exactdn.com\/vasteras\/wp-content\/uploads\/sites\/4\/2024\/02\/IMG_2112-scaled-1.jpg?strip=all&amp;lossy=1&amp;w=1152&amp;ssl=1 1152w\" sizes=\"auto, (max-width: 1920px) 100vw, 1920px\" \/><\/figure>\n\n\n\n<p>Nattens vind och temperatur har gett oss en h\u00e5rd yta att \u00e5ka p\u00e5.<\/p>\n\n\n\n<p>Det f\u00f6rekommer partier med knottrig is och \u00e4ven partier med glasis, tunn is med luft under som b\u00f6r undvikas.<\/p>\n\n\n\n<p>Passa p\u00e5 att \u00e5ka n\u00e4r isen \u00e4r h\u00e5rd!<\/p>\n\n\n\n<div style=\"height:50px\" aria-hidden=\"true\" class=\"wp-block-spacer\"><\/div>\n\n\n\n<h3 class=\"wp-block-heading\">2024-01-26<\/h3>\n\n\n\n<p><strong>Tidpunkt:<\/strong> kl. 12.00<br><strong>Istjocklek:<\/strong> 30-40 cm<br><strong>Iskvalitet:<\/strong> knottrig och lite oj\u00e4mn<br><strong>Sn\u00f6m\u00e4ngd:<\/strong> 0-5 cm nedst\u00f6pt sn\u00f6 utanf\u00f6r banan.<br><strong>Status skridskobana:<\/strong> plogad men med oj\u00e4mn yta<br><strong>Status skidsp\u00e5r:<\/strong> inget skidsp\u00e5r idag<\/p>\n\n\n\n<figure class=\"wp-block-image size-large\"><img decoding=\"async\" src=\"https:\/\/e5gp8rwuod7.exactdn.com\/wp-content\/uploads\/2024\/01\/1000006541-1024x1024.jpg?strip=all&lossy=1&ssl=1\" alt=\"\" class=\"wp-image-61624\"\/><\/figure>\n\n\n\n<p>Plogade banan p\u00e5 V\u00e4ster\u00e5sfj\u00e4rden \u00e4r tillg\u00e4nglig idag och planeras plogas under l\u00f6rdagen efter kv\u00e4llens och nattens f\u00f6rv\u00e4ntade sn\u00f6fall.<\/p>\n\n\n\n<p>I H\u00e4ssl\u00f6sundet plogade vi en banan till G\u00e4ddeholm ig\u00e5r torsdag vilken idag har en n\u00e5got oj\u00e4mn yta.<br>Den l\u00e4mpar sig bra f\u00f6r prommenad och spark\u00e5kning.<\/p>\n\n\n\n<p>Vi inv\u00e4ntar morgondagen och \u00e5terkommer d\u00e5 med status inf\u00f6r helgen n\u00e4r vi ser vilken sn\u00f6m\u00e4ngd som kommer.<\/p>\n\n\n\n<div style=\"height:50px\" aria-hidden=\"true\" class=\"wp-block-spacer\"><\/div>\n\n\n\n<h3 class=\"wp-block-heading\">2024-01-19<\/h3>\n\n\n\n<p><strong>Tidpunkt:<\/strong> kl. 15.00<br><strong>Istjocklek:<\/strong> 30-40 cm<br><strong>Iskvalitet:<\/strong> sn\u00f6t\u00e4ckt.<br><strong>Sn\u00f6m\u00e4ngd:<\/strong> 5-10 cm packad drevsn\u00f6 b\u00e5de p\u00e5 och utanf\u00f6r banan.<br><strong>Status skridskobana:<\/strong> sn\u00f6t\u00e4ckt och oplogad, ej \u00e5kbar.<br><strong>Status skidsp\u00e5r:<\/strong> nysp\u00e5rat till G\u00e4ddeholm tur och retur, samt ute p\u00e5 fj\u00e4rden.<\/p>\n\n\n\n<figure class=\"wp-block-image size-large\"><img decoding=\"async\" src=\"https:\/\/e5gp8rwuod7.exactdn.com\/vasteras\/wp-content\/uploads\/sites\/4\/2023\/11\/2024-01-19-13.12.09-1024x784.jpg?strip=all&lossy=1&ssl=1\" alt=\"\" class=\"wp-image-61619\"\/><\/figure>\n\n\n\n<p>Just nu g\u00e5r det inte att \u00e5ka skridskor p\u00e5 n\u00e5gon plogad bana i V\u00e4ster\u00e5s. Statusen p\u00e5 b\u00e5da skridskobanorna \u00e4r att de \u00e4r oplogade, f\u00f6r v\u00e5ra l\u00e4tta maskiner orkar inte f\u00e5 undan den packade drevsn\u00f6n. <strong>Det skulle beh\u00f6vas en tyngre och starkare maskin, t.ex. en pickup med plogblad, h\u00f6r av dig om du har det!<\/strong> Det g\u00e5r med andra ord inte att \u00e5ka skridskor p\u00e5 banorna.<\/p>\n\n\n\n<p>Ist\u00e4llet har vi satsat p\u00e5 att dra nya skidsp\u00e5r p\u00e5 isen. Det \u00e4r nysp\u00e5rat b\u00e5de i H\u00e4ssl\u00f6sundet och ute p\u00e5 fj\u00e4rden, fr\u00e5n Lill\u00e5udden till G\u00e4ddeholm med andra ord. I sundet \u00e4r det dubbelsp\u00e5rat, 9 km tur och retur. Ute p\u00e5 fj\u00e4rden \u00e4r det ett singelsp\u00e5r som f\u00f6ljer skridskobanan stora varvet runt \u00d6stra holmen vilket \u00e4r ca 8 km.<\/p>\n\n\n\n<p>Sp\u00e5ren \u00e4r fasta och fina och passar b\u00e5de f\u00f6r utflykt och motion. Men vi rekommenderar att den som vill \u00e5ka snabbt g\u00f6r det i H\u00e4ssl\u00f6sundet f\u00f6r d\u00e4r \u00e4r det l\u00e4ttare att k\u00f6ra om eftersom dubbelsp\u00e5ren ligger bredvid varandra.<\/p>\n\n\n\n<p>Ett tips till helgen \u00e4r att g\u00f6ra en skidutflykt. Packa ryggs\u00e4cken med grillkorv och varm choklad och \u00e5k till grillplatsen p\u00e5 \u00d6stra holmen eller vid stora bryggan p\u00e5 s\u00f6dra Bj\u00f6rn\u00f6n.<\/p>\n\n\n\n<div style=\"height:50px\" aria-hidden=\"true\" class=\"wp-block-spacer\"><\/div>\n\n\n\n<h3 class=\"wp-block-heading\">2024-01-12<\/h3>\n\n\n\n<p><strong>Tidpunkt:<\/strong> kl. 15.00<br><strong>Istjocklek:<\/strong> 20-25 cm<br><strong>Iskvalitet:<\/strong> kn\u00f6ligt och skrovligt.<br><strong>Sn\u00f6m\u00e4ngd:<\/strong> 10-15 cm sn\u00f6 bredvid skridskobanan.<br><strong>Status skridskobana:<\/strong> ej \u00e5kbar, iskvaliteten \u00e4r f\u00f6r d\u00e5lig. \u00c5kbart p\u00e5 fj\u00e4rden.<br><strong>Status skidsp\u00e5r:<\/strong> sp\u00e5rat till G\u00e4ddeholm tur och retur, samt till Lill\u00e5udden.<\/p>\n\n\n\n<figure class=\"wp-block-image size-large\"><img decoding=\"async\" src=\"https:\/\/e5gp8rwuod7.exactdn.com\/vasteras\/wp-content\/uploads\/sites\/4\/2023\/11\/IMG_2315-1024x784.jpg?strip=all&lossy=1&ssl=1\" alt=\"\" class=\"wp-image-61616\"\/><\/figure>\n\n\n\n<p>Statusen p\u00e5 skridskobanan i H\u00e4ssl\u00f6sundet \u00e4r of\u00f6r\u00e4ndrad. Vi har plogat rent den \u00e4nda ner till s\u00f6dra Bj\u00f6rn\u00f6n, men iskvaliteten \u00e4r f\u00f6r d\u00e5lig f\u00f6r att \u00e5ka skridskor. Den duger att \u00e5ka spark p\u00e5, men den \u00e4r f\u00f6r grov och skrovlig f\u00f6r skridskor. Vi f\u00e5r hoppas att t\u00f6v\u00e4dret i kombination med den kommande kylan \u00e4ndrar p\u00e5 den saken. \u00c5k skridskor p\u00e5 fj\u00e4rden ist\u00e4llet, d\u00e4r \u00e4r det helt OK f\u00f6rh\u00e5llanden med plogad bana fr\u00e5n Bj\u00f6rn\u00f6bron till Lill\u00e5udden.<\/p>\n\n\n\n<p>Sk\u00e4let till att vi israpporterar idag \u00e4r att det nu finns nydragna skidsp\u00e5r p\u00e5 isen. Vi fick bes\u00f6k av v\u00e5ra v\u00e4nner p\u00e5 Vedbobacken som tog sig ner hit till M\u00e4laren med skoter och sp\u00e5rsl\u00e4de f\u00f6r att dra skidsp\u00e5r l\u00e4ngs skridskobanorna. Det \u00e4r sp\u00e5rat b\u00e5de i H\u00e4ssl\u00f6sundet och ute p\u00e5 fj\u00e4rden, fr\u00e5n Lill\u00e5udden till G\u00e4ddeholm med andra ord. I sundet blir det 8 km tur och retur och ute p\u00e5 fj\u00e4rden 7 km tur och retur.<\/p>\n\n\n\n<p>Vi \u00e4r p\u00e5 jakt efter en egen skoter och sp\u00e5rsl\u00e4de f\u00f6r att vi ska kunna underh\u00e5lla sp\u00e5ren p\u00e5 egen hand. Men eftersom vi plogar ideellt, utan ers\u00e4ttning fr\u00e5n kommunen, och haft en del haverier med plogutrustningen \u00e4r budgeten begr\u00e4nsad.<\/p>\n\n\n\n<div style=\"height:50px\" aria-hidden=\"true\" class=\"wp-block-spacer\"><\/div>\n\n\n\n<h3 class=\"wp-block-heading\">2024-01-02<\/h3>\n\n\n\n<p><strong>Tidpunkt:<\/strong> kl. 09.30<br><strong>Istjocklek:<\/strong> ok\u00e4nt.<br><strong>Iskvalitet:<\/strong> ok\u00e4nt.<br><strong>Sn\u00f6m\u00e4ngd:<\/strong> 20-30 cm packad sn\u00f6 p\u00e5 skridskobanan.<br><strong>Status skridskobana:<\/strong> ej \u00e5kbar, oplogat i H\u00e4ssl\u00f6sundet. \u00c5kbart p\u00e5 fj\u00e4rden.<br><strong>Status skidsp\u00e5r:<\/strong> &#8211;<\/p>\n\n\n\n<figure class=\"wp-block-image size-large\"><img loading=\"lazy\" decoding=\"async\" width=\"1024\" height=\"768\" src=\"https:\/\/e5gp8rwuod7.exactdn.com\/vasteras\/wp-content\/uploads\/sites\/4\/2023\/11\/2024-01-01-11.14.14-1-1024x768.jpg?strip=all&lossy=1&ssl=1\" alt=\"skridskobana p\u00e5 V\u00e4ster\u00e5sfj\u00e4rden\" class=\"wp-image-61582\" srcset=\"https:\/\/e5gp8rwuod7.exactdn.com\/vasteras\/wp-content\/uploads\/sites\/4\/2023\/11\/2024-01-01-11.14.14-1-1024x768.jpg?strip=all&amp;lossy=1&amp;ssl=1 1024w, https:\/\/e5gp8rwuod7.exactdn.com\/vasteras\/wp-content\/uploads\/sites\/4\/2023\/11\/2024-01-01-11.14.14-1-300x225.jpg?strip=all&amp;lossy=1&amp;ssl=1 300w, https:\/\/e5gp8rwuod7.exactdn.com\/vasteras\/wp-content\/uploads\/sites\/4\/2023\/11\/2024-01-01-11.14.14-1-768x576.jpg?strip=all&amp;lossy=1&amp;ssl=1 768w, https:\/\/e5gp8rwuod7.exactdn.com\/vasteras\/wp-content\/uploads\/sites\/4\/2023\/11\/2024-01-01-11.14.14-1-1536x1152.jpg?strip=all&amp;lossy=1&amp;ssl=1 1536w, https:\/\/e5gp8rwuod7.exactdn.com\/vasteras\/wp-content\/uploads\/sites\/4\/2023\/11\/2024-01-01-11.14.14-1-2048x1536.jpg?strip=all&amp;lossy=1&amp;ssl=1 2048w, https:\/\/e5gp8rwuod7.exactdn.com\/vasteras\/wp-content\/uploads\/sites\/4\/2023\/11\/2024-01-01-11.14.14-1-469x352.jpg?strip=all&amp;lossy=1&amp;ssl=1 469w, https:\/\/e5gp8rwuod7.exactdn.com\/vasteras\/wp-content\/uploads\/sites\/4\/2023\/11\/2024-01-01-11.14.14-1-320x240.jpg?strip=all&amp;lossy=1&amp;ssl=1 320w, https:\/\/e5gp8rwuod7.exactdn.com\/vasteras\/wp-content\/uploads\/sites\/4\/2023\/11\/2024-01-01-11.14.14-1-1920x1440.jpg?strip=all&amp;lossy=1&amp;ssl=1 1920w, https:\/\/e5gp8rwuod7.exactdn.com\/vasteras\/wp-content\/uploads\/sites\/4\/2023\/11\/2024-01-01-11.14.14-1-600x450.jpg?strip=all&amp;lossy=1&amp;ssl=1 600w, https:\/\/e5gp8rwuod7.exactdn.com\/vasteras\/wp-content\/uploads\/sites\/4\/2023\/11\/2024-01-01-11.14.14-1.jpg?strip=all&amp;lossy=1&amp;w=384&amp;ssl=1 384w, https:\/\/e5gp8rwuod7.exactdn.com\/vasteras\/wp-content\/uploads\/sites\/4\/2023\/11\/2024-01-01-11.14.14-1.jpg?strip=all&amp;lossy=1&amp;w=1152&amp;ssl=1 1152w\" sizes=\"auto, (max-width: 1024px) 100vw, 1024px\" \/><\/figure>\n\n\n\n<p>Vi har tyv\u00e4rr f\u00f6rlorat kampen mot sn\u00f6n. V\u00e5r enda fyrhjuling orkade inte h\u00e5lla undan de stora sn\u00f6m\u00e4ngder som kom. Den v\u00e4ger bara ca 350 kg (vilket \u00e4r positivt eftersom den kan k\u00f6ra p\u00e5 relativt tunn is) och det r\u00e4cker inte till n\u00e4r det kommer tung bl\u00f6tsn\u00f6. Innan jul gick plogen till och med s\u00f6nder p\u00e5 grund av belastningen (den \u00e4r lagad nu). Skridskobanan i H\u00e4ssl\u00f6sundet \u00e4r d\u00e4rf\u00f6r oplogad och kommer att f\u00f6rbli det om inte f\u00f6rh\u00e5llandena \u00e4ndras.<\/p>\n\n\n\n<p>Ute p\u00e5 fj\u00e4rden har <a href=\"https:\/\/www.facebook.com\/profile.php?id=100064616292607\">V\u00e4ster\u00e5s ideella plogare<\/a> lyckats n\u00e5got b\u00e4ttre eftersom de har flera maskiner att ploga med. D\u00e4r finns det en kort skridskobana mellan Bj\u00f6rn\u00f6bron och Lill\u00e5udden. Isens kvalitet \u00e4r d\u00e4remot riktigt d\u00e5lig i j\u00e4mf\u00f6relse med spolad rink, den \u00e4r oj\u00e4mn och kn\u00f6lig. Men det g\u00e5r i alla fall och \u00e5ka p\u00e5 f\u00f6r den som har en viss vana, f\u00f6r nyb\u00f6rjare \u00e4r det nog riktigt sv\u00e5rt.<\/p>\n\n\n\n<p>Just nu \u00e4r det b\u00e4ttre f\u00f6rh\u00e5llanden f\u00f6r l\u00e4ngd\u00e5kning \u00e4n skridsko\u00e5kning och vi skulle d\u00e4rf\u00f6r rekommendera att du passar p\u00e5 att \u00e5ka l\u00e4ngdskidor tills vidare. B\u00e4ttre l\u00e4ngdf\u00f6rh\u00e5llanden \u00e4n s\u00e5 h\u00e4r blir det knappast i V\u00e4ster\u00e5s.<\/p>\n\n\n\n<p>Misstr\u00f6sta inte \u00f6ver isen, det \u00e4r bara tidigt i januari \u00e4n. Det \u00e4r nu skridskos\u00e4songen brukar starta och f\u00f6rh\u00e5llandena kommer att hinna \u00e4ndras flera g\u00e5nger, b\u00e5de till det s\u00e4mre och framf\u00f6rallt till det b\u00e4ttre.<\/p>\n\n\n\n<div style=\"height:50px\" aria-hidden=\"true\" class=\"wp-block-spacer\"><\/div>\n\n\n\n<h3 class=\"wp-block-heading\">2023-12-18<\/h3>\n\n\n\n<p><strong>Tidpunkt:<\/strong> kl. 10.30<br><strong>Istjocklek:<\/strong> b\u00e4rig p\u00e5 rundbanan, ok\u00e4nt s\u00f6derut.<br><strong>Iskvalit\u00e9:<\/strong> bl\u00f6tt och ytmjukt med inslag av slukh\u00e5l.<br><strong>Sn\u00f6m\u00e4ngd:<\/strong> 0-5 cm bl\u00f6tt sn\u00f6mos bredvid banan.<br><strong>Status skridskobana:<\/strong> \u00e5kning rekommenderas ej!<br><strong>Status skidsp\u00e5r:<\/strong> &#8211;<\/p>\n\n\n\n<figure class=\"wp-block-image size-large\"><img loading=\"lazy\" decoding=\"async\" width=\"1024\" height=\"768\" src=\"https:\/\/e5gp8rwuod7.exactdn.com\/vasteras\/wp-content\/uploads\/sites\/4\/2023\/11\/2023-12-18-10.14.04-1024x768.jpg?strip=all&lossy=1&ssl=1\" alt=\"\" class=\"wp-image-61568\" srcset=\"https:\/\/e5gp8rwuod7.exactdn.com\/vasteras\/wp-content\/uploads\/sites\/4\/2023\/11\/2023-12-18-10.14.04-1024x768.jpg?strip=all&amp;lossy=1&amp;ssl=1 1024w, https:\/\/e5gp8rwuod7.exactdn.com\/vasteras\/wp-content\/uploads\/sites\/4\/2023\/11\/2023-12-18-10.14.04-300x225.jpg?strip=all&amp;lossy=1&amp;ssl=1 300w, https:\/\/e5gp8rwuod7.exactdn.com\/vasteras\/wp-content\/uploads\/sites\/4\/2023\/11\/2023-12-18-10.14.04-768x576.jpg?strip=all&amp;lossy=1&amp;ssl=1 768w, https:\/\/e5gp8rwuod7.exactdn.com\/vasteras\/wp-content\/uploads\/sites\/4\/2023\/11\/2023-12-18-10.14.04-1536x1152.jpg?strip=all&amp;lossy=1&amp;ssl=1 1536w, https:\/\/e5gp8rwuod7.exactdn.com\/vasteras\/wp-content\/uploads\/sites\/4\/2023\/11\/2023-12-18-10.14.04-469x352.jpg?strip=all&amp;lossy=1&amp;ssl=1 469w, https:\/\/e5gp8rwuod7.exactdn.com\/vasteras\/wp-content\/uploads\/sites\/4\/2023\/11\/2023-12-18-10.14.04-320x240.jpg?strip=all&amp;lossy=1&amp;ssl=1 320w, https:\/\/e5gp8rwuod7.exactdn.com\/vasteras\/wp-content\/uploads\/sites\/4\/2023\/11\/2023-12-18-10.14.04-1920x1440.jpg?strip=all&amp;lossy=1&amp;ssl=1 1920w, https:\/\/e5gp8rwuod7.exactdn.com\/vasteras\/wp-content\/uploads\/sites\/4\/2023\/11\/2023-12-18-10.14.04-600x450.jpg?strip=all&amp;lossy=1&amp;ssl=1 600w, https:\/\/e5gp8rwuod7.exactdn.com\/vasteras\/wp-content\/uploads\/sites\/4\/2023\/11\/2023-12-18-10.14.04.jpg?strip=all&amp;lossy=1&amp;ssl=1 2000w, https:\/\/e5gp8rwuod7.exactdn.com\/vasteras\/wp-content\/uploads\/sites\/4\/2023\/11\/2023-12-18-10.14.04.jpg?strip=all&amp;lossy=1&amp;w=384&amp;ssl=1 384w, https:\/\/e5gp8rwuod7.exactdn.com\/vasteras\/wp-content\/uploads\/sites\/4\/2023\/11\/2023-12-18-10.14.04.jpg?strip=all&amp;lossy=1&amp;w=1152&amp;ssl=1 1152w\" sizes=\"auto, (max-width: 1024px) 100vw, 1024px\" \/><\/figure>\n\n\n\n<p>N\u00e4r isen \u00e4r s\u00e5 bl\u00f6t som den \u00e4r nu ger inte vi oss ut s\u00e4rskilt l\u00e5ngt p\u00e5 banan. Vi ser omg\u00e5ende hur f\u00f6rh\u00e5llandena ser ut och om de l\u00e4mpar sig f\u00f6r skridsko\u00e5kning eller inte. Statusen l\u00e4ngs banan \u00e4r d\u00e4rf\u00f6r ok\u00e4nd och om du \u00e4nd\u00e5 \u00e5ker, trots v\u00e5ra rekommendationer, m\u00e5ste du p\u00e5 egen hand kontrollera isens b\u00e4righet. Men vi ser helst att du inte g\u00f6r det, det f\u00f6rb\u00e4ttrar inte banan n\u00e4r n\u00e5gon pikar h\u00e5l i den var 50:e meter.<\/p>\n\n\n\n<p>Skridskobanan i H\u00e4ssl\u00f6sundet \u00e4r vattent\u00e4ckt och ytmjuk. Vattnet p\u00e5 isen g\u00f6r ytan mjuk vilket g\u00f6r att skenorna riskerar att sk\u00e4ra ner i isen och fastna. F\u00f6rutom att du riskerar att ramla och sl\u00e5 dig blir det s\u00e5r i banan som finns kvar n\u00e4r isen fryser till.<\/p>\n\n\n\n<p>Undvik att \u00e5ka skridskor nu och ge er till t\u00e5ls. F\u00f6r i b\u00e4sta fall fryser banan ihop och blir j\u00e4ttefin lagom till julhelgen. Det ser visserligen ut att komma en del sn\u00f6 i slutet av veckan, men vi hoppas att banan frusit ihop, utan \u00f6veris, s\u00e5 att vi kan ploga bort den.<\/p>\n\n\n\n<p>D\u00e4remot \u00e4r det inte n\u00e5gon fara att isen f\u00f6rsvinner av det h\u00e4r t\u00f6v\u00e4dret. Den kan absolut tunnas ur och f\u00e5 fler slukh\u00e5l, men den kommer att ligga kvar och bli en bra grund f\u00f6r fortsatt skridsko\u00e5kning n\u00e4r det blir kallt.<\/p>\n\n\n\n<div style=\"height:50px\" aria-hidden=\"true\" class=\"wp-block-spacer\"><\/div>\n\n\n\n<h3 class=\"wp-block-heading\">2023-12-08<\/h3>\n\n\n\n<p><strong>Tidpunkt:<\/strong> kl. 11.00<br><strong>Istjocklek:<\/strong> 10-12 cm p\u00e5 den plogade skridskobanan.<br><strong>Iskvalit\u00e9:<\/strong> helt OK. N\u00e5got oj\u00e4mn p\u00e5 sina st\u00e4llen, men fullt \u00e5kbar.<br><strong>Sn\u00f6m\u00e4ngd:<\/strong> 15 cm vid sidan av banan.<br><strong>Status skridskobana:<\/strong> \u00f6ppen och nyplogad, fr\u00e5n Bj\u00f6rn\u00f6g\u00e5rden till Bj\u00f6rn\u00f6borg.<br><strong>Status skidsp\u00e5r:<\/strong> &#8211;<\/p>\n\n\n\n<figure class=\"wp-block-image size-large\"><img decoding=\"async\" src=\"https:\/\/e5gp8rwuod7.exactdn.com\/wp-content\/uploads\/2023\/12\/2023-12-08-11.37.25-1024x768.jpg?strip=all&lossy=1&ssl=1\" alt=\"\" class=\"wp-image-61563\"\/><\/figure>\n\n\n\n<p>Ig\u00e5r kunde vi \u00e4ntligen ge oss ut p\u00e5 isen i H\u00e4ssl\u00f6sundet och kontrollm\u00e4ta, m\u00e4rka ut och ploga en skridskobana. D\u00e4rf\u00f6r kunde vi forts\u00e4tta ploga p\u00e5 f\u00f6rmiddagen idag efter nattens sn\u00f6fall. Skridskobanan \u00e4r med andra ord nyplogad och \u00f6ppen att \u00e5kas p\u00e5 i detta nu.<\/p>\n\n\n\n<p>Skridskobanan i H\u00e4ssl\u00f6sundet best\u00e5r av en rundbana nedanf\u00f6r Bj\u00f6rn\u00f6g\u00e5rden i norra delen av sundet som \u00e4r ca 500 meter l\u00e5ng. Fr\u00e5n den g\u00e5r en anslutning ner till bron d\u00e4r du sedan kan ta dig \u00f6ver till den plogade skridskobanan p\u00e5 fj\u00e4rden som ocks\u00e5 har \u00f6ppnat. Fr\u00e5n rundbanan forts\u00e4tter banan s\u00f6derut i sundet \u00e4nda ner till Bj\u00f6rn\u00f6borg, tre kilometer bort. L\u00e4ngre \u00e4n s\u00e5 var det ingen id\u00e9 att ploga f\u00f6r isen d\u00e4rifr\u00e5n fram till G\u00e4ddeholm hade f\u00f6r d\u00e5lig kvalitet, den gick inte att \u00e5ka skridskor p\u00e5.<\/p>\n\n\n\n<p>Iskvaliteten \u00e4r helt OK. Det \u00e4r mest st\u00f6pis l\u00e4ngs banan, dvs. det \u00e4r sn\u00f6 som blivit bl\u00f6t och frusit till p\u00e5 en botten av tunn k\u00e4rnis. Isen \u00e4r d\u00e4rf\u00f6r gulvitaktig och lite grynig. B\u00e4righeten \u00e4r det inget fel p\u00e5, men den skulle kunna bli ytmjuk om det blir mildare v\u00e4der. Men prognosen utlovar mer kyla efter helgen s\u00e5 vi tror inte att det kommer intr\u00e4ffa.<\/p>\n\n\n\n<p>Med andra ord \u00e4r skridskos\u00e4songen h\u00e4r, vi ses p\u00e5 isen!  <\/p>\n\n\n\n<div style=\"height:50px\" aria-hidden=\"true\" class=\"wp-block-spacer\"><\/div>\n\n\n\n<h3 class=\"wp-block-heading\">2023-12-01<\/h3>\n\n\n\n<p><strong>Tidpunkt:<\/strong> kl. 11.37<br><strong>Istjocklek:<\/strong> 6-7 cm utanf\u00f6r Bj\u00f6rn\u00f6g\u00e5rdens bryggor.<br><strong>Iskvalit\u00e9:<\/strong> d\u00e5lig: \u00f6veris med grynig st\u00f6pis \u00f6verst och ca 2 cm k\u00e4rnis under det.<br><strong>Sn\u00f6m\u00e4ngd:<\/strong> 0-5 cm, sn\u00f6n har drevat och ligger i str\u00e5k.<br><strong>Status skridskobana:<\/strong> VARNING! Betr\u00e4d ej isen, banan \u00e4r inte \u00f6ppen \u00e4n.<br><strong>Status skidsp\u00e5r:<\/strong> &#8211;<\/p>\n\n\n\n<figure class=\"wp-block-image size-large\"><img loading=\"lazy\" decoding=\"async\" width=\"1024\" height=\"768\" src=\"https:\/\/e5gp8rwuod7.exactdn.com\/vasteras\/wp-content\/uploads\/sites\/4\/2023\/11\/2023-12-01-11.09.34-1024x768.jpg?strip=all&lossy=1&ssl=1\" alt=\"\" class=\"wp-image-61555\" srcset=\"https:\/\/e5gp8rwuod7.exactdn.com\/vasteras\/wp-content\/uploads\/sites\/4\/2023\/11\/2023-12-01-11.09.34-1024x768.jpg?strip=all&amp;lossy=1&amp;ssl=1 1024w, https:\/\/e5gp8rwuod7.exactdn.com\/vasteras\/wp-content\/uploads\/sites\/4\/2023\/11\/2023-12-01-11.09.34-300x225.jpg?strip=all&amp;lossy=1&amp;ssl=1 300w, https:\/\/e5gp8rwuod7.exactdn.com\/vasteras\/wp-content\/uploads\/sites\/4\/2023\/11\/2023-12-01-11.09.34-768x576.jpg?strip=all&amp;lossy=1&amp;ssl=1 768w, https:\/\/e5gp8rwuod7.exactdn.com\/vasteras\/wp-content\/uploads\/sites\/4\/2023\/11\/2023-12-01-11.09.34-469x352.jpg?strip=all&amp;lossy=1&amp;ssl=1 469w, https:\/\/e5gp8rwuod7.exactdn.com\/vasteras\/wp-content\/uploads\/sites\/4\/2023\/11\/2023-12-01-11.09.34-320x240.jpg?strip=all&amp;lossy=1&amp;ssl=1 320w, https:\/\/e5gp8rwuod7.exactdn.com\/vasteras\/wp-content\/uploads\/sites\/4\/2023\/11\/2023-12-01-11.09.34-600x450.jpg?strip=all&amp;lossy=1&amp;ssl=1 600w, https:\/\/e5gp8rwuod7.exactdn.com\/vasteras\/wp-content\/uploads\/sites\/4\/2023\/11\/2023-12-01-11.09.34.jpg?strip=all&amp;lossy=1&amp;ssl=1 1500w, https:\/\/e5gp8rwuod7.exactdn.com\/vasteras\/wp-content\/uploads\/sites\/4\/2023\/11\/2023-12-01-11.09.34.jpg?strip=all&amp;lossy=1&amp;w=384&amp;ssl=1 384w, https:\/\/e5gp8rwuod7.exactdn.com\/vasteras\/wp-content\/uploads\/sites\/4\/2023\/11\/2023-12-01-11.09.34.jpg?strip=all&amp;lossy=1&amp;w=1152&amp;ssl=1 1152w\" sizes=\"auto, (max-width: 1024px) 100vw, 1024px\" \/><\/figure>\n\n\n\n<p>Vi f\u00e5r m\u00e5nga fr\u00e5gor just nu om hur isl\u00e4get ser ut p\u00e5 M\u00e4laren med tanke p\u00e5 den ih\u00e5llande kylan. Tyv\u00e4rr har vi inga goda nyheter att rapportera.<\/p>\n\n\n\n<p>En tunn is hann l\u00e4gga sig i H\u00e4ssl\u00f6sundet innan sn\u00f6n kom, men den blev aldrig tillr\u00e4ckligt tjock och b\u00e4rkraftig f\u00f6r att \u00e5ka skridskor p\u00e5 innan den t\u00e4cktes av sn\u00f6. Sn\u00f6n har sedan effektivt f\u00f6rhindrat att isen vuxit till sig. Ist\u00e4llet har har sn\u00f6n p\u00e5 isen delvis st\u00f6pt ner och bildat ett grynigt skikt ovanp\u00e5 k\u00e4rnisen som inte \u00e4r \u00e5kbart, mellan lagren \u00e4r det ca 1 cm vatten. \u00c4ven om isen h\u00e5ller att st\u00e5 p\u00e5 vid bryggorna skulle ett par skenor sk\u00e4ra ner och fastna i den mjuka st\u00f6pisen.<\/p>\n\n\n\n<p>F\u00f6r att isen i H\u00e4ssl\u00f6sundet ska kunna bli \u00e5kbar beh\u00f6vs dessv\u00e4rre ett t\u00f6v\u00e4der som g\u00f6r att sn\u00f6n sm\u00e4lter bort helt och h\u00e5llet s\u00e5 att den kan frysa om.<\/p>\n\n\n\n<p>Ute p\u00e5 fj\u00e4rden \u00e4r det d\u00e4remot \u00f6ppet vatten fortfarande och om det f\u00e5r frysa till ost\u00f6rt n\u00e4r det blir kallt i helgen kan det mycket v\u00e4l bli skridsko\u00e5kning d\u00e4r inom kort.<\/p>\n\n\n\n<div style=\"height:50px\" aria-hidden=\"true\" class=\"wp-block-spacer\"><\/div>\n\n\n\n<h3 class=\"wp-block-heading\">V\u00e4lkommenkv\u00e4ll 22\/11 f\u00f6r dig som vill bli medlem i LiV<\/h3>\n\n\n\n<p><strong>Tid:<\/strong> kl. 18.30, 22 november<br><strong>Plats:<\/strong> Bj\u00f6rn\u00f6g\u00e5rden<br><strong>Anm\u00e4lan:<\/strong> <a href=\"https:\/\/liv.skridsko.net\/skridskonet\/tur\/tur-v.asp?ID=25678&amp;fbclid=IwAR0tosTr5iEjuKARkPIQgnn1QTJiBl6AsIK4auZN2xrKGJW7x-oSmTLaM7A\" target=\"_blank\" rel=\"noreferrer noopener\">https:\/\/liv.skridsko.net\/skridskonet\/tur\/tur-v.asp?ID=25678<\/a><\/p>\n\n\n\n<figure class=\"wp-block-image size-large\"><img loading=\"lazy\" decoding=\"async\" width=\"1024\" height=\"748\" src=\"https:\/\/e5gp8rwuod7.exactdn.com\/vasteras\/wp-content\/uploads\/sites\/4\/2022\/12\/2019-03-01-09.42.35-1024x748.jpg?strip=all&lossy=1&ssl=1\" alt=\"\" class=\"wp-image-61542\" srcset=\"https:\/\/e5gp8rwuod7.exactdn.com\/vasteras\/wp-content\/uploads\/sites\/4\/2022\/12\/2019-03-01-09.42.35-1024x748.jpg?strip=all&amp;lossy=1&amp;ssl=1 1024w, https:\/\/e5gp8rwuod7.exactdn.com\/vasteras\/wp-content\/uploads\/sites\/4\/2022\/12\/2019-03-01-09.42.35-300x219.jpg?strip=all&amp;lossy=1&amp;ssl=1 300w, https:\/\/e5gp8rwuod7.exactdn.com\/vasteras\/wp-content\/uploads\/sites\/4\/2022\/12\/2019-03-01-09.42.35-768x561.jpg?strip=all&amp;lossy=1&amp;ssl=1 768w, https:\/\/e5gp8rwuod7.exactdn.com\/vasteras\/wp-content\/uploads\/sites\/4\/2022\/12\/2019-03-01-09.42.35-482x352.jpg?strip=all&amp;lossy=1&amp;ssl=1 482w, https:\/\/e5gp8rwuod7.exactdn.com\/vasteras\/wp-content\/uploads\/sites\/4\/2022\/12\/2019-03-01-09.42.35-329x240.jpg?strip=all&amp;lossy=1&amp;ssl=1 329w, https:\/\/e5gp8rwuod7.exactdn.com\/vasteras\/wp-content\/uploads\/sites\/4\/2022\/12\/2019-03-01-09.42.35-600x438.jpg?strip=all&amp;lossy=1&amp;ssl=1 600w, https:\/\/e5gp8rwuod7.exactdn.com\/vasteras\/wp-content\/uploads\/sites\/4\/2022\/12\/2019-03-01-09.42.35.jpg?strip=all&amp;lossy=1&amp;ssl=1 1500w, https:\/\/e5gp8rwuod7.exactdn.com\/vasteras\/wp-content\/uploads\/sites\/4\/2022\/12\/2019-03-01-09.42.35.jpg?strip=all&amp;lossy=1&amp;w=384&amp;ssl=1 384w, https:\/\/e5gp8rwuod7.exactdn.com\/vasteras\/wp-content\/uploads\/sites\/4\/2022\/12\/2019-03-01-09.42.35.jpg?strip=all&amp;lossy=1&amp;w=1152&amp;ssl=1 1152w\" sizes=\"auto, (max-width: 1024px) 100vw, 1024px\" \/><\/figure>\n\n\n\n<p>Dr\u00f6mmer du om att f\u00e5 l\u00e4mna folkmyllret p\u00e5 de plogade skridskobanorna och att kunna \u00e5ka fritt p\u00e5 spegelblanka isar?<\/p>\n\n\n\n<p>D\u00e5 ska du bli medlem i f\u00f6reningen L\u00e5ngf\u00e4rdsskridsko i V\u00e4ster\u00e5s s\u00e5 att du kan h\u00e4nga med p\u00e5 deras ledarledda skridskoturer som de arrangerar b\u00e5de n\u00e4r och fj\u00e4rran. Men f\u00f6r att bli medlem beh\u00f6ver du delta p\u00e5 en av f\u00f6reningens v\u00e4lkommenkv\u00e4llar f\u00f6r nya medlemmar d\u00e4r de g\u00e5r igenom allt du beh\u00f6ver veta f\u00f6r att delta i f\u00f6reningens turutbud.<\/p>\n\n\n\n<p>Du anm\u00e4ler dig till evenemanget genom att boka din plats p\u00e5 deras hemsida:<br><a href=\"https:\/\/liv.skridsko.net\/skridskonet\/tur\/tur-v.asp?ID=25678&amp;fbclid=IwAR0tosTr5iEjuKARkPIQgnn1QTJiBl6AsIK4auZN2xrKGJW7x-oSmTLaM7A\" target=\"_blank\" rel=\"noreferrer noopener\">https:\/\/liv.skridsko.net\/skridskonet\/tur\/tur-v.asp?ID=25678<\/a><\/p>\n\n\n\n<p>Antalet platser \u00e4r begr\u00e4nsat till 50 s\u00e5 tveka inte anm\u00e4l dig nu.<\/p>\n\n\n\n<div style=\"height:50px\" aria-hidden=\"true\" class=\"wp-block-spacer\"><\/div>\n\n\n\n<h3 class=\"wp-block-heading\">2023-03-09<\/h3>\n\n\n\n<p><strong>Tidpunkt:<\/strong> kl. 09.00<br><strong>Istjocklek:<\/strong> 4-20 cm: tunnast vid flygplatsen och tjockast i s\u00f6dra delen efter Bj\u00f6rn\u00f6halsen<br><strong>Iskvalit\u00e9:<\/strong> Bulig och oj\u00e4mn. Mycket varierande is, allt fr\u00e5n ny k\u00e4rnis till \u00e4ldre, por\u00f6s st\u00f6pis.<br><strong>Sn\u00f6m\u00e4ngd:<\/strong> 0-5 cm, sn\u00f6n har drevat och den ligger i str\u00e5k med blank is mellan.<br><strong>Status skridskobana:<\/strong> Avvecklad f\u00f6r s\u00e4songen pga. d\u00e5lig iskvalitet.<br><strong>Status skidsp\u00e5r:<\/strong> &#8211;<\/p>\n\n\n\n<figure class=\"wp-block-image size-large\"><img loading=\"lazy\" decoding=\"async\" width=\"1024\" height=\"768\" src=\"https:\/\/e5gp8rwuod7.exactdn.com\/vasteras\/wp-content\/uploads\/sites\/4\/2023\/03\/2023-03-09-08.55.14-1024x768.jpg?strip=all&lossy=1&ssl=1\" alt=\"\" class=\"wp-image-61416\" srcset=\"https:\/\/e5gp8rwuod7.exactdn.com\/vasteras\/wp-content\/uploads\/sites\/4\/2023\/03\/2023-03-09-08.55.14-1024x768.jpg?strip=all&amp;lossy=1&amp;ssl=1 1024w, https:\/\/e5gp8rwuod7.exactdn.com\/vasteras\/wp-content\/uploads\/sites\/4\/2023\/03\/2023-03-09-08.55.14-300x225.jpg?strip=all&amp;lossy=1&amp;ssl=1 300w, https:\/\/e5gp8rwuod7.exactdn.com\/vasteras\/wp-content\/uploads\/sites\/4\/2023\/03\/2023-03-09-08.55.14-768x576.jpg?strip=all&amp;lossy=1&amp;ssl=1 768w, https:\/\/e5gp8rwuod7.exactdn.com\/vasteras\/wp-content\/uploads\/sites\/4\/2023\/03\/2023-03-09-08.55.14-1536x1152.jpg?strip=all&amp;lossy=1&amp;ssl=1 1536w, https:\/\/e5gp8rwuod7.exactdn.com\/vasteras\/wp-content\/uploads\/sites\/4\/2023\/03\/2023-03-09-08.55.14-2048x1536.jpg?strip=all&amp;lossy=1&amp;ssl=1 2048w, https:\/\/e5gp8rwuod7.exactdn.com\/vasteras\/wp-content\/uploads\/sites\/4\/2023\/03\/2023-03-09-08.55.14-469x352.jpg?strip=all&amp;lossy=1&amp;ssl=1 469w, https:\/\/e5gp8rwuod7.exactdn.com\/vasteras\/wp-content\/uploads\/sites\/4\/2023\/03\/2023-03-09-08.55.14-320x240.jpg?strip=all&amp;lossy=1&amp;ssl=1 320w, https:\/\/e5gp8rwuod7.exactdn.com\/vasteras\/wp-content\/uploads\/sites\/4\/2023\/03\/2023-03-09-08.55.14-1920x1440.jpg?strip=all&amp;lossy=1&amp;ssl=1 1920w, https:\/\/e5gp8rwuod7.exactdn.com\/vasteras\/wp-content\/uploads\/sites\/4\/2023\/03\/2023-03-09-08.55.14-600x450.jpg?strip=all&amp;lossy=1&amp;ssl=1 600w, https:\/\/e5gp8rwuod7.exactdn.com\/vasteras\/wp-content\/uploads\/sites\/4\/2023\/03\/2023-03-09-08.55.14.jpg?strip=all&amp;lossy=1&amp;w=384&amp;ssl=1 384w, https:\/\/e5gp8rwuod7.exactdn.com\/vasteras\/wp-content\/uploads\/sites\/4\/2023\/03\/2023-03-09-08.55.14.jpg?strip=all&amp;lossy=1&amp;w=1152&amp;ssl=1 1152w\" sizes=\"auto, (max-width: 1024px) 100vw, 1024px\" \/><\/figure>\n\n\n\n<p>Idag har vi rekat isen i H\u00e4ssl\u00f6sundet och beslutat oss f\u00f6r att o<strong>fficiellt avveckla\/st\u00e4nga skridskobanan f\u00f6r s\u00e4songen<\/strong>. Isen \u00e4r f\u00f6r oj\u00e4mn och d\u00e5lig eftersom vi inte kunna ploga den regelbundet. Isen \u00e4r s\u00e5 pass bulig att det \u00e4r sv\u00e5rt att h\u00e5lla balansen, dessutom k\u00f6r skridskorna fast p\u00e5 en del st\u00e4llen b\u00e5de pga. ny och gammal sn\u00f6 samt st\u00f6pis. Det \u00e4r inget n\u00f6ja att \u00e5ka p\u00e5 den och vi kommer inte att kunna g\u00f6ra n\u00e5got \u00e5t det, \u00e4ven om vi skulle kunna ta oss ut med fyrhjulingen. Passa p\u00e5 att \u00e5ka p\u00e5 <a href=\"https:\/\/www.facebook.com\/profile.php?id=100064616292607\" target=\"_blank\" rel=\"noreferrer noopener\">skridskobanan p\u00e5 V\u00e4ster\u00e5sfj\u00e4rden<\/a> ist\u00e4llet, d\u00e4r \u00e4r isen j\u00e4mn och fin och den kommer s\u00e4kert att vara \u00f6ppen minst en vecka till.<\/p>\n\n\n\n<p>Tack vare kylan vi haft nu kunde vi f\u00f6r f\u00f6rsta g\u00e5ngen p\u00e5 flera veckor \u00e5ka f\u00f6rbi det k\u00e4nsliga omr\u00e5det vid flygplatsen n\u00e4r vi rekade. Isen \u00e4r klart tunnare d\u00e4r (4-6 cm beroende p\u00e5 m\u00e4tpunkt) och trots att den b\u00e4r en skridsko\u00e5kare \u00e4r det inget vi skulle dra en bana p\u00e5. Bortanf\u00f6r flygplatsen, d\u00e4r Limstab\u00e4cken rinner ut, har det \u00e4ven bildats tv\u00e5 rej\u00e4la r\u00e5kar. De \u00e4r tillfrusna just nu, men \u00e4ven d\u00e4r \u00e4r det tunnare is. Framf\u00f6rallt \u00e4r isen d\u00e4r kvalitetsm\u00e4ssigt riktigt d\u00e5lig, skrovlig och oj\u00e4mn, du f\u00e5r kliva fram snarare \u00e4n att \u00e5ka.<\/p>\n\n\n\n<p>Fr\u00e5n Bj\u00f6rn\u00f6halsen och ner mot s\u00f6dra Bj\u00f6rn\u00f6n \u00e4r isen riktigt tjock, upp mot 20 cm. Men den ser likadan ut d\u00e4r: bulig och oj\u00e4mn och jobbig att \u00e5ka p\u00e5. Men att \u00e5ka spark p\u00e5 den mellan G\u00e4ddeholm och Bj\u00f6rn\u00f6halsen duger den till.<\/p>\n\n\n\n<p>Eftersom isen kommer ligga kvar ett bra tag, utan att vi kan nyttja den till skridsko\u00e5kning i H\u00e4ssl\u00f6sundet, har vi ist\u00e4llet planerat in <a href=\"https:\/\/aktivtuteliv.se\/vasteras\/event\/issakerhetskurs\/\">tv\u00e5 tillf\u00e4llen f\u00f6r en iss\u00e4kerhetskurs<\/a> f\u00f6r allm\u00e4nheten. Kursen v\u00e4nder sig till&nbsp;<strong>privatpersoner<\/strong>&nbsp;som vill l\u00e4ra sig mer om iskunskap, iss\u00e4kerhet och hur det g\u00e5r till att ta sig upp ur en isvak. Ta tillf\u00e4llet i akt och passa p\u00e5 att anm\u00e4la dig!<\/p>\n\n\n\n<div style=\"height:50px\" aria-hidden=\"true\" class=\"wp-block-spacer\"><\/div>\n\n\n\n<h3 class=\"wp-block-heading\">2023-02-18<\/h3>\n\n\n\n<p><strong>Tidpunkt:<\/strong> kl. 09.30<br><strong>Istjocklek:<\/strong> VARNING! 4-18 cm: tunnast i norra delen och tjockast i s\u00f6dra delen<br><strong>Iskvalit\u00e9:<\/strong> VARNING! God kvalitet, men bitvis v\u00e4ldigt tunn is<br><strong>Sn\u00f6m\u00e4ngd:<\/strong> &#8211;<br><strong>Status skridskobana:<\/strong> VARNING! Ej \u00e5kbar pga. svag is<br><strong>Status skidsp\u00e5r:<\/strong> &#8211;<\/p>\n\n\n\n<figure class=\"wp-block-image size-large\"><img loading=\"lazy\" decoding=\"async\" width=\"1024\" height=\"716\" src=\"https:\/\/e5gp8rwuod7.exactdn.com\/vasteras\/wp-content\/uploads\/sites\/4\/2023\/02\/2023-02-18-09.51.19-1024x716.jpg?strip=all&lossy=1&ssl=1\" alt=\"\" class=\"wp-image-61411\" srcset=\"https:\/\/e5gp8rwuod7.exactdn.com\/vasteras\/wp-content\/uploads\/sites\/4\/2023\/02\/2023-02-18-09.51.19-1024x716.jpg?strip=all&amp;lossy=1&amp;ssl=1 1024w, https:\/\/e5gp8rwuod7.exactdn.com\/vasteras\/wp-content\/uploads\/sites\/4\/2023\/02\/2023-02-18-09.51.19-300x210.jpg?strip=all&amp;lossy=1&amp;ssl=1 300w, https:\/\/e5gp8rwuod7.exactdn.com\/vasteras\/wp-content\/uploads\/sites\/4\/2023\/02\/2023-02-18-09.51.19-768x537.jpg?strip=all&amp;lossy=1&amp;ssl=1 768w, https:\/\/e5gp8rwuod7.exactdn.com\/vasteras\/wp-content\/uploads\/sites\/4\/2023\/02\/2023-02-18-09.51.19-1536x1074.jpg?strip=all&amp;lossy=1&amp;ssl=1 1536w, https:\/\/e5gp8rwuod7.exactdn.com\/vasteras\/wp-content\/uploads\/sites\/4\/2023\/02\/2023-02-18-09.51.19-2048x1432.jpg?strip=all&amp;lossy=1&amp;ssl=1 2048w, https:\/\/e5gp8rwuod7.exactdn.com\/vasteras\/wp-content\/uploads\/sites\/4\/2023\/02\/2023-02-18-09.51.19-503x352.jpg?strip=all&amp;lossy=1&amp;ssl=1 503w, https:\/\/e5gp8rwuod7.exactdn.com\/vasteras\/wp-content\/uploads\/sites\/4\/2023\/02\/2023-02-18-09.51.19-343x240.jpg?strip=all&amp;lossy=1&amp;ssl=1 343w, https:\/\/e5gp8rwuod7.exactdn.com\/vasteras\/wp-content\/uploads\/sites\/4\/2023\/02\/2023-02-18-09.51.19-1920x1343.jpg?strip=all&amp;lossy=1&amp;ssl=1 1920w, https:\/\/e5gp8rwuod7.exactdn.com\/vasteras\/wp-content\/uploads\/sites\/4\/2023\/02\/2023-02-18-09.51.19-600x420.jpg?strip=all&amp;lossy=1&amp;ssl=1 600w, https:\/\/e5gp8rwuod7.exactdn.com\/vasteras\/wp-content\/uploads\/sites\/4\/2023\/02\/2023-02-18-09.51.19.jpg?strip=all&amp;lossy=1&amp;w=1152&amp;ssl=1 1152w\" sizes=\"auto, (max-width: 1024px) 100vw, 1024px\" \/><\/figure>\n\n\n\n<p>Tyv\u00e4rr har de senaste dagarnas t\u00f6v\u00e4der f\u00e5tt den redan tunna isen i norra delen av H\u00e4ssl\u00f6sundet att tunnas ut \u00e4nnu mer. Kvalitetsm\u00e4ssigt \u00e4r den sl\u00e4t, fin och alldeles torr, men den \u00e4r f\u00f6r tunn att \u00e5ka p\u00e5. Det \u00e4r fullt m\u00f6jligt att den g\u00e5r att \u00e5ka p\u00e5 fr\u00e5n G\u00e4ddeholm till Bj\u00f6rn\u00f6halsen, f\u00f6r d\u00e4r var isen varit betydligt tjockare (15-20 cm) tidigare i veckan. Men eftersom vi inte kan ta oss ner dit f\u00f6r att kontrollera det idag \u00e5ker du p\u00e5 eget ansvar. Dvs. du m\u00e5ste sj\u00e4lv kunna kontrollera isens b\u00e4righet med en ispik.<\/p>\n\n\n\n<p>Vi rekommenderar att du \u00e5ker skridskor p\u00e5 skridskobanan p\u00e5 fj\u00e4rden ist\u00e4llet. Den \u00e4r kontrollerad och uppm\u00e4rkt och har en istjocklek p\u00e5 10 cm l\u00e4ngs hela banan. Om du vill hyra skridskor hos oss kan du g\u00f6ra det och sedan \u00e5ka bort till stugbyn, Granbo, p\u00e5 norra Bj\u00f6rn\u00f6n och kliva p\u00e5 banan d\u00e4rifr\u00e5n.<\/p>\n\n\n\n<p>I sundet ska du undvika omr\u00e5det fr\u00e5n Bj\u00f6rn\u00f6g\u00e5rden ned till Bj\u00f6rn\u00f6bron helt och h\u00e5llet, d\u00e4r \u00e4r isen riktigt tunn och det \u00e4r \u00f6ppet under bron. Fr\u00e5n Bj\u00f6rn\u00f6g\u00e5rden ned till den f\u00f6rsta lilla \u00f6n vid H\u00e4ssl\u00f6g\u00e5rd \u00e4r det \u00e5kbart, men tunt (6-8 cm). P\u00e5 utsidan av den andra lilla \u00f6n, i h\u00f6jd med flygplatsen, och ned till betongklumpen innan Bj\u00f6rn\u00f6halsen spricker isen n\u00e4r du belastar den, undvik att \u00e5ka d\u00e4r (isen \u00e4r 3-5 cm tjock). Vi f\u00e5r h\u00e5lla tummarna f\u00f6r att detta omr\u00e5de hinner v\u00e4xa s\u00e5 pass att vi kan ploga h\u00e4r n\u00e4r v\u00e4l sn\u00f6n kommer i n\u00e4sta vecka.<\/p>\n\n\n\n<p>F\u00f6r \u00f6vrigt s\u00e5 har kommunen beslutat att <a href=\"https:\/\/aktivtuteliv.se\/blog\/kommunen-drar-in-stodet-for-plogningen-av-hasslosundet-igen\/\">inte bekosta plogningen av H\u00e4ssl\u00f6sundet<\/a> i vinter, n\u00e5got de gjort sedan 70-talet. De forts\u00e4tter d\u00e4remot att st\u00f6dja V\u00e4ster\u00e5s ideella plogare och skridskobanan ute p\u00e5 fj\u00e4rden. Men b\u00e5de vi och VIP betraktar banorna som en helhet med tv\u00e5 delar och tycker att beslutet \u00e4r v\u00e4ldigt tr\u00e5kigt.<\/p>\n\n\n\n<p>Om du ocks\u00e5 ogillar beslutet f\u00e5r du g\u00e4rna h\u00f6ra av dig till ansvarig politiker och ber\u00e4tta vad du tycker. Antingen direkt till kommunalr\u00e5det, \u00f6verst p\u00e5 <a href=\"https:\/\/www.vasteras.se\/kommun-och-politik\/kommunens-organisation\/kommunalrad-och-oppositionsrad.html\" target=\"_blank\" rel=\"noreferrer noopener\">denna kontaktlista<\/a>. Eller till ordf\u00f6randen f\u00f6r n\u00e4mnden Idrott, fritid och f\u00f6rebyggande, som \u00e4r ansvarig f\u00f6r budgeten d\u00e4r detta tidigare har ing\u00e5tt. Hon \u00e4r nummer \u00e5tta p\u00e5 listan uppifr\u00e5n.<\/p>\n\n\n\n<div style=\"height:50px\" aria-hidden=\"true\" class=\"wp-block-spacer\"><\/div>\n\n\n\n<h3 class=\"wp-block-heading\">2023-02-10<\/h3>\n\n\n\n<p><strong>Tidpunkt:<\/strong> kl. 10.00<br><strong>Istjocklek:<\/strong> 8-20 cm: tunnast i norra delen och tjockast i s\u00f6dra delen<br><strong>Iskvalit\u00e9:<\/strong> God kvalitet, men ganska knottrig is<br><strong>Sn\u00f6m\u00e4ngd:<\/strong> &#8211;<br><strong>Status skridskobana:<\/strong> uppm\u00e4rkt fr\u00e5n Bj\u00f6rn\u00f6g\u00e5rden till G\u00e4ddeholm<br><strong>Status skidsp\u00e5r:<\/strong> &#8211;<\/p>\n\n\n\n<figure class=\"wp-block-image size-large\"><img loading=\"lazy\" decoding=\"async\" width=\"1024\" height=\"716\" src=\"https:\/\/e5gp8rwuod7.exactdn.com\/vasteras\/wp-content\/uploads\/sites\/4\/2023\/02\/2023-02-10-10.39.38-1024x716.jpg?strip=all&lossy=1&ssl=1\" alt=\"\" class=\"wp-image-61408\" srcset=\"https:\/\/e5gp8rwuod7.exactdn.com\/vasteras\/wp-content\/uploads\/sites\/4\/2023\/02\/2023-02-10-10.39.38-1024x716.jpg?strip=all&amp;lossy=1&amp;ssl=1 1024w, https:\/\/e5gp8rwuod7.exactdn.com\/vasteras\/wp-content\/uploads\/sites\/4\/2023\/02\/2023-02-10-10.39.38-300x210.jpg?strip=all&amp;lossy=1&amp;ssl=1 300w, https:\/\/e5gp8rwuod7.exactdn.com\/vasteras\/wp-content\/uploads\/sites\/4\/2023\/02\/2023-02-10-10.39.38-768x537.jpg?strip=all&amp;lossy=1&amp;ssl=1 768w, https:\/\/e5gp8rwuod7.exactdn.com\/vasteras\/wp-content\/uploads\/sites\/4\/2023\/02\/2023-02-10-10.39.38-1536x1074.jpg?strip=all&amp;lossy=1&amp;ssl=1 1536w, https:\/\/e5gp8rwuod7.exactdn.com\/vasteras\/wp-content\/uploads\/sites\/4\/2023\/02\/2023-02-10-10.39.38-2048x1432.jpg?strip=all&amp;lossy=1&amp;ssl=1 2048w, https:\/\/e5gp8rwuod7.exactdn.com\/vasteras\/wp-content\/uploads\/sites\/4\/2023\/02\/2023-02-10-10.39.38-503x352.jpg?strip=all&amp;lossy=1&amp;ssl=1 503w, https:\/\/e5gp8rwuod7.exactdn.com\/vasteras\/wp-content\/uploads\/sites\/4\/2023\/02\/2023-02-10-10.39.38-343x240.jpg?strip=all&amp;lossy=1&amp;ssl=1 343w, https:\/\/e5gp8rwuod7.exactdn.com\/vasteras\/wp-content\/uploads\/sites\/4\/2023\/02\/2023-02-10-10.39.38-1920x1343.jpg?strip=all&amp;lossy=1&amp;ssl=1 1920w, https:\/\/e5gp8rwuod7.exactdn.com\/vasteras\/wp-content\/uploads\/sites\/4\/2023\/02\/2023-02-10-10.39.38-600x420.jpg?strip=all&amp;lossy=1&amp;ssl=1 600w, https:\/\/e5gp8rwuod7.exactdn.com\/vasteras\/wp-content\/uploads\/sites\/4\/2023\/02\/2023-02-10-10.39.38.jpg?strip=all&amp;lossy=1&amp;w=1152&amp;ssl=1 1152w\" sizes=\"auto, (max-width: 1024px) 100vw, 1024px\" \/><\/figure>\n\n\n\n<p>Nu har vi m\u00e4rkt upp en skridskobanan igen fr\u00e5n bryggorna vid Bj\u00f6rn\u00f6g\u00e5rden till hundbadet\/tegelladan vid G\u00e4ddeholm. H\u00e5ll er innanf\u00f6r banmarkeringarna n\u00e4rmast Bj\u00f6rn\u00f6n hela tiden. L\u00e4ngs fastlandssidan finns det partier med betydligt tunnare is. Isen i norra delen av H\u00e4ssl\u00f6sundet \u00e4r \u00e5tta centimeter tjock. Det \u00e4r \u00e5kbart f\u00f6r en skridsko\u00e5kare, men ej f\u00f6r v\u00e5ran fyrhjuling. I s\u00f6dra delen av sundet, fr\u00e5n Bj\u00f6rn\u00f6halsen ned till s\u00f6dra Bj\u00f6rn\u00f6n, \u00e4r isen riktigt tjock och stabil, mellan 15-20 cm. Isen \u00e4r ganska knottrig och skrovlig, men fullt \u00e5kbar, det \u00e4r inget som hindrar \u00e5kningen.<\/p>\n\n\n\n<p>Observera att vi inte m\u00e4rkt upp n\u00e5gon skridskobana fram till Bj\u00f6rn\u00f6bron. Isen blir betydligt tunnare ju n\u00e4rmare bron man kommer. D\u00e4rf\u00f6r b\u00f6r du ej kliva p\u00e5 vid bron utan banan startar nedanf\u00f6r Bj\u00f6rn\u00f6g\u00e5rden.<\/p>\n\n\n\n<p>Ut och njut med andra ord. Idag och imorgon kommer det att vara fin skridsko\u00e5kning i soligt v\u00e4der, sedan ska det bli varmare igen.<\/p>\n\n\n\n<p>F\u00f6r \u00f6vrigt s\u00e5 har kommunen beslutat att <a href=\"https:\/\/aktivtuteliv.se\/blog\/kommunen-drar-in-stodet-for-plogningen-av-hasslosundet-igen\/\">inte bekosta plogningen av H\u00e4ssl\u00f6sundet<\/a> i vinter, n\u00e5got de gjort sedan 70-talet. De forts\u00e4tter d\u00e4remot att st\u00f6dja V\u00e4ster\u00e5s ideella plogare och skridskobanan ute p\u00e5 fj\u00e4rden. Men b\u00e5de vi och VIP betraktar banorna som en helhet med tv\u00e5 delar och tycker att beslutet \u00e4r v\u00e4ldigt tr\u00e5kigt.<\/p>\n\n\n\n<p>Om du ocks\u00e5 ogillar beslutet f\u00e5r du g\u00e4rna h\u00f6ra av dig till ansvarig politiker och ber\u00e4tta vad du tycker. Antingen direkt till kommunalr\u00e5det, \u00f6verst p\u00e5 <a href=\"https:\/\/www.vasteras.se\/kommun-och-politik\/kommunens-organisation\/kommunalrad-och-oppositionsrad.html\" target=\"_blank\" rel=\"noreferrer noopener\">denna kontaktlista<\/a>. Eller till ordf\u00f6randen f\u00f6r n\u00e4mnden Idrott, fritid och f\u00f6rebyggande, som \u00e4r ansvarig f\u00f6r budgeten d\u00e4r detta tidigare har ing\u00e5tt. Hon \u00e4r nummer \u00e5tta p\u00e5 listan uppifr\u00e5n.<\/p>\n\n\n\n<div style=\"height:50px\" aria-hidden=\"true\" class=\"wp-block-spacer\"><\/div>\n\n\n\n<h3 class=\"wp-block-heading\">2023-02-06<\/h3>\n\n\n\n<p><strong>Tidpunkt:<\/strong> kl. 13.00<br><strong>Istjocklek:<\/strong> 8-12 cm<br><strong>Iskvalit\u00e9:<\/strong> God kvalitet, bortsett fr\u00e5n ett str\u00e5k med fastfrusen iskross i norra delen<br><strong>Sn\u00f6m\u00e4ngd:<\/strong> ca 4 cm<br><strong>Status skridskobana:<\/strong> Ej plogad eller uppm\u00e4rkt<br><strong>Status skidsp\u00e5r:<\/strong> &#8211;<\/p>\n\n\n\n<figure class=\"wp-block-image size-large\"><img loading=\"lazy\" decoding=\"async\" width=\"1024\" height=\"716\" src=\"https:\/\/e5gp8rwuod7.exactdn.com\/vasteras\/wp-content\/uploads\/sites\/4\/2023\/02\/2023-02-06-13.59.12-1024x716.jpg?strip=all&lossy=1&ssl=1\" alt=\"\" class=\"wp-image-61405\" srcset=\"https:\/\/e5gp8rwuod7.exactdn.com\/vasteras\/wp-content\/uploads\/sites\/4\/2023\/02\/2023-02-06-13.59.12-1024x716.jpg?strip=all&amp;lossy=1&amp;ssl=1 1024w, https:\/\/e5gp8rwuod7.exactdn.com\/vasteras\/wp-content\/uploads\/sites\/4\/2023\/02\/2023-02-06-13.59.12-300x210.jpg?strip=all&amp;lossy=1&amp;ssl=1 300w, https:\/\/e5gp8rwuod7.exactdn.com\/vasteras\/wp-content\/uploads\/sites\/4\/2023\/02\/2023-02-06-13.59.12-768x537.jpg?strip=all&amp;lossy=1&amp;ssl=1 768w, https:\/\/e5gp8rwuod7.exactdn.com\/vasteras\/wp-content\/uploads\/sites\/4\/2023\/02\/2023-02-06-13.59.12-1536x1074.jpg?strip=all&amp;lossy=1&amp;ssl=1 1536w, https:\/\/e5gp8rwuod7.exactdn.com\/vasteras\/wp-content\/uploads\/sites\/4\/2023\/02\/2023-02-06-13.59.12-2048x1432.jpg?strip=all&amp;lossy=1&amp;ssl=1 2048w, https:\/\/e5gp8rwuod7.exactdn.com\/vasteras\/wp-content\/uploads\/sites\/4\/2023\/02\/2023-02-06-13.59.12-503x352.jpg?strip=all&amp;lossy=1&amp;ssl=1 503w, https:\/\/e5gp8rwuod7.exactdn.com\/vasteras\/wp-content\/uploads\/sites\/4\/2023\/02\/2023-02-06-13.59.12-343x240.jpg?strip=all&amp;lossy=1&amp;ssl=1 343w, https:\/\/e5gp8rwuod7.exactdn.com\/vasteras\/wp-content\/uploads\/sites\/4\/2023\/02\/2023-02-06-13.59.12-1920x1343.jpg?strip=all&amp;lossy=1&amp;ssl=1 1920w, https:\/\/e5gp8rwuod7.exactdn.com\/vasteras\/wp-content\/uploads\/sites\/4\/2023\/02\/2023-02-06-13.59.12-600x420.jpg?strip=all&amp;lossy=1&amp;ssl=1 600w, https:\/\/e5gp8rwuod7.exactdn.com\/vasteras\/wp-content\/uploads\/sites\/4\/2023\/02\/2023-02-06-13.59.12.jpg?strip=all&amp;lossy=1&amp;w=1152&amp;ssl=1 1152w\" sizes=\"auto, (max-width: 1024px) 100vw, 1024px\" \/><\/figure>\n\n\n\n<p>Isen i H\u00e4ssl\u00f6sundet har vuxit en hel del sedan v\u00e5r senaste israpport. Det g\u00e5r nu att \u00e5ka skridskor p\u00e5 egen hand i H\u00e4ssl\u00f6sundet, men inte p\u00e5 n\u00e5gon plogad bana \u00e4n. Istjockleken varierar mellan 8-12 cm, uppm\u00e4tt l\u00e4ngs Bj\u00f6rn\u00f6n fr\u00e5n Bj\u00f6rn\u00f6g\u00e5rden ner till slutet av Bj\u00f6rn\u00f6halsen. B\u00e4righeten \u00e4r med andra ord god f\u00f6r en skridsko\u00e5kare, men om du \u00e5ker nu g\u00e4ller det att du \u00e4r r\u00e4tt utrustad och sj\u00e4lv kan avg\u00f6ra var isen kan ha svagheter. \u00c5tta centimeter \u00e4r f\u00f6r tunt f\u00f6r att vi ska v\u00e5ga k\u00f6ra fyrhjuling p\u00e5 den, vi beh\u00f6ver en tjocklek p\u00e5 tio centimeter f\u00f6r att k\u00e4nna oss trygga med att ploga isen. <\/p>\n\n\n\n<p>D\u00e4remot finns det nu en plogad skridskobana ute p\u00e5 V\u00e4ster\u00e5sfj\u00e4rden igen, med anslutning fr\u00e5n bryggan nedanf\u00f6r v\u00e5r stugby Granbo. Den plogades upp under dagen idag och aktuell israpport\/banstr\u00e4ckning hittar du p\u00e5 V\u00e4ster\u00e5s ideella plogares facebook-sida.<\/p>\n\n\n\n<p>Nu hoppas vi att t\u00f6v\u00e4dret som kommer inte blir alltf\u00f6r l\u00e5ngvarigt, f\u00f6r ett kortare t\u00f6v\u00e4der har v\u00e4ldigt liten p\u00e5verkan p\u00e5 isen. Om det d\u00e4remot blir plusgrader l\u00e4nge, som det var i januari, i kombination med h\u00e5rd bl\u00e5st och regn har det d\u00e4remot stor p\u00e5verkan p\u00e5 isen.<\/p>\n\n\n\n<p>F\u00f6r \u00f6vrigt s\u00e5 har kommunen beslutat att <a href=\"https:\/\/aktivtuteliv.se\/blog\/kommunen-drar-in-stodet-for-plogningen-av-hasslosundet-igen\/\">inte bekosta plogningen av H\u00e4ssl\u00f6sundet<\/a> i vinter, n\u00e5got de gjort sedan 70-talet. De forts\u00e4tter d\u00e4remot att st\u00f6dja V\u00e4ster\u00e5s ideella plogare och skridskobanan ute p\u00e5 fj\u00e4rden. Men b\u00e5de vi och VIP betraktar banorna som en helhet med tv\u00e5 delar och tycker att beslutet \u00e4r v\u00e4ldigt tr\u00e5kigt.<\/p>\n\n\n\n<p>Om du ocks\u00e5 ogillar beslutet f\u00e5r du g\u00e4rna h\u00f6ra av dig till ansvarig politiker och ber\u00e4tta vad du tycker. Antingen direkt till kommunalr\u00e5det, \u00f6verst p\u00e5 <a href=\"https:\/\/www.vasteras.se\/kommun-och-politik\/kommunens-organisation\/kommunalrad-och-oppositionsrad.html\" target=\"_blank\" rel=\"noreferrer noopener\">denna kontaktlista<\/a>. Eller till ordf\u00f6randen f\u00f6r n\u00e4mnden Idrott, fritid och f\u00f6rebyggande, som \u00e4r ansvarig f\u00f6r budgeten d\u00e4r detta tidigare har ing\u00e5tt. Hon \u00e4r nummer \u00e5tta p\u00e5 listan uppifr\u00e5n.<\/p>\n\n\n\n<div style=\"height:50px\" aria-hidden=\"true\" class=\"wp-block-spacer\"><\/div>\n\n\n\n<h3 class=\"wp-block-heading\">2023-02-03<\/h3>\n\n\n\n<p><strong>Tidpunkt:<\/strong> kl. 11.00<br><strong>Istjocklek:<\/strong> VARNING! 3-10 cm<br><strong>Iskvalit\u00e9:<\/strong> VARNING! OK kvalitet, men v\u00e4ldigt tunn is!<br><strong>Sn\u00f6m\u00e4ngd:<\/strong> ca 1-2 cm<br><strong>Status skridskobana:<\/strong> VARNING! Skridskobanan \u00e4r st\u00e4ngd, den \u00e4r ej \u00e5kbar.<br><strong>Status skidsp\u00e5r:<\/strong> &#8211;<\/p>\n\n\n\n<figure class=\"wp-block-image size-large\"><img loading=\"lazy\" decoding=\"async\" width=\"1024\" height=\"716\" src=\"https:\/\/e5gp8rwuod7.exactdn.com\/vasteras\/wp-content\/uploads\/sites\/4\/2023\/02\/2023-02-03-10.50.48-1024x716.jpg?strip=all&lossy=1&ssl=1\" alt=\"\" class=\"wp-image-61402\" srcset=\"https:\/\/e5gp8rwuod7.exactdn.com\/vasteras\/wp-content\/uploads\/sites\/4\/2023\/02\/2023-02-03-10.50.48-1024x716.jpg?strip=all&amp;lossy=1&amp;ssl=1 1024w, https:\/\/e5gp8rwuod7.exactdn.com\/vasteras\/wp-content\/uploads\/sites\/4\/2023\/02\/2023-02-03-10.50.48-300x210.jpg?strip=all&amp;lossy=1&amp;ssl=1 300w, https:\/\/e5gp8rwuod7.exactdn.com\/vasteras\/wp-content\/uploads\/sites\/4\/2023\/02\/2023-02-03-10.50.48-768x537.jpg?strip=all&amp;lossy=1&amp;ssl=1 768w, https:\/\/e5gp8rwuod7.exactdn.com\/vasteras\/wp-content\/uploads\/sites\/4\/2023\/02\/2023-02-03-10.50.48-1536x1074.jpg?strip=all&amp;lossy=1&amp;ssl=1 1536w, https:\/\/e5gp8rwuod7.exactdn.com\/vasteras\/wp-content\/uploads\/sites\/4\/2023\/02\/2023-02-03-10.50.48-2048x1432.jpg?strip=all&amp;lossy=1&amp;ssl=1 2048w, https:\/\/e5gp8rwuod7.exactdn.com\/vasteras\/wp-content\/uploads\/sites\/4\/2023\/02\/2023-02-03-10.50.48-503x352.jpg?strip=all&amp;lossy=1&amp;ssl=1 503w, https:\/\/e5gp8rwuod7.exactdn.com\/vasteras\/wp-content\/uploads\/sites\/4\/2023\/02\/2023-02-03-10.50.48-343x240.jpg?strip=all&amp;lossy=1&amp;ssl=1 343w, https:\/\/e5gp8rwuod7.exactdn.com\/vasteras\/wp-content\/uploads\/sites\/4\/2023\/02\/2023-02-03-10.50.48-1920x1343.jpg?strip=all&amp;lossy=1&amp;ssl=1 1920w, https:\/\/e5gp8rwuod7.exactdn.com\/vasteras\/wp-content\/uploads\/sites\/4\/2023\/02\/2023-02-03-10.50.48-600x420.jpg?strip=all&amp;lossy=1&amp;ssl=1 600w, https:\/\/e5gp8rwuod7.exactdn.com\/vasteras\/wp-content\/uploads\/sites\/4\/2023\/02\/2023-02-03-10.50.48.jpg?strip=all&amp;lossy=1&amp;w=1152&amp;ssl=1 1152w\" sizes=\"auto, (max-width: 1024px) 100vw, 1024px\" \/><\/figure>\n\n\n\n<p>Tyv\u00e4rr forts\u00e4tter sn\u00f6n att s\u00e4tta k\u00e4ppar i hjulen f\u00f6r istillv\u00e4xten. Trots de kalla n\u00e4tterna vi har nu v\u00e4xer inte isen i H\u00e4ssl\u00f6sundet tillr\u00e4ckligt mycket f\u00f6r att det ska g\u00e5 att \u00e5ka skridskor p\u00e5 den. I b\u00f6rjan av veckan var det \u00f6ppet vatten i en stor del av H\u00e4ssl\u00f6sundet. Hade det bara f\u00e5tt vara kallt hade den isen kanske varit \u00e5kbar nu. Men tyv\u00e4rr f\u00f6ll det lite sn\u00f6 innan det han ske. Som vi skrivit tidigare \u00e4r sn\u00f6 p\u00e5 isen som att l\u00e4gga ett dunt\u00e4cke p\u00e5 den. Sn\u00f6 isolerar tyv\u00e4rr isen fantastiskt v\u00e4l och g\u00f6r att den knappt v\u00e4xer n\u00e5got alls.<\/p>\n\n\n\n<p>I H\u00e4ssl\u00f6sundet g\u00e5r det med andra ord inte att \u00e5ka skridskor just nu. Om du \u00e4r sugen p\u00e5 att \u00e5ka skridskor i helgen kan du med andra ord inte g\u00f6ra det h\u00e4r. Men med det sagt s\u00e5 f\u00f6rekommer det en hel del skridsko\u00e5kning ute p\u00e5 M\u00e4laren just nu, men inte p\u00e5 n\u00e5gon plogad bana. Det \u00e4r m\u00f6jligt att \u00e5ka skridskor om du har god iskunskap, r\u00e4tt (s\u00e4kerhets)utrustning och p\u00e5litligt s\u00e4llskap. Om du inte har detta eller m\u00e5ste fundera \u00f6ver vad KUS inneb\u00e4r, d\u00e5 ska du stanna p\u00e5 land. Att ge sig ut och \u00e5ka f\u00f6r att man ser att andra \u00e4r ute och \u00e5ker \u00e4r ingen garanti alls f\u00f6r att isen \u00e4r s\u00e4ker! <\/p>\n\n\n\n<p>F\u00f6r \u00f6vrigt s\u00e5 har kommunen beslutat att <a href=\"https:\/\/aktivtuteliv.se\/blog\/kommunen-drar-in-stodet-for-plogningen-av-hasslosundet-igen\/\">inte bekosta plogningen av H\u00e4ssl\u00f6sundet<\/a> i vinter, n\u00e5got de gjort sedan 70-talet. De forts\u00e4tter d\u00e4remot att st\u00f6dja V\u00e4ster\u00e5s ideella plogare och skridskobanan ute p\u00e5 fj\u00e4rden. Men b\u00e5de vi och VIP betraktar banorna som en helhet med tv\u00e5 delar och tycker att beslutet \u00e4r v\u00e4ldigt tr\u00e5kigt.<\/p>\n\n\n\n<p>Om du ocks\u00e5 ogillar beslutet f\u00e5r du g\u00e4rna h\u00f6ra av dig till ansvarig politiker och ber\u00e4tta vad du tycker. Antingen direkt till kommunalr\u00e5det, \u00f6verst p\u00e5 <a href=\"https:\/\/www.vasteras.se\/kommun-och-politik\/kommunens-organisation\/kommunalrad-och-oppositionsrad.html\" target=\"_blank\" rel=\"noreferrer noopener\">denna kontaktlista<\/a>. Eller till ordf\u00f6randen f\u00f6r n\u00e4mnden Idrott, fritid och f\u00f6rebyggande, som \u00e4r ansvarig f\u00f6r budgeten d\u00e4r detta tidigare har ing\u00e5tt. Hon \u00e4r nummer \u00e5tta p\u00e5 listan uppifr\u00e5n.<\/p>\n\n\n\n<div style=\"height:50px\" aria-hidden=\"true\" class=\"wp-block-spacer\"><\/div>\n\n\n\n<h3 class=\"wp-block-heading\">2023-01-27<\/h3>\n\n\n\n<p><strong>Tidpunkt:<\/strong> kl. 08.30<br><strong>Istjocklek:<\/strong> VARNING! 2-8 cm<br><strong>Iskvalit\u00e9:<\/strong> VARNING! God kvalitet, men v\u00e4ldigt tunn is!<br><strong>Sn\u00f6m\u00e4ngd:<\/strong> &#8211;<br><strong>Status skridskobana:<\/strong> VARNING! Skridskobanan \u00e4r st\u00e4ngd, den ej \u00e5kbar.<br><strong>Status skidsp\u00e5r:<\/strong> &#8211;<\/p>\n\n\n\n<figure class=\"wp-block-image size-large\"><img loading=\"lazy\" decoding=\"async\" width=\"1024\" height=\"768\" src=\"https:\/\/e5gp8rwuod7.exactdn.com\/vasteras\/wp-content\/uploads\/sites\/4\/2023\/01\/2023-01-27-08.23.14-1024x768.jpg?strip=all&lossy=1&ssl=1\" alt=\"\" class=\"wp-image-61398\" srcset=\"https:\/\/e5gp8rwuod7.exactdn.com\/vasteras\/wp-content\/uploads\/sites\/4\/2023\/01\/2023-01-27-08.23.14-1024x768.jpg?strip=all&amp;lossy=1&amp;ssl=1 1024w, https:\/\/e5gp8rwuod7.exactdn.com\/vasteras\/wp-content\/uploads\/sites\/4\/2023\/01\/2023-01-27-08.23.14-300x225.jpg?strip=all&amp;lossy=1&amp;ssl=1 300w, https:\/\/e5gp8rwuod7.exactdn.com\/vasteras\/wp-content\/uploads\/sites\/4\/2023\/01\/2023-01-27-08.23.14-768x576.jpg?strip=all&amp;lossy=1&amp;ssl=1 768w, https:\/\/e5gp8rwuod7.exactdn.com\/vasteras\/wp-content\/uploads\/sites\/4\/2023\/01\/2023-01-27-08.23.14-1536x1152.jpg?strip=all&amp;lossy=1&amp;ssl=1 1536w, https:\/\/e5gp8rwuod7.exactdn.com\/vasteras\/wp-content\/uploads\/sites\/4\/2023\/01\/2023-01-27-08.23.14-2048x1536.jpg?strip=all&amp;lossy=1&amp;ssl=1 2048w, https:\/\/e5gp8rwuod7.exactdn.com\/vasteras\/wp-content\/uploads\/sites\/4\/2023\/01\/2023-01-27-08.23.14-469x352.jpg?strip=all&amp;lossy=1&amp;ssl=1 469w, https:\/\/e5gp8rwuod7.exactdn.com\/vasteras\/wp-content\/uploads\/sites\/4\/2023\/01\/2023-01-27-08.23.14-320x240.jpg?strip=all&amp;lossy=1&amp;ssl=1 320w, https:\/\/e5gp8rwuod7.exactdn.com\/vasteras\/wp-content\/uploads\/sites\/4\/2023\/01\/2023-01-27-08.23.14-1920x1440.jpg?strip=all&amp;lossy=1&amp;ssl=1 1920w, https:\/\/e5gp8rwuod7.exactdn.com\/vasteras\/wp-content\/uploads\/sites\/4\/2023\/01\/2023-01-27-08.23.14-600x450.jpg?strip=all&amp;lossy=1&amp;ssl=1 600w, https:\/\/e5gp8rwuod7.exactdn.com\/vasteras\/wp-content\/uploads\/sites\/4\/2023\/01\/2023-01-27-08.23.14.jpg?strip=all&amp;lossy=1&amp;w=384&amp;ssl=1 384w, https:\/\/e5gp8rwuod7.exactdn.com\/vasteras\/wp-content\/uploads\/sites\/4\/2023\/01\/2023-01-27-08.23.14.jpg?strip=all&amp;lossy=1&amp;w=1152&amp;ssl=1 1152w\" sizes=\"auto, (max-width: 1024px) 100vw, 1024px\" \/><\/figure>\n\n\n\n<p>Idag ligger isen spegelblank i H\u00e4ssl\u00f6sundet och den ser v\u00e4ldigt inbjudande ut. Men skenet bedrar. Isen \u00e4r n\u00e4mligen riktigt tunn och fr\u00f6s till f\u00f6rst i natt. Den brister om du g\u00e5r ut p\u00e5 den, f\u00f6r ig\u00e5r var det \u00f6ppet vatten i en stor del av norra H\u00e4ssl\u00f6sundet. Idag g\u00e5r det inte att \u00e5ka skridskor i H\u00e4ssl\u00f6sundet med andra ord!<\/p>\n\n\n\n<p>Med de kalla och klara n\u00e4tterna vi har nu kommer l\u00e4get att \u00e4ndras snabbt, till det b\u00e4ttre. Du kommer kanske att se folk ge sig ut och \u00e5ka redan imorgon. F\u00f6r det kanske \u00e4r m\u00f6jligt om du har god iskunskap, r\u00e4tt (s\u00e4kerhets)utrustning och p\u00e5litligt s\u00e4llskap. Om du inte har detta eller m\u00e5ste fundera \u00f6ver vad KUS inneb\u00e4r, d\u00e5 ska du stanna p\u00e5 land. Att ge sig ut och \u00e5ka f\u00f6r att man ser att andra \u00e4r ute och \u00e5ker \u00e4r ingen garanti alls f\u00f6r att isen \u00e4r s\u00e4ker! <\/p>\n\n\n\n<p>De du ser ute p\u00e5 isen kanske helt saknar koll och omd\u00f6me. Eller ocks\u00e5 tillh\u00f6r de skridskoklubben och \u00e4r riktiga isr\u00e4var med flera decenniers erfarenhet. Vilket g\u00f6r att de kan avg\u00f6ra att isen de \u00e5ker p\u00e5 \u00e4r s\u00e4ker, trots att den kan vara livsfarligt tunn p\u00e5 andra st\u00e4llen. Den som \u00e4r ansvarig f\u00f6r att bed\u00f6ma isen b\u00e4righet n\u00e4r du ska \u00e5ka \u00e4r du sj\u00e4lv. Du har alltid ansvar f\u00f6r din egen s\u00e4kerhet. N\u00e4r skridskobanan \u00e4r \u00f6ppen k\u00f6r vi fyrhjuling p\u00e5 den regelbundet och d\u00e5 kan du bed\u00f6ma isens b\u00e4righet genom v\u00e5r israpport och det faktum att en fyrhjuling \u00e4r mycket tyngre \u00e4n dig sj\u00e4lv. Men nu kommer statusen p\u00e5 skridskobanan i H\u00e4ssl\u00f6sundet att vara fortsatt st\u00e4ngd\/ej \u00e5kbar hela helgen, \u00e4nda tills vi kan k\u00f6ra fyrhjuling p\u00e5 den igen och det blir nog f\u00f6rst b\u00f6rjan av n\u00e4sta vecka. <\/p>\n\n\n\n<p>I v\u00e4ntan p\u00e5 att isen blir \u00e5kbar igen kan du passa p\u00e5 att ta del av v\u00e5rt januarierbjudande p\u00e5 v\u00e5rt popul\u00e4raste <a href=\"https:\/\/aktivtuteliv.se\/vasteras\/produkt\/skridskopaket\/\" target=\"_blank\" rel=\"noreferrer noopener\">l\u00e5ngf\u00e4rdsskridskopaket<\/a>. Just nu s\u00e4ljer vi det, Zandstra Track och Alpina Outlander, f\u00f6r <strong>4199 kr<\/strong> (ord.pris 5198 kr). Erbjudandet g\u00e4ller t.o.m. 2023-01-31 eller s\u00e5 l\u00e5ngt lagret r\u00e4cker. V\u00e4lkommen in i v\u00e5r sport- och friluftsbutik p\u00e5 Bj\u00f6rn\u00f6g\u00e5rden f\u00f6r att k\u00f6pa skridskopaketet! <\/p>\n\n\n\n<p>F\u00f6r \u00f6vrigt s\u00e5 har kommunen beslutat att <a href=\"https:\/\/aktivtuteliv.se\/blog\/kommunen-drar-in-stodet-for-plogningen-av-hasslosundet-igen\/\">inte bekosta plogningen av H\u00e4ssl\u00f6sundet<\/a> i vinter, n\u00e5got de gjort sedan 70-talet. De forts\u00e4tter d\u00e4remot att st\u00f6dja V\u00e4ster\u00e5s ideella plogare och skridskobanan ute p\u00e5 fj\u00e4rden. Men b\u00e5de vi och VIP betraktar banorna som en helhet med tv\u00e5 delar och tycker att beslutet \u00e4r v\u00e4ldigt tr\u00e5kigt.<\/p>\n\n\n\n<p>Om du ocks\u00e5 ogillar beslutet f\u00e5r du g\u00e4rna h\u00f6ra av dig till ansvarig politiker och ber\u00e4tta vad du tycker. Antingen direkt till kommunalr\u00e5det, \u00f6verst p\u00e5 <a href=\"https:\/\/www.vasteras.se\/kommun-och-politik\/kommunens-organisation\/kommunalrad-och-oppositionsrad.html\" target=\"_blank\" rel=\"noreferrer noopener\">denna kontaktlista<\/a>. Eller till ordf\u00f6randen f\u00f6r n\u00e4mnden Idrott, fritid och f\u00f6rebyggande, som \u00e4r ansvarig f\u00f6r budgeten d\u00e4r detta tidigare har ing\u00e5tt. Hon \u00e4r nummer \u00e5tta p\u00e5 listan uppifr\u00e5n.<\/p>\n\n\n\n<div style=\"height:50px\" aria-hidden=\"true\" class=\"wp-block-spacer\"><\/div>\n\n\n\n<h3 class=\"wp-block-heading\">2023-01-20<\/h3>\n\n\n\n<p><strong>Tidpunkt:<\/strong> kl. 09.00<br><strong>Istjocklek:<\/strong> VARNING! Partier med mycket svag is<br><strong>Iskvalit\u00e9:<\/strong> VARNING! Underfr\u00e4tt is med m\u00e5nga slukh\u00e5l<br><strong>Sn\u00f6m\u00e4ngd:<\/strong> ca 2 cm<br><strong>Status skridskobana:<\/strong> VARNING! Ej \u00e5kbar, h\u00e5ll dig p\u00e5 land<br><strong>Status skidsp\u00e5r:<\/strong> &#8211;<\/p>\n\n\n\n<figure class=\"wp-block-image size-large\"><img loading=\"lazy\" decoding=\"async\" width=\"1024\" height=\"768\" src=\"https:\/\/e5gp8rwuod7.exactdn.com\/vasteras\/wp-content\/uploads\/sites\/4\/2023\/01\/2023-01-20-08.40.00-1024x768.jpg?strip=all&lossy=1&ssl=1\" alt=\"\" class=\"wp-image-61394\" srcset=\"https:\/\/e5gp8rwuod7.exactdn.com\/vasteras\/wp-content\/uploads\/sites\/4\/2023\/01\/2023-01-20-08.40.00-1024x768.jpg?strip=all&amp;lossy=1&amp;ssl=1 1024w, https:\/\/e5gp8rwuod7.exactdn.com\/vasteras\/wp-content\/uploads\/sites\/4\/2023\/01\/2023-01-20-08.40.00-300x225.jpg?strip=all&amp;lossy=1&amp;ssl=1 300w, https:\/\/e5gp8rwuod7.exactdn.com\/vasteras\/wp-content\/uploads\/sites\/4\/2023\/01\/2023-01-20-08.40.00-768x576.jpg?strip=all&amp;lossy=1&amp;ssl=1 768w, https:\/\/e5gp8rwuod7.exactdn.com\/vasteras\/wp-content\/uploads\/sites\/4\/2023\/01\/2023-01-20-08.40.00-1536x1152.jpg?strip=all&amp;lossy=1&amp;ssl=1 1536w, https:\/\/e5gp8rwuod7.exactdn.com\/vasteras\/wp-content\/uploads\/sites\/4\/2023\/01\/2023-01-20-08.40.00-2048x1536.jpg?strip=all&amp;lossy=1&amp;ssl=1 2048w, https:\/\/e5gp8rwuod7.exactdn.com\/vasteras\/wp-content\/uploads\/sites\/4\/2023\/01\/2023-01-20-08.40.00-469x352.jpg?strip=all&amp;lossy=1&amp;ssl=1 469w, https:\/\/e5gp8rwuod7.exactdn.com\/vasteras\/wp-content\/uploads\/sites\/4\/2023\/01\/2023-01-20-08.40.00-320x240.jpg?strip=all&amp;lossy=1&amp;ssl=1 320w, https:\/\/e5gp8rwuod7.exactdn.com\/vasteras\/wp-content\/uploads\/sites\/4\/2023\/01\/2023-01-20-08.40.00-1920x1440.jpg?strip=all&amp;lossy=1&amp;ssl=1 1920w, https:\/\/e5gp8rwuod7.exactdn.com\/vasteras\/wp-content\/uploads\/sites\/4\/2023\/01\/2023-01-20-08.40.00-600x450.jpg?strip=all&amp;lossy=1&amp;ssl=1 600w, https:\/\/e5gp8rwuod7.exactdn.com\/vasteras\/wp-content\/uploads\/sites\/4\/2023\/01\/2023-01-20-08.40.00.jpg?strip=all&amp;lossy=1&amp;w=384&amp;ssl=1 384w, https:\/\/e5gp8rwuod7.exactdn.com\/vasteras\/wp-content\/uploads\/sites\/4\/2023\/01\/2023-01-20-08.40.00.jpg?strip=all&amp;lossy=1&amp;w=1152&amp;ssl=1 1152w\" sizes=\"auto, (max-width: 1024px) 100vw, 1024px\" \/><\/figure>\n\n\n\n<p>Det l\u00e5ngvariga t\u00f6v\u00e4dret har tyv\u00e4rr f\u00f6rs\u00e4mrat isf\u00f6rh\u00e5llandena rej\u00e4lt den senaste veckan. V\u00e4rmen gjorde att isen gick upp under bron och sedan effektivt br\u00f6t ner isen n\u00e4stan \u00e4nda fram till v\u00e5ra bryggor samt en bra bit ut mot banan p\u00e5 V\u00e4ster\u00e5sfj\u00e4rden. D\u00e4r isen fortfarande har legat kvar har en hel del slukh\u00e5l uppst\u00e5tt. Detta skulle kylan som kommer nu ha kunnat r\u00e5da bot p\u00e5, men sn\u00f6n som kom i natt g\u00f6r att isen inte kan \u00e5terh\u00e4mta sig.<\/p>\n\n\n\n<p>Just nu \u00e4r det med andra ord <strong>livsfarligt<\/strong> att ge sig ut p\u00e5 isen. Sn\u00f6n g\u00f6r att det inte g\u00e5r att se n\u00e5gon skillnad p\u00e5 gammal, och f\u00f6rh\u00e5llandevis stabil is, eller ny is som precis lagt sig \u00f6ver slukh\u00e5l och tidigare \u00f6ppna partier. H\u00e5ll dig p\u00e5 land och \u00e5k l\u00e4ngdskidor i n\u00e5got av v\u00e5ra konstsn\u00f6sp\u00e5r tillsvidare.<\/p>\n\n\n\n<p>\u00c4n s\u00e5 l\u00e4nge \u00e4r vi bara i slutet av januari och en normal skridskos\u00e4song varar ofta till mitten av mars. Om det bara f\u00e5r vara fortsatt kallt fram\u00f6ver s\u00e5 kommer det att bli fina skridskof\u00f6rh\u00e5llanden igen, f\u00f6rr eller senare. Men budskapet i denna rapport g\u00e4ller tills vi skriver n\u00e5got annat, skridskobanan i H\u00e4ssl\u00f6sundet \u00e4r ej \u00e5kbar!<\/p>\n\n\n\n<p>Men i v\u00e4ntan p\u00e5 att isen blir \u00e5kbar igen kan du passa p\u00e5 att ta del av v\u00e5rt januarierbjudande p\u00e5 v\u00e5rt popul\u00e4raste <a href=\"https:\/\/aktivtuteliv.se\/vasteras\/produkt\/skridskopaket\/\" target=\"_blank\" rel=\"noreferrer noopener\">l\u00e5ngf\u00e4rdsskridskopaket<\/a>. Just nu s\u00e4ljer vi det, Zandstra Track och Alpina Outlander, f\u00f6r <strong>4199 kr<\/strong> (ord.pris 5198 kr). Erbjudandet g\u00e4ller t.o.m. 2023-01-31 eller s\u00e5 l\u00e5ngt lagret r\u00e4cker. V\u00e4lkommen in i v\u00e5r sport- och friluftsbutik p\u00e5 Bj\u00f6rn\u00f6g\u00e5rden f\u00f6r att k\u00f6pa skridskopaketet! <\/p>\n\n\n\n<p>F\u00f6r \u00f6vrigt s\u00e5 har kommunen beslutat att <a href=\"https:\/\/aktivtuteliv.se\/blog\/kommunen-drar-in-stodet-for-plogningen-av-hasslosundet-igen\/\">inte bekosta plogningen av H\u00e4ssl\u00f6sundet<\/a> i vinter, n\u00e5got de gjort sedan 70-talet. De forts\u00e4tter d\u00e4remot att st\u00f6dja V\u00e4ster\u00e5s ideella plogare och skridskobanan ute p\u00e5 fj\u00e4rden. Men b\u00e5de vi och VIP betraktar banorna som en helhet med tv\u00e5 delar och tycker att beslutet \u00e4r v\u00e4ldigt tr\u00e5kigt.<\/p>\n\n\n\n<p>Om du ocks\u00e5 ogillar beslutet f\u00e5r du g\u00e4rna h\u00f6ra av dig till ansvarig politiker och ber\u00e4tta vad du tycker. Antingen direkt till kommunalr\u00e5det, \u00f6verst p\u00e5 <a href=\"https:\/\/www.vasteras.se\/kommun-och-politik\/kommunens-organisation\/kommunalrad-och-oppositionsrad.html\" target=\"_blank\" rel=\"noreferrer noopener\">denna kontaktlista<\/a>. Eller till ordf\u00f6randen f\u00f6r n\u00e4mnden Idrott, fritid och f\u00f6rebyggande, som \u00e4r ansvarig f\u00f6r budgeten d\u00e4r detta tidigare har ing\u00e5tt. Hon \u00e4r nummer \u00e5tta p\u00e5 listan uppifr\u00e5n.<\/p>\n\n\n\n<div style=\"height:50px\" aria-hidden=\"true\" class=\"wp-block-spacer\"><\/div>\n\n\n\n<h3 class=\"wp-block-heading\">2023-01-08<\/h3>\n\n\n\n<p><strong>Tidpunkt:<\/strong> kl. 09.30<br><strong>Istjocklek:<\/strong> ca 10-20 cm, beroende p\u00e5 m\u00e4tpunkt<br><strong>Iskvalit\u00e9:<\/strong> god kvalit\u00e9, men o\u00e5kbart pga. f\u00f6r mycket sm\u00e4ltvatten p\u00e5 isen<br><strong>Sn\u00f6m\u00e4ngd:<\/strong> p\u00e5 v\u00e4g att f\u00f6rsvinna<br><strong>Status skridskobana:<\/strong> ej \u00e5kbar pga. f\u00f6r mycket vatten p\u00e5 isen<br><strong>Status skidsp\u00e5r:<\/strong> &#8211;<\/p>\n\n\n\n<figure class=\"wp-block-image size-large\"><img decoding=\"async\" src=\"https:\/\/e5gp8rwuod7.exactdn.com\/vasteras\/wp-content\/uploads\/sites\/4\/2023\/01\/2023-01-08-09.36.11-1024x762.jpg?strip=all&lossy=1&ssl=1\" alt=\"\" class=\"wp-image-61387\"\/><\/figure>\n\n\n\n<p>Sedan den senaste uppdateringen har vi haft ett par riktigt fina och intensiva dagar med skridsko\u00e5kning p\u00e5 skridskobanan i H\u00e4ssl\u00f6sundet. Israpporteringen har f\u00e5tt st\u00e5 tillbaka till f\u00f6rm\u00e5n f\u00f6r plogning och fokus p\u00e5 v\u00e5ra ordinarie arbetsuppgifter, fast vi har uppdaterat v\u00e5ra sociala medier med bilder fr\u00e5n skridskobanan. Men som det st\u00e5r i informationen ovan g\u00e4ller den senast aktuella israpporten tills det att det sker n\u00e5got kritiskt som f\u00f6r\u00e4ndrar l\u00e4get, d\u00e5 kommer vi med en ny rapport &#8211; som idag.<\/p>\n\n\n\n<p>Idag har t\u00f6v\u00e4dret f\u00e5tt alla sn\u00f6 p\u00e5 isen att sm\u00e4lta och det \u00e4r alldeles f\u00f6r mycket vatten p\u00e5 isen f\u00f6r att det ska vara givande att \u00e5ka skridskor. Vattnet n\u00e5r upp \u00f6ver sj\u00e4lva skenan och du f\u00e5r r\u00e4kna med att bli bl\u00f6t hela v\u00e4gen upp till kn\u00e4na om du ger dig ut och \u00e5ker.<\/p>\n\n\n\n<p>Men ett t\u00f6v\u00e4der d\u00e5 och d\u00e5 \u00e4r faktiskt positivt f\u00f6r isen. Vattnet g\u00f6r isen alldeles blankpolerad och klar som glas. F\u00e5r det bara frysa om s\u00e5 blir det som nyspolad skridskois p\u00e5 en hockeyrink. Vattnet f\u00e5r \u00e4ven sprickor att frysa igen och tar bort oj\u00e4mnheter. <\/p>\n\n\n\n<p>Ett t\u00f6v\u00e4der i upp till en vecka beh\u00f6ver inte ha n\u00e5gon st\u00f6rre inverkan p\u00e5 isens tjocklek. Is sm\u00e4lter otroligt l\u00e5ngsamt n\u00e4r det bara \u00e4r ett f\u00e5tal plusgrader och vattentemperaturen fortfarande \u00e4r l\u00e5g. D\u00e4remot kan isen bli riktigt svag d\u00e4r det finns naturliga avvikelser som &#8221;<em>Vass, r\u00e5k, brygga, bro, udde, avlopp, utlopp, inlopp, sund, grund och vindbrunn<\/em>&#8221;. I H\u00e4ssl\u00f6sundet inneb\u00e4r det t.ex. omr\u00e5det kring Bj\u00f6rn\u00f6bron och utloppet till Limstab\u00e4cken, d\u00e4r massor av sm\u00e4ltvatten pl\u00f6tsligt rinner ut p\u00e5, och under, isen.<\/p>\n\n\n\n<p>Ta tillf\u00e4llet i akt att se \u00f6ver din utrustning i v\u00e4ntan p\u00e5 att isen blir \u00e5kbar igen. I v\u00e5r sport- och friluftsbutik p\u00e5 Bj\u00f6rn\u00f6g\u00e5rden kan vi slipa dina l\u00e5ngf\u00e4rdsskridskor samt hj\u00e4lpa dig att hitta ny utrustning. Vi har ett brett f\u00f6rs\u00e4ljningssortiment med <a href=\"https:\/\/aktivtuteliv.se\/vasteras\/produkt-kategori\/skridskor\/forsaljning-skridskor\/pjaxor\/\">sex olika pj\u00e4xor<\/a> och <a href=\"https:\/\/aktivtuteliv.se\/vasteras\/produkt-kategori\/skridskor\/forsaljning-skridskor\/skenor\/\">fyra olika skenor<\/a>, vi ger dig 10 % rabatt om du k\u00f6per b\u00e5de och. <\/p>\n\n\n\n<p>F\u00f6r \u00f6vrigt s\u00e5 har kommunen beslutat att <a href=\"https:\/\/aktivtuteliv.se\/blog\/kommunen-drar-in-stodet-for-plogningen-av-hasslosundet-igen\/\">inte bekosta plogningen av H\u00e4ssl\u00f6sundet<\/a> i vinter, n\u00e5got de gjort sedan 70-talet. De forts\u00e4tter d\u00e4remot att st\u00f6dja V\u00e4ster\u00e5s ideella plogare och skridskobanan ute p\u00e5 fj\u00e4rden. Men b\u00e5de vi och VIP betraktar banorna som en helhet med tv\u00e5 delar och tycker att beslutet \u00e4r v\u00e4ldigt tr\u00e5kigt.<\/p>\n\n\n\n<p>Om du ocks\u00e5 ogillar beslutet f\u00e5r du g\u00e4rna h\u00f6ra av dig till ansvarig politiker och ber\u00e4tta vad du tycker. Antingen direkt till kommunalr\u00e5det, \u00f6verst p\u00e5 <a href=\"https:\/\/www.vasteras.se\/kommun-och-politik\/kommunens-organisation\/kommunalrad-och-oppositionsrad.html\" target=\"_blank\" rel=\"noreferrer noopener\">denna kontaktlista<\/a>. Eller till ordf\u00f6randen f\u00f6r n\u00e4mnden Idrott, fritid och f\u00f6rebyggande, som \u00e4r ansvarig f\u00f6r budgeten d\u00e4r detta tidigare har ing\u00e5tt. Hon \u00e4r nummer \u00e5tta p\u00e5 listan uppifr\u00e5n.<\/p>\n\n\n\n<div style=\"height:50px\" aria-hidden=\"true\" class=\"wp-block-spacer\"><\/div>\n\n\n\n<h3 class=\"wp-block-heading\">2023-01-02 &#8211; Nu startar skridskos\u00e4songen!<\/h3>\n\n\n\n<p><strong>Tidpunkt:<\/strong> kl. 14.00<br><strong>Istjocklek:<\/strong> ca 8-18 cm<br><strong>Iskvalit\u00e9:<\/strong> sl\u00e4t och fin k\u00e4rnis med en tunn vattenhinna p\u00e5<br><strong>Sn\u00f6m\u00e4ngd:<\/strong> 0 cm<br><strong>Status skridskobana:<\/strong> \u00e5kbar och markerad med ris<br><strong>Status skidsp\u00e5r:<\/strong> &#8211;<\/p>\n\n\n\n<figure class=\"wp-block-image size-large\"><img loading=\"lazy\" decoding=\"async\" width=\"1024\" height=\"768\" src=\"https:\/\/e5gp8rwuod7.exactdn.com\/vasteras\/wp-content\/uploads\/sites\/4\/2023\/01\/2023-01-02-13.46.01-1024x768.jpg?strip=all&lossy=1&ssl=1\" alt=\"\" class=\"wp-image-61383\" srcset=\"https:\/\/e5gp8rwuod7.exactdn.com\/vasteras\/wp-content\/uploads\/sites\/4\/2023\/01\/2023-01-02-13.46.01-1024x768.jpg?strip=all&amp;lossy=1&amp;ssl=1 1024w, https:\/\/e5gp8rwuod7.exactdn.com\/vasteras\/wp-content\/uploads\/sites\/4\/2023\/01\/2023-01-02-13.46.01-300x225.jpg?strip=all&amp;lossy=1&amp;ssl=1 300w, https:\/\/e5gp8rwuod7.exactdn.com\/vasteras\/wp-content\/uploads\/sites\/4\/2023\/01\/2023-01-02-13.46.01-768x576.jpg?strip=all&amp;lossy=1&amp;ssl=1 768w, https:\/\/e5gp8rwuod7.exactdn.com\/vasteras\/wp-content\/uploads\/sites\/4\/2023\/01\/2023-01-02-13.46.01-1536x1152.jpg?strip=all&amp;lossy=1&amp;ssl=1 1536w, https:\/\/e5gp8rwuod7.exactdn.com\/vasteras\/wp-content\/uploads\/sites\/4\/2023\/01\/2023-01-02-13.46.01-2048x1536.jpg?strip=all&amp;lossy=1&amp;ssl=1 2048w, https:\/\/e5gp8rwuod7.exactdn.com\/vasteras\/wp-content\/uploads\/sites\/4\/2023\/01\/2023-01-02-13.46.01-469x352.jpg?strip=all&amp;lossy=1&amp;ssl=1 469w, https:\/\/e5gp8rwuod7.exactdn.com\/vasteras\/wp-content\/uploads\/sites\/4\/2023\/01\/2023-01-02-13.46.01-320x240.jpg?strip=all&amp;lossy=1&amp;ssl=1 320w, https:\/\/e5gp8rwuod7.exactdn.com\/vasteras\/wp-content\/uploads\/sites\/4\/2023\/01\/2023-01-02-13.46.01-1920x1440.jpg?strip=all&amp;lossy=1&amp;ssl=1 1920w, https:\/\/e5gp8rwuod7.exactdn.com\/vasteras\/wp-content\/uploads\/sites\/4\/2023\/01\/2023-01-02-13.46.01-600x450.jpg?strip=all&amp;lossy=1&amp;ssl=1 600w, https:\/\/e5gp8rwuod7.exactdn.com\/vasteras\/wp-content\/uploads\/sites\/4\/2023\/01\/2023-01-02-13.46.01.jpg?strip=all&amp;lossy=1&amp;w=384&amp;ssl=1 384w, https:\/\/e5gp8rwuod7.exactdn.com\/vasteras\/wp-content\/uploads\/sites\/4\/2023\/01\/2023-01-02-13.46.01.jpg?strip=all&amp;lossy=1&amp;w=1152&amp;ssl=1 1152w\" sizes=\"auto, (max-width: 1024px) 100vw, 1024px\" \/><\/figure>\n\n\n\n<p>Nu har skridskobanan i H\u00e4ssl\u00f6sundet \u00f6ppnat f\u00f6r s\u00e4songen! Trots t\u00f6v\u00e4dret \u00f6ver ny\u00e5r s\u00e5 ligger isen i H\u00e4ssl\u00f6sundet stabil och p\u00e5litlig. D\u00e4rf\u00f6r kunde vi rulla ut med fyrhjulingen p\u00e5 isen idag f\u00f6r att m\u00e4rka upp banan med ris. Den str\u00e4cker sig fr\u00e5n bryggorna vid Bj\u00f6rn\u00f6g\u00e5rden till bryggan vid s\u00f6dra Bj\u00f6rn\u00f6n. Senare under veckan, n\u00e4r kylan kommer, forts\u00e4tter vi med att markera den sista biten ned till Bj\u00f6rn\u00f6bron samt fram till tegelladan vid G\u00e4ddeholm.<\/p>\n\n\n\n<p>Om du h\u00e5ller dig l\u00e4ngs banmarkeringen kan du med andra ord \u00e5ka skridskor i trygg f\u00f6rvissning om att det har k\u00f6rt en fyrhjuling p\u00e5 350 kg d\u00e4r. Isen \u00e4r helt spegelblank och alldeles sl\u00e4t, resten av veckan l\u00e4r d\u00e4rf\u00f6r bjuda p\u00e5 fin skridsko\u00e5kning!<\/p>\n\n\n\n<p>F\u00f6r \u00f6vrigt s\u00e5 har kommunen beslutat att <a href=\"https:\/\/aktivtuteliv.se\/blog\/kommunen-drar-in-stodet-for-plogningen-av-hasslosundet-igen\/\">inte bekosta plogningen av H\u00e4ssl\u00f6sundet<\/a> i vinter, n\u00e5got de gjort sedan 70-talet. De forts\u00e4tter d\u00e4remot att st\u00f6dja V\u00e4ster\u00e5s ideella plogare och skridskobanan ute p\u00e5 fj\u00e4rden. Men b\u00e5de vi och VIP betraktar banorna som en helhet med tv\u00e5 delar och tycker att beslutet \u00e4r v\u00e4ldigt tr\u00e5kigt.<\/p>\n\n\n\n<p>Om du ocks\u00e5 ogillar beslutet f\u00e5r du g\u00e4rna h\u00f6ra av dig till ansvarig politiker och ber\u00e4tta vad du tycker. Antingen direkt till kommunalr\u00e5det, \u00f6verst p\u00e5 <a href=\"https:\/\/www.vasteras.se\/kommun-och-politik\/kommunens-organisation\/kommunalrad-och-oppositionsrad.html\" target=\"_blank\" rel=\"noreferrer noopener\">denna kontaktlista<\/a>. Eller till ordf\u00f6randen f\u00f6r n\u00e4mnden Idrott, fritid och f\u00f6rebyggande, som \u00e4r ansvarig f\u00f6r budgeten d\u00e4r detta tidigare har ing\u00e5tt. Hon \u00e4r nummer \u00e5tta p\u00e5 listan uppifr\u00e5n<\/p>\n\n\n\n<div style=\"height:50px\" aria-hidden=\"true\" class=\"wp-block-spacer\"><\/div>\n\n\n\n<h3 class=\"wp-block-heading\">2022-12-28<\/h3>\n\n\n\n<p><strong>Tidpunkt:<\/strong> kl. 14.30<br><strong>Istjocklek:<\/strong> ca 8-18 cm<br><strong>Iskvalit\u00e9:<\/strong> bitvis sl\u00e4t och fin k\u00e4rnis och bitvis knottrig pga. tidigare sn\u00f6 som st\u00f6pt ner<br><strong>Sn\u00f6m\u00e4ngd:<\/strong> 0 cm<br><strong>Status skridskobana:<\/strong> \u00e5kbar, men ej markerad<br><strong>Status skidsp\u00e5r:<\/strong> &#8211;<\/p>\n\n\n\n<figure class=\"wp-block-image size-large\"><img loading=\"lazy\" decoding=\"async\" width=\"1024\" height=\"768\" src=\"https:\/\/e5gp8rwuod7.exactdn.com\/vasteras\/wp-content\/uploads\/sites\/4\/2022\/12\/2022-12-28-15.01.30-1024x768.jpg?strip=all&lossy=1&ssl=1\" alt=\"\" class=\"wp-image-61378\" srcset=\"https:\/\/e5gp8rwuod7.exactdn.com\/vasteras\/wp-content\/uploads\/sites\/4\/2022\/12\/2022-12-28-15.01.30-1024x768.jpg?strip=all&amp;lossy=1&amp;ssl=1 1024w, https:\/\/e5gp8rwuod7.exactdn.com\/vasteras\/wp-content\/uploads\/sites\/4\/2022\/12\/2022-12-28-15.01.30-300x225.jpg?strip=all&amp;lossy=1&amp;ssl=1 300w, https:\/\/e5gp8rwuod7.exactdn.com\/vasteras\/wp-content\/uploads\/sites\/4\/2022\/12\/2022-12-28-15.01.30-768x576.jpg?strip=all&amp;lossy=1&amp;ssl=1 768w, https:\/\/e5gp8rwuod7.exactdn.com\/vasteras\/wp-content\/uploads\/sites\/4\/2022\/12\/2022-12-28-15.01.30-1536x1152.jpg?strip=all&amp;lossy=1&amp;ssl=1 1536w, https:\/\/e5gp8rwuod7.exactdn.com\/vasteras\/wp-content\/uploads\/sites\/4\/2022\/12\/2022-12-28-15.01.30-2048x1536.jpg?strip=all&amp;lossy=1&amp;ssl=1 2048w, https:\/\/e5gp8rwuod7.exactdn.com\/vasteras\/wp-content\/uploads\/sites\/4\/2022\/12\/2022-12-28-15.01.30-469x352.jpg?strip=all&amp;lossy=1&amp;ssl=1 469w, https:\/\/e5gp8rwuod7.exactdn.com\/vasteras\/wp-content\/uploads\/sites\/4\/2022\/12\/2022-12-28-15.01.30-320x240.jpg?strip=all&amp;lossy=1&amp;ssl=1 320w, https:\/\/e5gp8rwuod7.exactdn.com\/vasteras\/wp-content\/uploads\/sites\/4\/2022\/12\/2022-12-28-15.01.30-1920x1440.jpg?strip=all&amp;lossy=1&amp;ssl=1 1920w, https:\/\/e5gp8rwuod7.exactdn.com\/vasteras\/wp-content\/uploads\/sites\/4\/2022\/12\/2022-12-28-15.01.30-600x450.jpg?strip=all&amp;lossy=1&amp;ssl=1 600w, https:\/\/e5gp8rwuod7.exactdn.com\/vasteras\/wp-content\/uploads\/sites\/4\/2022\/12\/2022-12-28-15.01.30.jpg?strip=all&amp;lossy=1&amp;w=384&amp;ssl=1 384w, https:\/\/e5gp8rwuod7.exactdn.com\/vasteras\/wp-content\/uploads\/sites\/4\/2022\/12\/2022-12-28-15.01.30.jpg?strip=all&amp;lossy=1&amp;w=1152&amp;ssl=1 1152w\" sizes=\"auto, (max-width: 1024px) 100vw, 1024px\" \/><\/figure>\n\n\n\n<p>Ibland g\u00e5r det snabbt ute p\u00e5 isen. F\u00f6r ett dygn sedan var isen o\u00e5kbar pga. den frusna sn\u00f6skorpa som l\u00e5g uppe p\u00e5 isen. Men trots minusgraderna st\u00f6pte sn\u00f6skorpan ner helt och h\u00e5llet och fr\u00f6s ihop med isen under natten mellan tisdag och onsdag. Isen gick med andra ord fr\u00e5n o\u00e5kbar till fantastisk p\u00e5 bara ett dygn!<\/p>\n\n\n\n<p>Isen i H\u00e4ssl\u00f6sundet \u00e4r nu bitvis som nyspolad (spegelblank och h\u00e5rd) och bitvis l\u00e4tt knottrig, men det \u00e4r inget som p\u00e5verkar \u00e5kningen. Vi har d\u00e4rf\u00f6r kunnat \u00e5ka kors och tv\u00e4rs i hela sundet och f\u00f6r att m\u00e4ta isen. Det tunnaste partiet finns mellan Bj\u00f6rn\u00f6g\u00e5rdens bryggor och flygplatsen, d\u00e4r \u00e4r isen 8-10 cm tjock, dvs. tillr\u00e4ckligt tjock f\u00f6r att vi ska kunna k\u00f6ra fyrhjuling p\u00e5 den. Fr\u00e5n Bj\u00f6rn\u00f6halsen och ner till s\u00f6dra Bj\u00f6rn\u00f6n \u00e4r isen 15-20 cm tjock.<\/p>\n\n\n\n<p>Vi har inte hunnit med att m\u00e4rka ut n\u00e5gon skridskobana \u00e4nnu. Men f\u00f6r den som \u00e4nd\u00e5 vill ge sig ut och \u00e5ka g\u00e5r det att f\u00f6lja v\u00e5ra sp\u00e5r l\u00e4ngs Bj\u00f6rn\u00f6n fr\u00e5n bryggorna vid Bj\u00f6rn\u00f6g\u00e5rden ner till bryggan vid s\u00f6dra Bj\u00f6rn\u00f6n.<\/p>\n\n\n\n<p>Hur kommer regnet och plusgraderna i slutet av veckan att p\u00e5verka isen? Isen kommer naturligtvis att bli bl\u00f6t, men tjockleken p\u00e5verkas inte n\u00e4mnv\u00e4rt de n\u00e4rmsta dagarna. Det kommer att vara m\u00f6jligt att \u00e5ka p\u00e5 skridskor p\u00e5 isen i H\u00e4ssl\u00f6sundet under slutet av denna vecka, men vi misst\u00e4nker att de allra knottrigaste partierna kommer att bli ytmjuka. D\u00e4r finns risken att skridskorna sk\u00e4r fast i ytan vilket g\u00f6r att du riskerar att falla. Med andra ord, isen kommer att vara \u00e5kbar men g\u00f6r det med en viss f\u00f6rsiktighet!<\/p>\n\n\n\n<p>F\u00f6r \u00f6vrigt s\u00e5 har kommunen beslutat att <a href=\"https:\/\/aktivtuteliv.se\/blog\/kommunen-drar-in-stodet-for-plogningen-av-hasslosundet-igen\/\">inte bekosta plogningen av H\u00e4ssl\u00f6sundet<\/a> i vinter, n\u00e5got de gjort sedan 70-talet. De forts\u00e4tter d\u00e4remot att st\u00f6dja V\u00e4ster\u00e5s ideella plogare och skridskobanan ute p\u00e5 fj\u00e4rden. Men b\u00e5de vi och VIP betraktar banorna som en helhet med tv\u00e5 delar och tycker att beslutet \u00e4r v\u00e4ldigt tr\u00e5kigt.<\/p>\n\n\n\n<p>Om du ocks\u00e5 ogillar beslutet f\u00e5r du g\u00e4rna h\u00f6ra av dig till ansvarig politiker och ber\u00e4tta vad du tycker. Antingen direkt till kommunalr\u00e5det, \u00f6verst p\u00e5 <a href=\"https:\/\/www.vasteras.se\/kommun-och-politik\/kommunens-organisation\/kommunalrad-och-oppositionsrad.html\" target=\"_blank\" rel=\"noreferrer noopener\">denna kontaktlista<\/a>. Eller till ordf\u00f6randen f\u00f6r n\u00e4mnden Idrott, fritid och f\u00f6rebyggande, som \u00e4r ansvarig f\u00f6r budgeten d\u00e4r detta tidigare har ing\u00e5tt. Hon \u00e4r nummer \u00e5tta p\u00e5 listan uppifr\u00e5n<\/p>\n\n\n\n<div style=\"height:50px\" aria-hidden=\"true\" class=\"wp-block-spacer\"><\/div>\n\n\n\n<h3 class=\"wp-block-heading\">2022-12-27<\/h3>\n\n\n\n<p><strong>Tidpunkt:<\/strong> kl. 08.30<br><strong>Istjocklek:<\/strong> ca 5-10 cm<br><strong>Iskvalit\u00e9:<\/strong> h\u00e5rd k\u00e4rnis med kn\u00f6lig yta samt partier med svag st\u00f6pis<br><strong>Sn\u00f6m\u00e4ngd:<\/strong> 0 cm<br><strong>Status skridskobana:<\/strong> VARNING! Ej \u00e5kbar \u00e4nnu!<br><strong>Status skidsp\u00e5r:<\/strong> &#8211;<\/p>\n\n\n\n<figure class=\"wp-block-image size-large\"><img loading=\"lazy\" decoding=\"async\" width=\"1024\" height=\"768\" src=\"https:\/\/e5gp8rwuod7.exactdn.com\/vasteras\/wp-content\/uploads\/sites\/4\/2022\/12\/2022-12-27-08.54.28-1024x768.jpg?strip=all&lossy=1&ssl=1\" alt=\"\" class=\"wp-image-61376\" srcset=\"https:\/\/e5gp8rwuod7.exactdn.com\/vasteras\/wp-content\/uploads\/sites\/4\/2022\/12\/2022-12-27-08.54.28-1024x768.jpg?strip=all&amp;lossy=1&amp;ssl=1 1024w, https:\/\/e5gp8rwuod7.exactdn.com\/vasteras\/wp-content\/uploads\/sites\/4\/2022\/12\/2022-12-27-08.54.28-300x225.jpg?strip=all&amp;lossy=1&amp;ssl=1 300w, https:\/\/e5gp8rwuod7.exactdn.com\/vasteras\/wp-content\/uploads\/sites\/4\/2022\/12\/2022-12-27-08.54.28-768x576.jpg?strip=all&amp;lossy=1&amp;ssl=1 768w, https:\/\/e5gp8rwuod7.exactdn.com\/vasteras\/wp-content\/uploads\/sites\/4\/2022\/12\/2022-12-27-08.54.28-1536x1152.jpg?strip=all&amp;lossy=1&amp;ssl=1 1536w, https:\/\/e5gp8rwuod7.exactdn.com\/vasteras\/wp-content\/uploads\/sites\/4\/2022\/12\/2022-12-27-08.54.28-2048x1536.jpg?strip=all&amp;lossy=1&amp;ssl=1 2048w, https:\/\/e5gp8rwuod7.exactdn.com\/vasteras\/wp-content\/uploads\/sites\/4\/2022\/12\/2022-12-27-08.54.28-469x352.jpg?strip=all&amp;lossy=1&amp;ssl=1 469w, https:\/\/e5gp8rwuod7.exactdn.com\/vasteras\/wp-content\/uploads\/sites\/4\/2022\/12\/2022-12-27-08.54.28-320x240.jpg?strip=all&amp;lossy=1&amp;ssl=1 320w, https:\/\/e5gp8rwuod7.exactdn.com\/vasteras\/wp-content\/uploads\/sites\/4\/2022\/12\/2022-12-27-08.54.28-1920x1440.jpg?strip=all&amp;lossy=1&amp;ssl=1 1920w, https:\/\/e5gp8rwuod7.exactdn.com\/vasteras\/wp-content\/uploads\/sites\/4\/2022\/12\/2022-12-27-08.54.28-600x450.jpg?strip=all&amp;lossy=1&amp;ssl=1 600w, https:\/\/e5gp8rwuod7.exactdn.com\/vasteras\/wp-content\/uploads\/sites\/4\/2022\/12\/2022-12-27-08.54.28.jpg?strip=all&amp;lossy=1&amp;w=384&amp;ssl=1 384w, https:\/\/e5gp8rwuod7.exactdn.com\/vasteras\/wp-content\/uploads\/sites\/4\/2022\/12\/2022-12-27-08.54.28.jpg?strip=all&amp;lossy=1&amp;w=1152&amp;ssl=1 1152w\" sizes=\"auto, (max-width: 1024px) 100vw, 1024px\" \/><\/figure>\n\n\n\n<p>T\u00f6v\u00e4dret innan jul i kombinationen med kylan vi fick i julklapp har gett resultat. Nu kan vi se att isens tjocklek har vuxit h\u00e4r i H\u00e4ssl\u00f6sundet. D\u00e4remot \u00e4r det fortfarande stor skillnad p\u00e5 olika st\u00e4llen. Precis vid v\u00e5ra bryggor \u00e4r isen cirka 15 centimeter tjock, men en bit l\u00e4ngre  ut \u00e4r den endast fem centimeter tjock!<\/p>\n\n\n\n<p>Men det st\u00f6rsta hindret till att \u00e5ka skridskor just nu \u00e4r att kvaliteten p\u00e5 \u00e5kytan \u00e4r usel. Den sn\u00f6 som kom ner i natt har frusit fast i isen och bildat en por\u00f6s skorpa. Det betyder att om du g\u00f6r ett f\u00f6rs\u00f6k att \u00e5ka skridskor nu kommer dina skenor att k\u00f6ra fast i skorpan och du kommer att ramla.<\/p>\n\n\n\n<p>Vi g\u00f6r inte ens ett f\u00f6rs\u00f6k att s\u00e4tta p\u00e5 oss skridskorna f\u00f6r att kunna unders\u00f6ka isen l\u00e4ngre ner i H\u00e4ssl\u00f6sundet. Det \u00e4r ingen id\u00e9, det g\u00e5r helt enkelt inte att \u00e5ka skridskor just nu.<\/p>\n\n\n\n<p>Prognosen utlovar blidv\u00e4der de n\u00e4rmsta dagarna och vi hoppas p\u00e5 att sn\u00f6skorpan sm\u00e4lter bort s\u00e5 att vi kan unders\u00f6ka isen ordentligt. I b\u00e4sta fall kanske vi kan staka ut en kortare bana till ny\u00e5rshelgen om den unders\u00f6kningen ger bra resultat. Men tills dess att ni h\u00f6r n\u00e5got annat fr\u00e5n oss: stanna p\u00e5 land!<\/p>\n\n\n\n<p>F\u00f6r \u00f6vrigt s\u00e5 har kommunen beslutat att <a href=\"https:\/\/aktivtuteliv.se\/blog\/kommunen-drar-in-stodet-for-plogningen-av-hasslosundet-igen\/\">inte bekosta plogningen av H\u00e4ssl\u00f6sundet<\/a> i vinter, n\u00e5got de gjort sedan 70-talet. De forts\u00e4tter d\u00e4remot att st\u00f6dja V\u00e4ster\u00e5s ideella plogare och skridskobanan ute p\u00e5 fj\u00e4rden. Men b\u00e5de vi och VIP betraktar banorna som en helhet med tv\u00e5 delar och tycker att beslutet \u00e4r v\u00e4ldigt tr\u00e5kigt.<\/p>\n\n\n\n<p>Om du ocks\u00e5 ogillar beslutet f\u00e5r du g\u00e4rna h\u00f6ra av dig till ansvarig politiker och ber\u00e4tta vad du tycker. Antingen direkt till kommunalr\u00e5det, \u00f6verst p\u00e5 <a href=\"https:\/\/www.vasteras.se\/kommun-och-politik\/kommunens-organisation\/kommunalrad-och-oppositionsrad.html\" target=\"_blank\" rel=\"noreferrer noopener\">denna kontaktlista<\/a>. Eller till ordf\u00f6randen f\u00f6r n\u00e4mnden Idrott, fritid och f\u00f6rebyggande, som \u00e4r ansvarig f\u00f6r budgeten d\u00e4r detta tidigare har ing\u00e5tt. Hon \u00e4r nummer \u00e5tta p\u00e5 listan uppifr\u00e5n.<\/p>\n\n\n\n<div style=\"height:50px\" aria-hidden=\"true\" class=\"wp-block-spacer\"><\/div>\n\n\n\n<h3 class=\"wp-block-heading\">2022-12-15 &#8211; Extremt farligt att betr\u00e4da isen!<\/h3>\n\n\n\n<p><strong>Tidpunkt:<\/strong> kl. 08.30<br><strong>Istjocklek:<\/strong> ca 2,5-5 cm<br><strong>Iskvalit\u00e9:<\/strong> h\u00e5rd och sl\u00e4t k\u00e4rnis samt partier med svag st\u00f6pis<br><strong>Sn\u00f6m\u00e4ngd:<\/strong> ca 10 cm<br><strong>Status skridskobana:<\/strong> STOR VARNING! G\u00e5 ej ut p\u00e5 isen!<br><strong>Status skidsp\u00e5r:<\/strong> &#8211;<\/p>\n\n\n\n<figure class=\"wp-block-image size-large\"><img loading=\"lazy\" decoding=\"async\" width=\"1024\" height=\"768\" src=\"https:\/\/e5gp8rwuod7.exactdn.com\/vasteras\/wp-content\/uploads\/sites\/4\/2022\/12\/2022-12-15-08.16.47-1024x768.jpg?strip=all&lossy=1&ssl=1\" alt=\"\" class=\"wp-image-61368\" srcset=\"https:\/\/e5gp8rwuod7.exactdn.com\/vasteras\/wp-content\/uploads\/sites\/4\/2022\/12\/2022-12-15-08.16.47-1024x768.jpg?strip=all&amp;lossy=1&amp;ssl=1 1024w, https:\/\/e5gp8rwuod7.exactdn.com\/vasteras\/wp-content\/uploads\/sites\/4\/2022\/12\/2022-12-15-08.16.47-300x225.jpg?strip=all&amp;lossy=1&amp;ssl=1 300w, https:\/\/e5gp8rwuod7.exactdn.com\/vasteras\/wp-content\/uploads\/sites\/4\/2022\/12\/2022-12-15-08.16.47-768x576.jpg?strip=all&amp;lossy=1&amp;ssl=1 768w, https:\/\/e5gp8rwuod7.exactdn.com\/vasteras\/wp-content\/uploads\/sites\/4\/2022\/12\/2022-12-15-08.16.47-1536x1152.jpg?strip=all&amp;lossy=1&amp;ssl=1 1536w, https:\/\/e5gp8rwuod7.exactdn.com\/vasteras\/wp-content\/uploads\/sites\/4\/2022\/12\/2022-12-15-08.16.47-2048x1536.jpg?strip=all&amp;lossy=1&amp;ssl=1 2048w, https:\/\/e5gp8rwuod7.exactdn.com\/vasteras\/wp-content\/uploads\/sites\/4\/2022\/12\/2022-12-15-08.16.47-469x352.jpg?strip=all&amp;lossy=1&amp;ssl=1 469w, https:\/\/e5gp8rwuod7.exactdn.com\/vasteras\/wp-content\/uploads\/sites\/4\/2022\/12\/2022-12-15-08.16.47-320x240.jpg?strip=all&amp;lossy=1&amp;ssl=1 320w, https:\/\/e5gp8rwuod7.exactdn.com\/vasteras\/wp-content\/uploads\/sites\/4\/2022\/12\/2022-12-15-08.16.47-1920x1440.jpg?strip=all&amp;lossy=1&amp;ssl=1 1920w, https:\/\/e5gp8rwuod7.exactdn.com\/vasteras\/wp-content\/uploads\/sites\/4\/2022\/12\/2022-12-15-08.16.47-600x450.jpg?strip=all&amp;lossy=1&amp;ssl=1 600w, https:\/\/e5gp8rwuod7.exactdn.com\/vasteras\/wp-content\/uploads\/sites\/4\/2022\/12\/2022-12-15-08.16.47.jpg?strip=all&amp;lossy=1&amp;w=384&amp;ssl=1 384w, https:\/\/e5gp8rwuod7.exactdn.com\/vasteras\/wp-content\/uploads\/sites\/4\/2022\/12\/2022-12-15-08.16.47.jpg?strip=all&amp;lossy=1&amp;w=1152&amp;ssl=1 1152w\" sizes=\"auto, (max-width: 1024px) 100vw, 1024px\" \/><\/figure>\n\n\n\n<p>Trots den ih\u00e5llande kylan v\u00e4xer isen ingenting p\u00e5 grund av sn\u00f6n. Tv\u00e4rtom faktiskt, f\u00f6r i tisdags var det pl\u00f6tsligt ett stort parti av H\u00e4ssl\u00f6sundet d\u00e4r det var \u00f6ppet vatten igen. Den h\u00e5rda vinden och v\u00e5gorna hade gjort att isen brutits upp. Dessutom skapade det en genomstr\u00f6mning i H\u00e4ssl\u00f6sundet som gjorde att isen tunnades ut underifr\u00e5n (vattnet \u00e4r n\u00e4mligen fortfarande varmare \u00e4n isen). Samtidigt var istillv\u00e4xten obefintlig eftersom det var sn\u00f6 p\u00e5 isen.<\/p>\n\n\n\n<p>Sn\u00f6 p\u00e5 isen \u00e4r som att l\u00e4gga ett dunt\u00e4cke p\u00e5 den. Till och med det tunna lager av pudersn\u00f6 som vi hade tidigare i veckan \u00e4r tillr\u00e4ckligt f\u00f6r att istillv\u00e4xten ska avstanna. N\u00e4r vi nu har f\u00e5tt \u00e4nnu mera sn\u00f6 s\u00e5 finns det inget hopp om att isen ska bli trygg att \u00e5ka p\u00e5 f\u00f6rr\u00e4n den f\u00f6rsvunnit, tyv\u00e4rr!<\/p>\n\n\n\n<p>En annan faktor som g\u00f6r att det \u00e4r extremt farligt att ge sig ut p\u00e5 isen just nu \u00e4r att det inte g\u00e5r att se var det \u00e4r f\u00f6r\u00e4ndringar, som oftast inneb\u00e4r f\u00f6rsvagningar, i isen. Ett tr\u00e4nat \u00f6ga kan se v\u00e4ldigt sm\u00e5 f\u00f6r\u00e4ndringar och avg\u00f6ra var isen blir os\u00e4ker. Men just nu spelar det ingen roll hur erfaren du \u00e4r, det \u00e4r helt om\u00f6jligt att avl\u00e4sa isen n\u00e4r den \u00e4r g\u00f6md under sn\u00f6n.<\/p>\n\n\n\n<p>Det vi f\u00e5r hoppas p\u00e5 nu \u00e4r att sn\u00f6n sm\u00e4lter bort helt och h\u00e5llet under blidv\u00e4dret i n\u00e4sta vecka s\u00e5 att det kan frysa om igen till mellandagarna. \u00c5k l\u00e4ngdskidor (p\u00e5 land) s\u00e5 l\u00e4nge!<\/p>\n\n\n\n<p>F\u00f6r \u00f6vrigt s\u00e5 har kommunen beslutat att <a href=\"https:\/\/aktivtuteliv.se\/blog\/kommunen-drar-in-stodet-for-plogningen-av-hasslosundet-igen\/\">inte bekosta plogningen av H\u00e4ssl\u00f6sundet<\/a> i vinter, n\u00e5got de gjort sedan 70-talet. De forts\u00e4tter d\u00e4remot att st\u00f6dja V\u00e4ster\u00e5s ideella plogare och skridskobanan ute p\u00e5 fj\u00e4rden. Men b\u00e5de vi och VIP betraktar banorna som en helhet med tv\u00e5 delar och tycker att beslutet \u00e4r v\u00e4ldigt tr\u00e5kigt.<\/p>\n\n\n\n<p>Om du ocks\u00e5 ogillar beslutet f\u00e5r du g\u00e4rna h\u00f6ra av dig till ansvarig politiker och ber\u00e4tta vad du tycker. Antingen direkt till kommunalr\u00e5det, \u00f6verst p\u00e5 kontaktlistan, eller till ordf\u00f6randen f\u00f6r n\u00e4mnden Idrott, fritid och f\u00f6rebyggande, som \u00e4r ansvarig f\u00f6r budgeten d\u00e4r detta tidigare har ing\u00e5tt. Hon \u00e4r nummer \u00e5tta p\u00e5 listan uppifr\u00e5n: <a href=\"https:\/\/www.vasteras.se\/kommun-och-politik\/kommunens-organisation\/kommunalrad-och-oppositionsrad.html\" target=\"_blank\" rel=\"noreferrer noopener\">deras kontaktuppgifter hittar du h\u00e4r!<\/a><\/p>\n\n\n\n<div style=\"height:50px\" aria-hidden=\"true\" class=\"wp-block-spacer\"><\/div>\n\n\n\n<h3 class=\"wp-block-heading\">2022-12-09 &#8211; V\u00e4ster\u00e5s Stad bekostar inte plogningen i vinter!<\/h3>\n\n\n\n<p><strong>Tidpunkt:<\/strong> kl. 09.00<br><strong>Istjocklek:<\/strong> ca 3,5-5,5 cm<br><strong>Iskvalit\u00e9:<\/strong> h\u00e5rd och sl\u00e4t k\u00e4rnis<br><strong>Sn\u00f6m\u00e4ngd:<\/strong> ca 2 cm<br><strong>Status skridskobana:<\/strong> VARNING! Ej \u00e5kbar<br><strong>Status skidsp\u00e5r:<\/strong> &#8211;<\/p>\n\n\n\n<figure class=\"wp-block-image size-large\"><img loading=\"lazy\" decoding=\"async\" width=\"1024\" height=\"768\" src=\"https:\/\/e5gp8rwuod7.exactdn.com\/vasteras\/wp-content\/uploads\/sites\/4\/2022\/12\/2022-12-09-08.56.14-1024x768.jpg?strip=all&lossy=1&ssl=1\" alt=\"\" class=\"wp-image-61359\" srcset=\"https:\/\/e5gp8rwuod7.exactdn.com\/vasteras\/wp-content\/uploads\/sites\/4\/2022\/12\/2022-12-09-08.56.14-1024x768.jpg?strip=all&amp;lossy=1&amp;ssl=1 1024w, https:\/\/e5gp8rwuod7.exactdn.com\/vasteras\/wp-content\/uploads\/sites\/4\/2022\/12\/2022-12-09-08.56.14-300x225.jpg?strip=all&amp;lossy=1&amp;ssl=1 300w, https:\/\/e5gp8rwuod7.exactdn.com\/vasteras\/wp-content\/uploads\/sites\/4\/2022\/12\/2022-12-09-08.56.14-768x576.jpg?strip=all&amp;lossy=1&amp;ssl=1 768w, https:\/\/e5gp8rwuod7.exactdn.com\/vasteras\/wp-content\/uploads\/sites\/4\/2022\/12\/2022-12-09-08.56.14-1536x1152.jpg?strip=all&amp;lossy=1&amp;ssl=1 1536w, https:\/\/e5gp8rwuod7.exactdn.com\/vasteras\/wp-content\/uploads\/sites\/4\/2022\/12\/2022-12-09-08.56.14-2048x1536.jpg?strip=all&amp;lossy=1&amp;ssl=1 2048w, https:\/\/e5gp8rwuod7.exactdn.com\/vasteras\/wp-content\/uploads\/sites\/4\/2022\/12\/2022-12-09-08.56.14-469x352.jpg?strip=all&amp;lossy=1&amp;ssl=1 469w, https:\/\/e5gp8rwuod7.exactdn.com\/vasteras\/wp-content\/uploads\/sites\/4\/2022\/12\/2022-12-09-08.56.14-320x240.jpg?strip=all&amp;lossy=1&amp;ssl=1 320w, https:\/\/e5gp8rwuod7.exactdn.com\/vasteras\/wp-content\/uploads\/sites\/4\/2022\/12\/2022-12-09-08.56.14-1920x1440.jpg?strip=all&amp;lossy=1&amp;ssl=1 1920w, https:\/\/e5gp8rwuod7.exactdn.com\/vasteras\/wp-content\/uploads\/sites\/4\/2022\/12\/2022-12-09-08.56.14-600x450.jpg?strip=all&amp;lossy=1&amp;ssl=1 600w, https:\/\/e5gp8rwuod7.exactdn.com\/vasteras\/wp-content\/uploads\/sites\/4\/2022\/12\/2022-12-09-08.56.14.jpg?strip=all&amp;lossy=1&amp;w=384&amp;ssl=1 384w, https:\/\/e5gp8rwuod7.exactdn.com\/vasteras\/wp-content\/uploads\/sites\/4\/2022\/12\/2022-12-09-08.56.14.jpg?strip=all&amp;lossy=1&amp;w=1152&amp;ssl=1 1152w\" sizes=\"auto, (max-width: 1024px) 100vw, 1024px\" \/><\/figure>\n\n\n\n<p>I natt lade sig den f\u00f6rsta sn\u00f6n p\u00e5 isen och trots att det \u00e4r fortsatt kallt kommer det tyv\u00e4rr att h\u00e4mma istillv\u00e4xten. Men samtidigt som sn\u00f6n l\u00e4gger sig p\u00e5 isen n\u00e5s vi av beskedet att V\u00e4ster\u00e5s Stad inte kommer att bekosta plogningen av skridskobanan i H\u00e4ssl\u00f6sundet i vinter.<\/p>\n\n\n\n<p>I ett e-postmeddelande till oss skriver friluftsstrategen Karin Spets:<br>&#8221;Jag har nu f\u00e5tt besked uppifr\u00e5n att utifr\u00e5n den budget vi precis har f\u00e5tt beh\u00f6ver vi g\u00f6ra stora besparingar och plogning av H\u00e4ssl\u00f6sundet finns sedan tidigare inte med i budgeten utifr\u00e5n tidigare besparings\u00e5tg\u00e4rder.<\/p>\n\n\n\n<p>Det inneb\u00e4r att v\u00e5r f\u00f6rvaltning inte kommer att kunna g\u00f6ra en upphandling f\u00f6r plogning av H\u00e4ssl\u00f6sundet. Vi kommer att forts\u00e4tta att bidra p\u00e5 samma s\u00e4tt till ideella plogarnas verksamhet p\u00e5 V\u00e4ster\u00e5sfj\u00e4rden d\u00e5 detta finns i v\u00e5r budget.&#8221;<\/p>\n\n\n\n<p>Besparings\u00e5tg\u00e4rden s\u00e4ger en hel del om vilken prioritet friluftslivet har i V\u00e4ster\u00e5s. Att skridsko\u00e5kning p\u00e5 M\u00e4laren bidrar till god folkh\u00e4lsa, \u00e4r ett billigt folkn\u00f6je och s\u00e4tter V\u00e4ster\u00e5s p\u00e5 kartan \u00e4r tydligen underordnat. Besparingen de g\u00f6r \u00e4r p\u00e5 cirka 55 000 kr, vilket \u00e4r vad plogningen kostade totalt f\u00f6r hela fjol\u00e5rss\u00e4songen.<\/p>\n\n\n\n<p>Om du ogillar beslutet f\u00e5r du g\u00e4rna h\u00f6ra av dig till ansvarig politiker och ber\u00e4tta vad du tycker. Antingen direkt till kommunalr\u00e5det <strong>Staffan Jansson<\/strong> eller till ordf\u00f6randen f\u00f6r n\u00e4mnden Idrott, fritid och f\u00f6rebyggande, <strong>Vicky Skure-Eriksson<\/strong>, som \u00e4r ansvarig f\u00f6r budgeten d\u00e4r detta tidigare har ing\u00e5tt.<br><a href=\"https:\/\/www.vasteras.se\/kommun-och-politik\/kommunens-organisation\/kommunalrad-och-oppositionsrad.html\" target=\"_blank\" rel=\"noreferrer noopener\">Deras kontaktuppgifter hittar du h\u00e4r!<\/a><\/p>\n\n\n\n<div style=\"height:50px\" aria-hidden=\"true\" class=\"wp-block-spacer\"><\/div>\n\n\n\n<h3 class=\"wp-block-heading\">2022-12-07<\/h3>\n\n\n\n<p><strong>Tidpunkt:<\/strong> kl. 08.30<br><strong>Istjocklek:<\/strong> ca 1,5 cm<br><strong>Iskvalit\u00e9:<\/strong> nattgammal k\u00e4rnis<br><strong>Sn\u00f6m\u00e4ngd:<\/strong> &#8211;<br><strong>Status skridskobana:<\/strong> VARNING! Ej \u00e5kbar<br><strong>Status skidsp\u00e5r:<\/strong> &#8211;<\/p>\n\n\n\n<figure class=\"wp-block-image size-large\"><img decoding=\"async\" src=\"https:\/\/e5gp8rwuod7.exactdn.com\/vasteras\/wp-content\/uploads\/sites\/4\/2022\/12\/israpport_20221207-1024x758.jpg?strip=all&lossy=1&ssl=1\" alt=\"\" class=\"wp-image-61352\"\/><\/figure>\n\n\n\n<p>I natt lade sig isen H\u00e4ssl\u00f6sundet nedanf\u00f6r Bj\u00f6rn\u00f6g\u00e5rden f\u00f6r f\u00f6rsta g\u00e5ngen f\u00f6r denna s\u00e4song, d\u00e4rf\u00f6r b\u00f6rjar vi nu v\u00e5r regelbundna israpportering. \u00c4n s\u00e5 l\u00e4nge \u00e4r isen endast 1,5 cm tjock och brister vid minsta belastning. Men det betyder i alla fall att skridskos\u00e4songen n\u00e4rmar sig med stormsteg.<\/p>\n\n\n\n<p>Om v\u00e4derprognosen h\u00e5ller i sig <em>tror vi<\/em> att det \u00e4r m\u00f6jligt att \u00e5ka skridskor i H\u00e4ssl\u00f6sundet redan innan jul. Men d\u00e5 f\u00e5r inte f\u00f6ljande intr\u00e4ffa:<\/p>\n\n\n\n<ul class=\"wp-block-list\">\n<li><strong>Kraftigt sn\u00f6fall.<\/strong> Om det l\u00e4gger sig sn\u00f6 p\u00e5 isen v\u00e4xer den mycket l\u00e5ngsammare, \u00e4ven om det forts\u00e4tter att vara m\u00e5nga minusgrader. Sn\u00f6n fungerar dessv\u00e4rre som ett isolerande t\u00e4cke och kan dessutom f\u00f6rs\u00e4mra iskvaliteten p\u00e5 andra s\u00e4tt.<\/li>\n\n\n\n<li><strong>V\u00e5gor och vind.<\/strong> Om det bl\u00e5ser st\u00f6r det isl\u00e4ggningen och is som redan lagt sig kan brytas upp igen n\u00e4r vattnet r\u00f6r sig. &#8221;Varma&#8221; vindar kan \u00e4ven tunna ur befintlig is.<\/li>\n\n\n\n<li><strong>Mulet v\u00e4der.<\/strong> Isen v\u00e4xer mycket snabbare n\u00e4r det \u00e4r klart v\u00e4der. D\u00e5 f\u00f6rsvinner all v\u00e4rmestr\u00e5lning rakt upp i atmosf\u00e4ren. Men om det \u00e4r mulet g\u00e4ller det omv\u00e4nda, istillv\u00e4xten \u00e4r d\u00e5 betydligt l\u00e5ngsammare.<\/li>\n<\/ul>\n","protected":false},"excerpt":{"rendered":"<p>Israpport f\u00f6r de plogade skridskobanorna p\u00e5 M\u00e4laren Plogad skridskobana i V\u00e4ster\u00e5s. Skridskobanan p\u00e5 M\u00e4laren i V\u00e4ster\u00e5s best\u00e5r av tv\u00e5 delar, den ena delen finns i H\u00e4ssl\u00f6sundet med str\u00e4ckning mot G\u00e4ddeholm [&hellip;]<\/p>\n","protected":false},"author":83,"featured_media":76812,"comment_status":"closed","ping_status":"closed","sticky":false,"template":"","format":"standard","meta":{"_acf_changed":false,"footnotes":""},"categories":[1237,1223],"tags":[1263,260,1264,1265],"class_list":["post-61351","post","type-post","status-publish","format-standard","has-post-thumbnail","hentry","category-nyheter","category-langfardsskridskor","tag-israpport","tag-langfardsskridskor","tag-skridskobana-hasslosundet","tag-skridskobana-vasteras"],"acf":[],"yoast_head":"<!-- This site is optimized with the Yoast SEO plugin v23.0 - https:\/\/yoast.com\/wordpress\/plugins\/seo\/ -->\n<title>Plogad skridskobana i V\u00e4ster\u00e5s - israpport med uppdateringar<\/title>\n<meta name=\"description\" content=\"Plogad skridskobana i V\u00e4ster\u00e5s. H\u00e4r hittar du aktuell status p\u00e5 den plogade skridskobanan som finns i H\u00e4ssl\u00f6sundet och ute p\u00e5 V\u00e4ster\u00e5sfj\u00e4rden\" \/>\n<meta name=\"robots\" content=\"index, follow, max-snippet:-1, max-image-preview:large, max-video-preview:-1\" \/>\n<link rel=\"canonical\" href=\"https:\/\/aktivtuteliv.se\/vasteras\/israpport\/\" \/>\n<meta property=\"og:locale\" content=\"sv_SE\" \/>\n<meta property=\"og:type\" content=\"article\" \/>\n<meta property=\"og:title\" content=\"Plogad skridskobana i V\u00e4ster\u00e5s - israpport med uppdateringar\" \/>\n<meta property=\"og:description\" content=\"Plogad skridskobana i V\u00e4ster\u00e5s. H\u00e4r hittar du aktuell status p\u00e5 den plogade skridskobanan som finns i H\u00e4ssl\u00f6sundet och ute p\u00e5 V\u00e4ster\u00e5sfj\u00e4rden\" \/>\n<meta property=\"og:url\" content=\"https:\/\/aktivtuteliv.se\/vasteras\/israpport\/\" \/>\n<meta property=\"og:site_name\" content=\"V\u00e4ster\u00e5s\" \/>\n<meta property=\"article:publisher\" content=\"https:\/\/www.facebook.com\/aktivtutelivbjornogarden\" \/>\n<meta property=\"article:published_time\" content=\"2026-02-13T23:01:00+00:00\" \/>\n<meta property=\"article:modified_time\" content=\"2026-03-05T13:15:50+00:00\" \/>\n<meta property=\"og:image\" content=\"https:\/\/aktivtuteliv.se\/vasteras\/wp-content\/uploads\/sites\/4\/2022\/12\/aka-skridskor.jpg\" \/>\n\t<meta property=\"og:image:width\" content=\"2560\" \/>\n\t<meta property=\"og:image:height\" content=\"1920\" \/>\n\t<meta property=\"og:image:type\" content=\"image\/jpeg\" \/>\n<meta name=\"author\" content=\"perfredin\" \/>\n<meta name=\"twitter:card\" content=\"summary_large_image\" \/>\n<meta name=\"twitter:creator\" content=\"@aktivtuteliv\" \/>\n<meta name=\"twitter:site\" content=\"@aktivtuteliv\" \/>\n<meta name=\"twitter:label1\" content=\"Skriven av\" \/>\n\t<meta name=\"twitter:data1\" content=\"perfredin\" \/>\n\t<meta name=\"twitter:label2\" content=\"Ber\u00e4knad l\u00e4stid\" \/>\n\t<meta name=\"twitter:data2\" content=\"64 minuter\" \/>\n<script type=\"application\/ld+json\" class=\"yoast-schema-graph\">{\"@context\":\"https:\/\/schema.org\",\"@graph\":[{\"@type\":\"Article\",\"@id\":\"https:\/\/aktivtuteliv.se\/vasteras\/israpport\/#article\",\"isPartOf\":{\"@id\":\"https:\/\/aktivtuteliv.se\/vasteras\/israpport\/\"},\"author\":{\"name\":\"perfredin\",\"@id\":\"https:\/\/aktivtuteliv.se\/vasteras\/#\/schema\/person\/5a0d78c114b11725bc522ef122bf00fc\"},\"headline\":\"Plogad skridskobana i V\u00e4ster\u00e5s\",\"datePublished\":\"2026-02-13T23:01:00+00:00\",\"dateModified\":\"2026-03-05T13:15:50+00:00\",\"mainEntityOfPage\":{\"@id\":\"https:\/\/aktivtuteliv.se\/vasteras\/israpport\/\"},\"wordCount\":13787,\"publisher\":{\"@id\":\"https:\/\/aktivtuteliv.se\/vasteras\/#organization\"},\"image\":{\"@id\":\"https:\/\/aktivtuteliv.se\/vasteras\/israpport\/#primaryimage\"},\"thumbnailUrl\":\"https:\/\/e5gp8rwuod7.exactdn.com\/vasteras\/wp-content\/uploads\/sites\/4\/2022\/12\/aka-skridskor.jpg?strip=all&lossy=1&ssl=1\",\"keywords\":[\"israpport\",\"l\u00e5ngf\u00e4rdsskridskor\",\"skridskobana h\u00e4ssl\u00f6sundet\",\"skridskobana v\u00e4ster\u00e5s\"],\"articleSection\":[\"1. Nyheter\",\"L\u00e5ngf\u00e4rdsskridskor\"],\"inLanguage\":\"sv-SE\"},{\"@type\":\"WebPage\",\"@id\":\"https:\/\/aktivtuteliv.se\/vasteras\/israpport\/\",\"url\":\"https:\/\/aktivtuteliv.se\/vasteras\/israpport\/\",\"name\":\"Plogad skridskobana i V\u00e4ster\u00e5s - israpport med uppdateringar\",\"isPartOf\":{\"@id\":\"https:\/\/aktivtuteliv.se\/vasteras\/#website\"},\"primaryImageOfPage\":{\"@id\":\"https:\/\/aktivtuteliv.se\/vasteras\/israpport\/#primaryimage\"},\"image\":{\"@id\":\"https:\/\/aktivtuteliv.se\/vasteras\/israpport\/#primaryimage\"},\"thumbnailUrl\":\"https:\/\/e5gp8rwuod7.exactdn.com\/vasteras\/wp-content\/uploads\/sites\/4\/2022\/12\/aka-skridskor.jpg?strip=all&lossy=1&ssl=1\",\"datePublished\":\"2026-02-13T23:01:00+00:00\",\"dateModified\":\"2026-03-05T13:15:50+00:00\",\"description\":\"Plogad skridskobana i V\u00e4ster\u00e5s. H\u00e4r hittar du aktuell status p\u00e5 den plogade skridskobanan som finns i H\u00e4ssl\u00f6sundet och ute p\u00e5 V\u00e4ster\u00e5sfj\u00e4rden\",\"breadcrumb\":{\"@id\":\"https:\/\/aktivtuteliv.se\/vasteras\/israpport\/#breadcrumb\"},\"inLanguage\":\"sv-SE\",\"potentialAction\":[{\"@type\":\"ReadAction\",\"target\":[\"https:\/\/aktivtuteliv.se\/vasteras\/israpport\/\"]}]},{\"@type\":\"ImageObject\",\"inLanguage\":\"sv-SE\",\"@id\":\"https:\/\/aktivtuteliv.se\/vasteras\/israpport\/#primaryimage\",\"url\":\"https:\/\/e5gp8rwuod7.exactdn.com\/vasteras\/wp-content\/uploads\/sites\/4\/2022\/12\/aka-skridskor.jpg?strip=all&lossy=1&ssl=1\",\"contentUrl\":\"https:\/\/e5gp8rwuod7.exactdn.com\/vasteras\/wp-content\/uploads\/sites\/4\/2022\/12\/aka-skridskor.jpg?strip=all&lossy=1&ssl=1\",\"width\":2560,\"height\":1920,\"caption\":\"plogad skridskobana\"},{\"@type\":\"BreadcrumbList\",\"@id\":\"https:\/\/aktivtuteliv.se\/vasteras\/israpport\/#breadcrumb\",\"itemListElement\":[{\"@type\":\"ListItem\",\"position\":1,\"name\":\"Home\",\"item\":\"https:\/\/aktivtuteliv.se\/vasteras\/\"},{\"@type\":\"ListItem\",\"position\":2,\"name\":\"Plogad skridskobana i V\u00e4ster\u00e5s\"}]},{\"@type\":\"WebSite\",\"@id\":\"https:\/\/aktivtuteliv.se\/vasteras\/#website\",\"url\":\"https:\/\/aktivtuteliv.se\/vasteras\/\",\"name\":\"Aktivt Uteliv Bj\u00f6rn\u00f6g\u00e5rden\",\"description\":\"Ett friluftscenter i V\u00e4ster\u00e5s\",\"publisher\":{\"@id\":\"https:\/\/aktivtuteliv.se\/vasteras\/#organization\"},\"potentialAction\":[{\"@type\":\"SearchAction\",\"target\":{\"@type\":\"EntryPoint\",\"urlTemplate\":\"https:\/\/aktivtuteliv.se\/vasteras\/?s={search_term_string}\"},\"query-input\":\"required name=search_term_string\"}],\"inLanguage\":\"sv-SE\"},{\"@type\":\"Organization\",\"@id\":\"https:\/\/aktivtuteliv.se\/vasteras\/#organization\",\"name\":\"Aktivt Uteliv Bj\u00f6rn\u00f6g\u00e5rden\",\"url\":\"https:\/\/aktivtuteliv.se\/vasteras\/\",\"logo\":{\"@type\":\"ImageObject\",\"inLanguage\":\"sv-SE\",\"@id\":\"https:\/\/aktivtuteliv.se\/vasteras\/#\/schema\/logo\/image\/\",\"url\":\"https:\/\/e5gp8rwuod7.exactdn.com\/vasteras\/wp-content\/uploads\/sites\/4\/2025\/01\/AUB-pms.png?strip=all&lossy=1&ssl=1\",\"contentUrl\":\"https:\/\/e5gp8rwuod7.exactdn.com\/vasteras\/wp-content\/uploads\/sites\/4\/2025\/01\/AUB-pms.png?strip=all&lossy=1&ssl=1\",\"width\":1894,\"height\":1165,\"caption\":\"Aktivt Uteliv Bj\u00f6rn\u00f6g\u00e5rden\"},\"image\":{\"@id\":\"https:\/\/aktivtuteliv.se\/vasteras\/#\/schema\/logo\/image\/\"},\"sameAs\":[\"https:\/\/www.facebook.com\/aktivtutelivbjornogarden\",\"https:\/\/x.com\/aktivtuteliv\",\"https:\/\/www.instagram.com\/aktivtuteliv_bjornogarden\"]},{\"@type\":\"Person\",\"@id\":\"https:\/\/aktivtuteliv.se\/vasteras\/#\/schema\/person\/5a0d78c114b11725bc522ef122bf00fc\",\"name\":\"perfredin\",\"image\":{\"@type\":\"ImageObject\",\"inLanguage\":\"sv-SE\",\"@id\":\"https:\/\/aktivtuteliv.se\/vasteras\/#\/schema\/person\/image\/\",\"url\":\"https:\/\/secure.gravatar.com\/avatar\/af5dfcbc5c60de90445ac4fc6143ab5e6e5b29e865d803c0ed41f7f05ab2f44e?s=96&d=mm&r=g\",\"contentUrl\":\"https:\/\/secure.gravatar.com\/avatar\/af5dfcbc5c60de90445ac4fc6143ab5e6e5b29e865d803c0ed41f7f05ab2f44e?s=96&d=mm&r=g\",\"caption\":\"perfredin\"},\"url\":\"https:\/\/aktivtuteliv.se\/vasteras\/author\/perfredin\/\"}]}<\/script>\n<!-- \/ Yoast SEO plugin. -->","yoast_head_json":{"title":"Plogad skridskobana i V\u00e4ster\u00e5s - israpport med uppdateringar","description":"Plogad skridskobana i V\u00e4ster\u00e5s. H\u00e4r hittar du aktuell status p\u00e5 den plogade skridskobanan som finns i H\u00e4ssl\u00f6sundet och ute p\u00e5 V\u00e4ster\u00e5sfj\u00e4rden","robots":{"index":"index","follow":"follow","max-snippet":"max-snippet:-1","max-image-preview":"max-image-preview:large","max-video-preview":"max-video-preview:-1"},"canonical":"https:\/\/aktivtuteliv.se\/vasteras\/israpport\/","og_locale":"sv_SE","og_type":"article","og_title":"Plogad skridskobana i V\u00e4ster\u00e5s - israpport med uppdateringar","og_description":"Plogad skridskobana i V\u00e4ster\u00e5s. H\u00e4r hittar du aktuell status p\u00e5 den plogade skridskobanan som finns i H\u00e4ssl\u00f6sundet och ute p\u00e5 V\u00e4ster\u00e5sfj\u00e4rden","og_url":"https:\/\/aktivtuteliv.se\/vasteras\/israpport\/","og_site_name":"V\u00e4ster\u00e5s","article_publisher":"https:\/\/www.facebook.com\/aktivtutelivbjornogarden","article_published_time":"2026-02-13T23:01:00+00:00","article_modified_time":"2026-03-05T13:15:50+00:00","og_image":[{"width":2560,"height":1920,"url":"https:\/\/aktivtuteliv.se\/vasteras\/wp-content\/uploads\/sites\/4\/2022\/12\/aka-skridskor.jpg","type":"image\/jpeg"}],"author":"perfredin","twitter_card":"summary_large_image","twitter_creator":"@aktivtuteliv","twitter_site":"@aktivtuteliv","twitter_misc":{"Skriven av":"perfredin","Ber\u00e4knad l\u00e4stid":"64 minuter"},"schema":{"@context":"https:\/\/schema.org","@graph":[{"@type":"Article","@id":"https:\/\/aktivtuteliv.se\/vasteras\/israpport\/#article","isPartOf":{"@id":"https:\/\/aktivtuteliv.se\/vasteras\/israpport\/"},"author":{"name":"perfredin","@id":"https:\/\/aktivtuteliv.se\/vasteras\/#\/schema\/person\/5a0d78c114b11725bc522ef122bf00fc"},"headline":"Plogad skridskobana i V\u00e4ster\u00e5s","datePublished":"2026-02-13T23:01:00+00:00","dateModified":"2026-03-05T13:15:50+00:00","mainEntityOfPage":{"@id":"https:\/\/aktivtuteliv.se\/vasteras\/israpport\/"},"wordCount":13787,"publisher":{"@id":"https:\/\/aktivtuteliv.se\/vasteras\/#organization"},"image":{"@id":"https:\/\/aktivtuteliv.se\/vasteras\/israpport\/#primaryimage"},"thumbnailUrl":"https:\/\/e5gp8rwuod7.exactdn.com\/vasteras\/wp-content\/uploads\/sites\/4\/2022\/12\/aka-skridskor.jpg?strip=all&lossy=1&ssl=1","keywords":["israpport","l\u00e5ngf\u00e4rdsskridskor","skridskobana h\u00e4ssl\u00f6sundet","skridskobana v\u00e4ster\u00e5s"],"articleSection":["1. Nyheter","L\u00e5ngf\u00e4rdsskridskor"],"inLanguage":"sv-SE"},{"@type":"WebPage","@id":"https:\/\/aktivtuteliv.se\/vasteras\/israpport\/","url":"https:\/\/aktivtuteliv.se\/vasteras\/israpport\/","name":"Plogad skridskobana i V\u00e4ster\u00e5s - israpport med uppdateringar","isPartOf":{"@id":"https:\/\/aktivtuteliv.se\/vasteras\/#website"},"primaryImageOfPage":{"@id":"https:\/\/aktivtuteliv.se\/vasteras\/israpport\/#primaryimage"},"image":{"@id":"https:\/\/aktivtuteliv.se\/vasteras\/israpport\/#primaryimage"},"thumbnailUrl":"https:\/\/e5gp8rwuod7.exactdn.com\/vasteras\/wp-content\/uploads\/sites\/4\/2022\/12\/aka-skridskor.jpg?strip=all&lossy=1&ssl=1","datePublished":"2026-02-13T23:01:00+00:00","dateModified":"2026-03-05T13:15:50+00:00","description":"Plogad skridskobana i V\u00e4ster\u00e5s. H\u00e4r hittar du aktuell status p\u00e5 den plogade skridskobanan som finns i H\u00e4ssl\u00f6sundet och ute p\u00e5 V\u00e4ster\u00e5sfj\u00e4rden","breadcrumb":{"@id":"https:\/\/aktivtuteliv.se\/vasteras\/israpport\/#breadcrumb"},"inLanguage":"sv-SE","potentialAction":[{"@type":"ReadAction","target":["https:\/\/aktivtuteliv.se\/vasteras\/israpport\/"]}]},{"@type":"ImageObject","inLanguage":"sv-SE","@id":"https:\/\/aktivtuteliv.se\/vasteras\/israpport\/#primaryimage","url":"https:\/\/e5gp8rwuod7.exactdn.com\/vasteras\/wp-content\/uploads\/sites\/4\/2022\/12\/aka-skridskor.jpg?strip=all&lossy=1&ssl=1","contentUrl":"https:\/\/e5gp8rwuod7.exactdn.com\/vasteras\/wp-content\/uploads\/sites\/4\/2022\/12\/aka-skridskor.jpg?strip=all&lossy=1&ssl=1","width":2560,"height":1920,"caption":"plogad skridskobana"},{"@type":"BreadcrumbList","@id":"https:\/\/aktivtuteliv.se\/vasteras\/israpport\/#breadcrumb","itemListElement":[{"@type":"ListItem","position":1,"name":"Home","item":"https:\/\/aktivtuteliv.se\/vasteras\/"},{"@type":"ListItem","position":2,"name":"Plogad skridskobana i V\u00e4ster\u00e5s"}]},{"@type":"WebSite","@id":"https:\/\/aktivtuteliv.se\/vasteras\/#website","url":"https:\/\/aktivtuteliv.se\/vasteras\/","name":"Aktivt Uteliv Bj\u00f6rn\u00f6g\u00e5rden","description":"Ett friluftscenter i V\u00e4ster\u00e5s","publisher":{"@id":"https:\/\/aktivtuteliv.se\/vasteras\/#organization"},"potentialAction":[{"@type":"SearchAction","target":{"@type":"EntryPoint","urlTemplate":"https:\/\/aktivtuteliv.se\/vasteras\/?s={search_term_string}"},"query-input":"required name=search_term_string"}],"inLanguage":"sv-SE"},{"@type":"Organization","@id":"https:\/\/aktivtuteliv.se\/vasteras\/#organization","name":"Aktivt Uteliv Bj\u00f6rn\u00f6g\u00e5rden","url":"https:\/\/aktivtuteliv.se\/vasteras\/","logo":{"@type":"ImageObject","inLanguage":"sv-SE","@id":"https:\/\/aktivtuteliv.se\/vasteras\/#\/schema\/logo\/image\/","url":"https:\/\/e5gp8rwuod7.exactdn.com\/vasteras\/wp-content\/uploads\/sites\/4\/2025\/01\/AUB-pms.png?strip=all&lossy=1&ssl=1","contentUrl":"https:\/\/e5gp8rwuod7.exactdn.com\/vasteras\/wp-content\/uploads\/sites\/4\/2025\/01\/AUB-pms.png?strip=all&lossy=1&ssl=1","width":1894,"height":1165,"caption":"Aktivt Uteliv Bj\u00f6rn\u00f6g\u00e5rden"},"image":{"@id":"https:\/\/aktivtuteliv.se\/vasteras\/#\/schema\/logo\/image\/"},"sameAs":["https:\/\/www.facebook.com\/aktivtutelivbjornogarden","https:\/\/x.com\/aktivtuteliv","https:\/\/www.instagram.com\/aktivtuteliv_bjornogarden"]},{"@type":"Person","@id":"https:\/\/aktivtuteliv.se\/vasteras\/#\/schema\/person\/5a0d78c114b11725bc522ef122bf00fc","name":"perfredin","image":{"@type":"ImageObject","inLanguage":"sv-SE","@id":"https:\/\/aktivtuteliv.se\/vasteras\/#\/schema\/person\/image\/","url":"https:\/\/secure.gravatar.com\/avatar\/af5dfcbc5c60de90445ac4fc6143ab5e6e5b29e865d803c0ed41f7f05ab2f44e?s=96&d=mm&r=g","contentUrl":"https:\/\/secure.gravatar.com\/avatar\/af5dfcbc5c60de90445ac4fc6143ab5e6e5b29e865d803c0ed41f7f05ab2f44e?s=96&d=mm&r=g","caption":"perfredin"},"url":"https:\/\/aktivtuteliv.se\/vasteras\/author\/perfredin\/"}]}},"_links":{"self":[{"href":"https:\/\/aktivtuteliv.se\/vasteras\/wp-json\/wp\/v2\/posts\/61351","targetHints":{"allow":["GET"]}}],"collection":[{"href":"https:\/\/aktivtuteliv.se\/vasteras\/wp-json\/wp\/v2\/posts"}],"about":[{"href":"https:\/\/aktivtuteliv.se\/vasteras\/wp-json\/wp\/v2\/types\/post"}],"author":[{"embeddable":true,"href":"https:\/\/aktivtuteliv.se\/vasteras\/wp-json\/wp\/v2\/users\/83"}],"replies":[{"embeddable":true,"href":"https:\/\/aktivtuteliv.se\/vasteras\/wp-json\/wp\/v2\/comments?post=61351"}],"version-history":[{"count":0,"href":"https:\/\/aktivtuteliv.se\/vasteras\/wp-json\/wp\/v2\/posts\/61351\/revisions"}],"wp:featuredmedia":[{"embeddable":true,"href":"https:\/\/aktivtuteliv.se\/vasteras\/wp-json\/wp\/v2\/media\/76812"}],"wp:attachment":[{"href":"https:\/\/aktivtuteliv.se\/vasteras\/wp-json\/wp\/v2\/media?parent=61351"}],"wp:term":[{"taxonomy":"category","embeddable":true,"href":"https:\/\/aktivtuteliv.se\/vasteras\/wp-json\/wp\/v2\/categories?post=61351"},{"taxonomy":"post_tag","embeddable":true,"href":"https:\/\/aktivtuteliv.se\/vasteras\/wp-json\/wp\/v2\/tags?post=61351"}],"curies":[{"name":"wp","href":"https:\/\/api.w.org\/{rel}","templated":true}]}}