{"id":61360,"date":"2022-12-11T09:16:20","date_gmt":"2022-12-11T09:16:20","guid":{"rendered":"https:\/\/aktivtuteliv.se\/?p=61360"},"modified":"2022-12-11T09:16:20","modified_gmt":"2022-12-11T09:16:20","slug":"kommunen-drar-in-stodet-for-plogningen-av-hasslosundet-igen","status":"publish","type":"post","link":"https:\/\/aktivtuteliv.se\/vasteras\/kommunen-drar-in-stodet-for-plogningen-av-hasslosundet-igen\/","title":{"rendered":"Kommunen drar in st\u00f6det f\u00f6r plogningen av H\u00e4ssl\u00f6sundet &#8211; igen!"},"content":{"rendered":"\n<p><strong>Som en besparings\u00e5tg\u00e4rd har kommunen \u00e4nnu en g\u00e5ng beslutat att inte bekosta plogningen av skridskobanan i H\u00e4ssl\u00f6sundet. Detta \u00e4r ett beslut som v\u00e4cker starka k\u00e4nslor hos Aktivt Uteliv Bj\u00f6rn\u00f6g\u00e5rden.<\/strong><\/p>\n\n\n\n<p><strong>Hur k\u00e4ndes det n\u00e4r ni fick beskedet?<\/strong><br>\u2014 F\u00f6r j\u00e4vligt rent ut sagt. Beslutet \u00e4r verkligen i otakt med det budskap politikerna sprider om att V\u00e4ster\u00e5s \u00e4r v\u00e4lm\u00e5ende och v\u00e4xer, b\u00e5de i arbetstillf\u00e4llen och befolkning. Att d\u00e5 sk\u00e4ra ned p\u00e5 en fritidsaktivitet som fr\u00e4mjar b\u00e5de folkh\u00e4lsan och \u00e4r gratis f\u00f6r den enskilda innev\u00e5naren l\u00e5ter riktigt kontraproduktivt, s\u00e4ger Per Fredin som \u00e4r VD p\u00e5 Aktivt Uteliv Bj\u00f6rn\u00f6g\u00e5rden.<\/p>\n\n\n\n<figure class=\"wp-block-image size-large\"><img loading=\"lazy\" decoding=\"async\" width=\"1024\" height=\"768\" src=\"https:\/\/e5gp8rwuod7.exactdn.com\/vasteras\/wp-content\/uploads\/sites\/4\/2022\/12\/2022-02-19-11.36.55-1024x768.jpg?strip=all&lossy=1&ssl=1\" alt=\"\" class=\"wp-image-61362\" srcset=\"https:\/\/e5gp8rwuod7.exactdn.com\/vasteras\/wp-content\/uploads\/sites\/4\/2022\/12\/2022-02-19-11.36.55-1024x768.jpg?strip=all&amp;lossy=1&amp;ssl=1 1024w, https:\/\/e5gp8rwuod7.exactdn.com\/vasteras\/wp-content\/uploads\/sites\/4\/2022\/12\/2022-02-19-11.36.55-300x225.jpg?strip=all&amp;lossy=1&amp;ssl=1 300w, https:\/\/e5gp8rwuod7.exactdn.com\/vasteras\/wp-content\/uploads\/sites\/4\/2022\/12\/2022-02-19-11.36.55-768x576.jpg?strip=all&amp;lossy=1&amp;ssl=1 768w, https:\/\/e5gp8rwuod7.exactdn.com\/vasteras\/wp-content\/uploads\/sites\/4\/2022\/12\/2022-02-19-11.36.55-1536x1152.jpg?strip=all&amp;lossy=1&amp;ssl=1 1536w, https:\/\/e5gp8rwuod7.exactdn.com\/vasteras\/wp-content\/uploads\/sites\/4\/2022\/12\/2022-02-19-11.36.55-2048x1536.jpg?strip=all&amp;lossy=1&amp;ssl=1 2048w, https:\/\/e5gp8rwuod7.exactdn.com\/vasteras\/wp-content\/uploads\/sites\/4\/2022\/12\/2022-02-19-11.36.55-469x352.jpg?strip=all&amp;lossy=1&amp;ssl=1 469w, https:\/\/e5gp8rwuod7.exactdn.com\/vasteras\/wp-content\/uploads\/sites\/4\/2022\/12\/2022-02-19-11.36.55-320x240.jpg?strip=all&amp;lossy=1&amp;ssl=1 320w, https:\/\/e5gp8rwuod7.exactdn.com\/vasteras\/wp-content\/uploads\/sites\/4\/2022\/12\/2022-02-19-11.36.55-1920x1440.jpg?strip=all&amp;lossy=1&amp;ssl=1 1920w, https:\/\/e5gp8rwuod7.exactdn.com\/vasteras\/wp-content\/uploads\/sites\/4\/2022\/12\/2022-02-19-11.36.55-600x450.jpg?strip=all&amp;lossy=1&amp;ssl=1 600w, https:\/\/e5gp8rwuod7.exactdn.com\/vasteras\/wp-content\/uploads\/sites\/4\/2022\/12\/2022-02-19-11.36.55.jpg?strip=all&amp;lossy=1&amp;w=384&amp;ssl=1 384w, https:\/\/e5gp8rwuod7.exactdn.com\/vasteras\/wp-content\/uploads\/sites\/4\/2022\/12\/2022-02-19-11.36.55.jpg?strip=all&amp;lossy=1&amp;w=1152&amp;ssl=1 1152w\" sizes=\"auto, (max-width: 1024px) 100vw, 1024px\" \/><\/figure>\n\n\n\n<p><strong>Varf\u00f6r ska kommunen betala f\u00f6r plogningen av H\u00e4ssl\u00f6sundet, r\u00e4cker det inte med att de st\u00f6ttar plogningen ute p\u00e5 fj\u00e4rden ekonomiskt?<\/strong><br>\u2014 F\u00f6r att V\u00e4ster\u00e5s beh\u00f6ver tv\u00e5 skridskobanor. Tillsammans s\u00e4tter de V\u00e4ster\u00e5s p\u00e5 kartan som en riktig skridskostad och de kompletterar dessutom varandra. Ibland \u00e4r de b\u00e4ttre is p\u00e5 den ena banan \u00e4n den andra och de bjuder ocks\u00e5 p\u00e5 olika naturupplevelser. N\u00e4r det \u00e4r bra skridskov\u00e4der beh\u00f6vs dessutom b\u00e5da banorna f\u00f6r att avlasta varandra eftersom det \u00e4r s\u00e5 otroligt mycket folk ute p\u00e5 isen d\u00e5.<\/p>\n\n\n\n<p><strong>Hur har plogningen skett tidigare?<\/strong><br>\u2014 Plogningen av skridskobanan har ing\u00e5tt som en del av sk\u00f6tseln av friluftsomr\u00e5det Bj\u00f6rn\u00f6. F\u00f6r l\u00e4nge sedan gjorde kommunen det sj\u00e4lva. Sedan har sk\u00f6tseln legat ute p\u00e5 entreprenad och de i sin tur anlitade Bj\u00f6rn\u00f6g\u00e5rden f\u00f6r att f\u00e5 jobbet gjort. Det var en fungerande uppg\u00f6relse under m\u00e5nga \u00e5r. Men n\u00e4r kommunen sj\u00e4lva tog \u00f6ver sk\u00f6tseln av Bj\u00f6rn\u00f6 f\u00f6r ett par \u00e5r sedan gl\u00f6mde de bort plogningen. F\u00f6r tv\u00e5 s\u00e4songer sedan blev vi d\u00e4rf\u00f6r tvungna att ploga ideellt f\u00f6r att det skulle bli en bana. Ifjol var skridskobanan inte heller budgeterad. Men d\u00e5 blev protesterna mot beslutet s\u00e5 starka att kommunen \u00e4ndrade sig och gjorde en snabbupphandling av plogningen, som vi vann. Till denna s\u00e4song har de \u00e5terigen utel\u00e4mnat plogningen av H\u00e4ssl\u00f6sundet ur budgeten som en besparings\u00e5tg\u00e4rd.<\/p>\n\n\n\n<p><strong>Varf\u00f6r ska ni f\u00e5 ers\u00e4ttning f\u00f6r att ploga, gynnas inte ni av att det finns en skridskobana i och med att ni hyr ut skridskor?<\/strong><br>\u2014 Jo, det \u00e4r klart. Men det \u00e4r ju inte bara v\u00e5ra kunder som \u00e5ker skridskor i H\u00e4ssl\u00f6sundet. Majoriteten av de som \u00e5ker p\u00e5 banan har inte hyrt skridskor hos oss, utan det \u00e4r allm\u00e4nheten. Det \u00e4r tv\u00e4rtom ganska konstigt att vi som privat f\u00f6retag ska beh\u00f6va bekosta en tj\u00e4nst som kommunen tillhandah\u00e5llit f\u00f6r allm\u00e4nheten i alla \u00e5r. Utan skridskobanan i H\u00e4ssl\u00f6sundet f\u00f6rlorar dessutom alla som bor i G\u00e4ddeholm m\u00f6jligheten att \u00e5ka skridskor p\u00e5 M\u00e4laren p\u00e5 ett s\u00e4kert s\u00e4tt.<\/p>\n\n\n\n<p><strong>Det l\u00e5ter som att ni har f\u00f6rlorat en betydande int\u00e4ktsk\u00e4lla?<\/strong><br>\u2014 Nej, verkligen inte. N\u00e5gon annan f\u00e5r g\u00e4rna ploga skridskobanan i H\u00e4ssl\u00f6sundet i v\u00e5rt st\u00e4lle f\u00f6r de pengarna. Ers\u00e4ttningen fr\u00e5n kommunen har t\u00e4ckt v\u00e5ra utgifter f\u00f6r br\u00e4nsle och nedlagda personaltimmar, inget mer. Ut\u00f6ver det har vi sj\u00e4lva tagit p\u00e5 oss att <a href=\"https:\/\/aktivtuteliv.se\/blog\/israpport-hasslosundet-vasteras\/\">skriva israpporter<\/a> om statusen p\u00e5 banan och att dra skidsp\u00e5r p\u00e5 isen, helt utan ers\u00e4ttning. Det g\u00e4ller f\u00f6rresten mountainbikeleden p\u00e5 Bj\u00f6rn\u00f6n ocks\u00e5. Det \u00e4r ett kommunalt sp\u00e5r \u00f6ppet f\u00f6r allm\u00e4nheten, men som vi sk\u00f6ter fritt \u00e5t staden.<\/p>\n\n\n\n<p><strong>Hur mycket har ni f\u00e5tt i ers\u00e4ttning d\u00e5?<\/strong><br>\u2014 F\u00f6r fjol\u00e5rss\u00e4songen, som var ovanligt l\u00e5ng, var det cirka 55 000 kr f\u00f6r hela s\u00e4songen.<\/p>\n\n\n\n<p><strong>Du menar allts\u00e5 att besparingen som kommunen g\u00f6r bara \u00e4r p\u00e5 55 000 kr?<\/strong><br>\u2014 Ja.<\/p>\n\n\n\n<p><strong>Men kan ni inte starta en crowd funding och ha ett Swishnummer d\u00e4r ni tar emot frivilliga bidrag?<\/strong><br>\u2014 Tyv\u00e4rr \u00e4r det inte s\u00e5 enkelt. Vi kan inte ta emot skattefria bidrag eftersom vi inte \u00e4r en f\u00f6rening. Om du swishar oss som tack f\u00f6r att vi har plogat en skridskobana s\u00e5 har du per definition k\u00f6pt en tj\u00e4nst av oss. D\u00e5 beh\u00f6ver vi ordna kvitto och bokf\u00f6ra moms f\u00f6r varje s\u00e5dan transaktion. Det kan bli ett omfattande jobb om vi f\u00e5r j\u00e4ttem\u00e5nga sm\u00e5 bidrag. Dessutom \u00e4r det som sagt ingen ekonomisk fr\u00e5ga, utan en principfr\u00e5ga f\u00f6r oss.<\/p>\n\n\n\n<p><strong>Hur kan folk vara med och bidra ist\u00e4llet?<\/strong><br>\u2014 F\u00f6rst och fr\u00e4mst genom att v\u00e4nda sig till oss n\u00e4r de beh\u00f6ver l\u00e5ngf\u00e4rdsskridskoutrustning. F\u00f6rutom att hyra ut skridskor har vi det bredaste f\u00f6rs\u00e4ljningssortimentet av pj\u00e4xor och skenor i V\u00e4ster\u00e5s. Sedan slipar vi \u00e4ven skridskor i v\u00e5r skidverkstad. Men de f\u00e5r g\u00e4rna kontakta ansvariga politiker ocks\u00e5 och tala om vad de tycker. Antingen <a href=\"https:\/\/www.vasteras.se\/kommun-och-politik\/kommunens-organisation\/kommunalrad-och-oppositionsrad.html?fbclid=IwAR2f0SFqhsG4jpInWPd8N0K-EWo0kveD7dkHdCqK3gbphFJLDyKz1G33kZ8\" target=\"_blank\" rel=\"noreferrer noopener\">kommunalr\u00e5det eller ordf\u00f6rande f\u00f6r n\u00e4mnden idrott, fritid och f\u00f6rebyggande<\/a>, som \u00e4r nummer \u00e5tta p\u00e5 listan r\u00e4knat uppifr\u00e5n. Fast det vore anm\u00e4rkningsv\u00e4rt vad karakt\u00e4rsl\u00f6sa politikerna \u00e4r om de \u00e4ndrar sitt beslut i \u00e5r ocks\u00e5!<\/p>\n\n\n\n<p><strong>Det l\u00e5ter som att ni kommer ploga \u00e4nd\u00e5?<\/strong><br>\u2014 Ja, i n\u00e5gon form kommer vi g\u00f6ra det. Men det kommer nog inte att bli i samma utstr\u00e4ckning.<\/p>\n\n\n\n<p><strong>Vad ser du fram emot just nu?<\/strong><br>\u2014 Att kylan h\u00e5ller i sig s\u00e5 att isen v\u00e4xer sig stark och s\u00e4ker och att vi f\u00e5r en l\u00e5ng och h\u00e4rlig skridskos\u00e4song!<\/p>\n","protected":false},"excerpt":{"rendered":"<p>Som en besparings\u00e5tg\u00e4rd har kommunen \u00e4nnu en g\u00e5ng beslutat att inte bekosta plogningen av skridskobanan i H\u00e4ssl\u00f6sundet. Detta \u00e4r ett beslut som v\u00e4cker starka k\u00e4nslor hos Aktivt Uteliv Bj\u00f6rn\u00f6g\u00e5rden. Hur [&hellip;]<\/p>\n","protected":false},"author":83,"featured_media":61361,"comment_status":"closed","ping_status":"closed","sticky":false,"template":"","format":"standard","meta":{"_acf_changed":false,"footnotes":""},"categories":[1237,1223],"tags":[260,1266,1265],"class_list":["post-61360","post","type-post","status-publish","format-standard","has-post-thumbnail","hentry","category-nyheter","category-langfardsskridskor","tag-langfardsskridskor","tag-plogad-skridskobana","tag-skridskobana-vasteras"],"acf":[],"yoast_head":"<!-- This site is optimized with the Yoast SEO plugin v23.0 - https:\/\/yoast.com\/wordpress\/plugins\/seo\/ -->\n<title>Kommunen drar in st\u00f6det f\u00f6r plogningen av H\u00e4ssl\u00f6sundet - igen! - V\u00e4ster\u00e5s<\/title>\n<meta name=\"robots\" content=\"index, follow, max-snippet:-1, max-image-preview:large, max-video-preview:-1\" \/>\n<link rel=\"canonical\" href=\"https:\/\/aktivtuteliv.se\/vasteras\/kommunen-drar-in-stodet-for-plogningen-av-hasslosundet-igen\/\" \/>\n<meta property=\"og:locale\" content=\"sv_SE\" \/>\n<meta property=\"og:type\" content=\"article\" \/>\n<meta property=\"og:title\" content=\"Kommunen drar in st\u00f6det f\u00f6r plogningen av H\u00e4ssl\u00f6sundet - igen! - V\u00e4ster\u00e5s\" \/>\n<meta property=\"og:description\" content=\"Som en besparings\u00e5tg\u00e4rd har kommunen \u00e4nnu en g\u00e5ng beslutat att inte bekosta plogningen av skridskobanan i H\u00e4ssl\u00f6sundet. Detta \u00e4r ett beslut som v\u00e4cker starka k\u00e4nslor hos Aktivt Uteliv Bj\u00f6rn\u00f6g\u00e5rden. Hur [&hellip;]\" \/>\n<meta property=\"og:url\" content=\"https:\/\/aktivtuteliv.se\/vasteras\/kommunen-drar-in-stodet-for-plogningen-av-hasslosundet-igen\/\" \/>\n<meta property=\"og:site_name\" content=\"V\u00e4ster\u00e5s\" \/>\n<meta property=\"article:publisher\" content=\"https:\/\/www.facebook.com\/aktivtutelivbjornogarden\" \/>\n<meta property=\"article:published_time\" content=\"2022-12-11T09:16:20+00:00\" \/>\n<meta property=\"og:image\" content=\"https:\/\/aktivtuteliv.se\/vasteras\/wp-content\/uploads\/sites\/4\/2022\/12\/2022-02-20-14.27.42.jpg\" \/>\n\t<meta property=\"og:image:width\" content=\"2560\" \/>\n\t<meta property=\"og:image:height\" content=\"1920\" \/>\n\t<meta property=\"og:image:type\" content=\"image\/jpeg\" \/>\n<meta name=\"author\" content=\"perfredin\" \/>\n<meta name=\"twitter:card\" content=\"summary_large_image\" \/>\n<meta name=\"twitter:creator\" content=\"@aktivtuteliv\" \/>\n<meta name=\"twitter:site\" content=\"@aktivtuteliv\" \/>\n<meta name=\"twitter:label1\" content=\"Skriven av\" \/>\n\t<meta name=\"twitter:data1\" content=\"perfredin\" \/>\n\t<meta name=\"twitter:label2\" content=\"Ber\u00e4knad l\u00e4stid\" \/>\n\t<meta name=\"twitter:data2\" content=\"4 minuter\" \/>\n<script type=\"application\/ld+json\" class=\"yoast-schema-graph\">{\"@context\":\"https:\/\/schema.org\",\"@graph\":[{\"@type\":\"Article\",\"@id\":\"https:\/\/aktivtuteliv.se\/vasteras\/kommunen-drar-in-stodet-for-plogningen-av-hasslosundet-igen\/#article\",\"isPartOf\":{\"@id\":\"https:\/\/aktivtuteliv.se\/vasteras\/kommunen-drar-in-stodet-for-plogningen-av-hasslosundet-igen\/\"},\"author\":{\"name\":\"perfredin\",\"@id\":\"https:\/\/aktivtuteliv.se\/vasteras\/#\/schema\/person\/5a0d78c114b11725bc522ef122bf00fc\"},\"headline\":\"Kommunen drar in st\u00f6det f\u00f6r plogningen av H\u00e4ssl\u00f6sundet &#8211; igen!\",\"datePublished\":\"2022-12-11T09:16:20+00:00\",\"dateModified\":\"2022-12-11T09:16:20+00:00\",\"mainEntityOfPage\":{\"@id\":\"https:\/\/aktivtuteliv.se\/vasteras\/kommunen-drar-in-stodet-for-plogningen-av-hasslosundet-igen\/\"},\"wordCount\":990,\"publisher\":{\"@id\":\"https:\/\/aktivtuteliv.se\/vasteras\/#organization\"},\"image\":{\"@id\":\"https:\/\/aktivtuteliv.se\/vasteras\/kommunen-drar-in-stodet-for-plogningen-av-hasslosundet-igen\/#primaryimage\"},\"thumbnailUrl\":\"https:\/\/e5gp8rwuod7.exactdn.com\/vasteras\/wp-content\/uploads\/sites\/4\/2022\/12\/2022-02-20-14.27.42.jpg?strip=all&lossy=1&ssl=1\",\"keywords\":[\"l\u00e5ngf\u00e4rdsskridskor\",\"plogad skridskobana\",\"skridskobana v\u00e4ster\u00e5s\"],\"articleSection\":[\"1. Nyheter\",\"L\u00e5ngf\u00e4rdsskridskor\"],\"inLanguage\":\"sv-SE\"},{\"@type\":\"WebPage\",\"@id\":\"https:\/\/aktivtuteliv.se\/vasteras\/kommunen-drar-in-stodet-for-plogningen-av-hasslosundet-igen\/\",\"url\":\"https:\/\/aktivtuteliv.se\/vasteras\/kommunen-drar-in-stodet-for-plogningen-av-hasslosundet-igen\/\",\"name\":\"Kommunen drar in st\u00f6det f\u00f6r plogningen av H\u00e4ssl\u00f6sundet - igen! - V\u00e4ster\u00e5s\",\"isPartOf\":{\"@id\":\"https:\/\/aktivtuteliv.se\/vasteras\/#website\"},\"primaryImageOfPage\":{\"@id\":\"https:\/\/aktivtuteliv.se\/vasteras\/kommunen-drar-in-stodet-for-plogningen-av-hasslosundet-igen\/#primaryimage\"},\"image\":{\"@id\":\"https:\/\/aktivtuteliv.se\/vasteras\/kommunen-drar-in-stodet-for-plogningen-av-hasslosundet-igen\/#primaryimage\"},\"thumbnailUrl\":\"https:\/\/e5gp8rwuod7.exactdn.com\/vasteras\/wp-content\/uploads\/sites\/4\/2022\/12\/2022-02-20-14.27.42.jpg?strip=all&lossy=1&ssl=1\",\"datePublished\":\"2022-12-11T09:16:20+00:00\",\"dateModified\":\"2022-12-11T09:16:20+00:00\",\"breadcrumb\":{\"@id\":\"https:\/\/aktivtuteliv.se\/vasteras\/kommunen-drar-in-stodet-for-plogningen-av-hasslosundet-igen\/#breadcrumb\"},\"inLanguage\":\"sv-SE\",\"potentialAction\":[{\"@type\":\"ReadAction\",\"target\":[\"https:\/\/aktivtuteliv.se\/vasteras\/kommunen-drar-in-stodet-for-plogningen-av-hasslosundet-igen\/\"]}]},{\"@type\":\"ImageObject\",\"inLanguage\":\"sv-SE\",\"@id\":\"https:\/\/aktivtuteliv.se\/vasteras\/kommunen-drar-in-stodet-for-plogningen-av-hasslosundet-igen\/#primaryimage\",\"url\":\"https:\/\/e5gp8rwuod7.exactdn.com\/vasteras\/wp-content\/uploads\/sites\/4\/2022\/12\/2022-02-20-14.27.42.jpg?strip=all&lossy=1&ssl=1\",\"contentUrl\":\"https:\/\/e5gp8rwuod7.exactdn.com\/vasteras\/wp-content\/uploads\/sites\/4\/2022\/12\/2022-02-20-14.27.42.jpg?strip=all&lossy=1&ssl=1\",\"width\":2560,\"height\":1920,\"caption\":\"skridskobana i h\u00e4ssl\u00f6sundet\"},{\"@type\":\"BreadcrumbList\",\"@id\":\"https:\/\/aktivtuteliv.se\/vasteras\/kommunen-drar-in-stodet-for-plogningen-av-hasslosundet-igen\/#breadcrumb\",\"itemListElement\":[{\"@type\":\"ListItem\",\"position\":1,\"name\":\"Home\",\"item\":\"https:\/\/aktivtuteliv.se\/vasteras\/\"},{\"@type\":\"ListItem\",\"position\":2,\"name\":\"Kommunen drar in st\u00f6det f\u00f6r plogningen av H\u00e4ssl\u00f6sundet &#8211; igen!\"}]},{\"@type\":\"WebSite\",\"@id\":\"https:\/\/aktivtuteliv.se\/vasteras\/#website\",\"url\":\"https:\/\/aktivtuteliv.se\/vasteras\/\",\"name\":\"Aktivt Uteliv Bj\u00f6rn\u00f6g\u00e5rden\",\"description\":\"Ett friluftscenter i V\u00e4ster\u00e5s\",\"publisher\":{\"@id\":\"https:\/\/aktivtuteliv.se\/vasteras\/#organization\"},\"potentialAction\":[{\"@type\":\"SearchAction\",\"target\":{\"@type\":\"EntryPoint\",\"urlTemplate\":\"https:\/\/aktivtuteliv.se\/vasteras\/?s={search_term_string}\"},\"query-input\":\"required name=search_term_string\"}],\"inLanguage\":\"sv-SE\"},{\"@type\":\"Organization\",\"@id\":\"https:\/\/aktivtuteliv.se\/vasteras\/#organization\",\"name\":\"Aktivt Uteliv Bj\u00f6rn\u00f6g\u00e5rden\",\"url\":\"https:\/\/aktivtuteliv.se\/vasteras\/\",\"logo\":{\"@type\":\"ImageObject\",\"inLanguage\":\"sv-SE\",\"@id\":\"https:\/\/aktivtuteliv.se\/vasteras\/#\/schema\/logo\/image\/\",\"url\":\"https:\/\/e5gp8rwuod7.exactdn.com\/vasteras\/wp-content\/uploads\/sites\/4\/2025\/01\/AUB-pms.png?strip=all&lossy=1&ssl=1\",\"contentUrl\":\"https:\/\/e5gp8rwuod7.exactdn.com\/vasteras\/wp-content\/uploads\/sites\/4\/2025\/01\/AUB-pms.png?strip=all&lossy=1&ssl=1\",\"width\":1894,\"height\":1165,\"caption\":\"Aktivt Uteliv Bj\u00f6rn\u00f6g\u00e5rden\"},\"image\":{\"@id\":\"https:\/\/aktivtuteliv.se\/vasteras\/#\/schema\/logo\/image\/\"},\"sameAs\":[\"https:\/\/www.facebook.com\/aktivtutelivbjornogarden\",\"https:\/\/x.com\/aktivtuteliv\",\"https:\/\/www.instagram.com\/aktivtuteliv_bjornogarden\"]},{\"@type\":\"Person\",\"@id\":\"https:\/\/aktivtuteliv.se\/vasteras\/#\/schema\/person\/5a0d78c114b11725bc522ef122bf00fc\",\"name\":\"perfredin\",\"image\":{\"@type\":\"ImageObject\",\"inLanguage\":\"sv-SE\",\"@id\":\"https:\/\/aktivtuteliv.se\/vasteras\/#\/schema\/person\/image\/\",\"url\":\"https:\/\/secure.gravatar.com\/avatar\/af5dfcbc5c60de90445ac4fc6143ab5e6e5b29e865d803c0ed41f7f05ab2f44e?s=96&d=mm&r=g\",\"contentUrl\":\"https:\/\/secure.gravatar.com\/avatar\/af5dfcbc5c60de90445ac4fc6143ab5e6e5b29e865d803c0ed41f7f05ab2f44e?s=96&d=mm&r=g\",\"caption\":\"perfredin\"},\"url\":\"https:\/\/aktivtuteliv.se\/vasteras\/author\/perfredin\/\"}]}<\/script>\n<!-- \/ Yoast SEO plugin. -->","yoast_head_json":{"title":"Kommunen drar in st\u00f6det f\u00f6r plogningen av H\u00e4ssl\u00f6sundet - igen! - V\u00e4ster\u00e5s","robots":{"index":"index","follow":"follow","max-snippet":"max-snippet:-1","max-image-preview":"max-image-preview:large","max-video-preview":"max-video-preview:-1"},"canonical":"https:\/\/aktivtuteliv.se\/vasteras\/kommunen-drar-in-stodet-for-plogningen-av-hasslosundet-igen\/","og_locale":"sv_SE","og_type":"article","og_title":"Kommunen drar in st\u00f6det f\u00f6r plogningen av H\u00e4ssl\u00f6sundet - igen! - V\u00e4ster\u00e5s","og_description":"Som en besparings\u00e5tg\u00e4rd har kommunen \u00e4nnu en g\u00e5ng beslutat att inte bekosta plogningen av skridskobanan i H\u00e4ssl\u00f6sundet. Detta \u00e4r ett beslut som v\u00e4cker starka k\u00e4nslor hos Aktivt Uteliv Bj\u00f6rn\u00f6g\u00e5rden. Hur [&hellip;]","og_url":"https:\/\/aktivtuteliv.se\/vasteras\/kommunen-drar-in-stodet-for-plogningen-av-hasslosundet-igen\/","og_site_name":"V\u00e4ster\u00e5s","article_publisher":"https:\/\/www.facebook.com\/aktivtutelivbjornogarden","article_published_time":"2022-12-11T09:16:20+00:00","og_image":[{"width":2560,"height":1920,"url":"https:\/\/aktivtuteliv.se\/vasteras\/wp-content\/uploads\/sites\/4\/2022\/12\/2022-02-20-14.27.42.jpg","type":"image\/jpeg"}],"author":"perfredin","twitter_card":"summary_large_image","twitter_creator":"@aktivtuteliv","twitter_site":"@aktivtuteliv","twitter_misc":{"Skriven av":"perfredin","Ber\u00e4knad l\u00e4stid":"4 minuter"},"schema":{"@context":"https:\/\/schema.org","@graph":[{"@type":"Article","@id":"https:\/\/aktivtuteliv.se\/vasteras\/kommunen-drar-in-stodet-for-plogningen-av-hasslosundet-igen\/#article","isPartOf":{"@id":"https:\/\/aktivtuteliv.se\/vasteras\/kommunen-drar-in-stodet-for-plogningen-av-hasslosundet-igen\/"},"author":{"name":"perfredin","@id":"https:\/\/aktivtuteliv.se\/vasteras\/#\/schema\/person\/5a0d78c114b11725bc522ef122bf00fc"},"headline":"Kommunen drar in st\u00f6det f\u00f6r plogningen av H\u00e4ssl\u00f6sundet &#8211; igen!","datePublished":"2022-12-11T09:16:20+00:00","dateModified":"2022-12-11T09:16:20+00:00","mainEntityOfPage":{"@id":"https:\/\/aktivtuteliv.se\/vasteras\/kommunen-drar-in-stodet-for-plogningen-av-hasslosundet-igen\/"},"wordCount":990,"publisher":{"@id":"https:\/\/aktivtuteliv.se\/vasteras\/#organization"},"image":{"@id":"https:\/\/aktivtuteliv.se\/vasteras\/kommunen-drar-in-stodet-for-plogningen-av-hasslosundet-igen\/#primaryimage"},"thumbnailUrl":"https:\/\/e5gp8rwuod7.exactdn.com\/vasteras\/wp-content\/uploads\/sites\/4\/2022\/12\/2022-02-20-14.27.42.jpg?strip=all&lossy=1&ssl=1","keywords":["l\u00e5ngf\u00e4rdsskridskor","plogad skridskobana","skridskobana v\u00e4ster\u00e5s"],"articleSection":["1. Nyheter","L\u00e5ngf\u00e4rdsskridskor"],"inLanguage":"sv-SE"},{"@type":"WebPage","@id":"https:\/\/aktivtuteliv.se\/vasteras\/kommunen-drar-in-stodet-for-plogningen-av-hasslosundet-igen\/","url":"https:\/\/aktivtuteliv.se\/vasteras\/kommunen-drar-in-stodet-for-plogningen-av-hasslosundet-igen\/","name":"Kommunen drar in st\u00f6det f\u00f6r plogningen av H\u00e4ssl\u00f6sundet - igen! - V\u00e4ster\u00e5s","isPartOf":{"@id":"https:\/\/aktivtuteliv.se\/vasteras\/#website"},"primaryImageOfPage":{"@id":"https:\/\/aktivtuteliv.se\/vasteras\/kommunen-drar-in-stodet-for-plogningen-av-hasslosundet-igen\/#primaryimage"},"image":{"@id":"https:\/\/aktivtuteliv.se\/vasteras\/kommunen-drar-in-stodet-for-plogningen-av-hasslosundet-igen\/#primaryimage"},"thumbnailUrl":"https:\/\/e5gp8rwuod7.exactdn.com\/vasteras\/wp-content\/uploads\/sites\/4\/2022\/12\/2022-02-20-14.27.42.jpg?strip=all&lossy=1&ssl=1","datePublished":"2022-12-11T09:16:20+00:00","dateModified":"2022-12-11T09:16:20+00:00","breadcrumb":{"@id":"https:\/\/aktivtuteliv.se\/vasteras\/kommunen-drar-in-stodet-for-plogningen-av-hasslosundet-igen\/#breadcrumb"},"inLanguage":"sv-SE","potentialAction":[{"@type":"ReadAction","target":["https:\/\/aktivtuteliv.se\/vasteras\/kommunen-drar-in-stodet-for-plogningen-av-hasslosundet-igen\/"]}]},{"@type":"ImageObject","inLanguage":"sv-SE","@id":"https:\/\/aktivtuteliv.se\/vasteras\/kommunen-drar-in-stodet-for-plogningen-av-hasslosundet-igen\/#primaryimage","url":"https:\/\/e5gp8rwuod7.exactdn.com\/vasteras\/wp-content\/uploads\/sites\/4\/2022\/12\/2022-02-20-14.27.42.jpg?strip=all&lossy=1&ssl=1","contentUrl":"https:\/\/e5gp8rwuod7.exactdn.com\/vasteras\/wp-content\/uploads\/sites\/4\/2022\/12\/2022-02-20-14.27.42.jpg?strip=all&lossy=1&ssl=1","width":2560,"height":1920,"caption":"skridskobana i h\u00e4ssl\u00f6sundet"},{"@type":"BreadcrumbList","@id":"https:\/\/aktivtuteliv.se\/vasteras\/kommunen-drar-in-stodet-for-plogningen-av-hasslosundet-igen\/#breadcrumb","itemListElement":[{"@type":"ListItem","position":1,"name":"Home","item":"https:\/\/aktivtuteliv.se\/vasteras\/"},{"@type":"ListItem","position":2,"name":"Kommunen drar in st\u00f6det f\u00f6r plogningen av H\u00e4ssl\u00f6sundet &#8211; igen!"}]},{"@type":"WebSite","@id":"https:\/\/aktivtuteliv.se\/vasteras\/#website","url":"https:\/\/aktivtuteliv.se\/vasteras\/","name":"Aktivt Uteliv Bj\u00f6rn\u00f6g\u00e5rden","description":"Ett friluftscenter i V\u00e4ster\u00e5s","publisher":{"@id":"https:\/\/aktivtuteliv.se\/vasteras\/#organization"},"potentialAction":[{"@type":"SearchAction","target":{"@type":"EntryPoint","urlTemplate":"https:\/\/aktivtuteliv.se\/vasteras\/?s={search_term_string}"},"query-input":"required name=search_term_string"}],"inLanguage":"sv-SE"},{"@type":"Organization","@id":"https:\/\/aktivtuteliv.se\/vasteras\/#organization","name":"Aktivt Uteliv Bj\u00f6rn\u00f6g\u00e5rden","url":"https:\/\/aktivtuteliv.se\/vasteras\/","logo":{"@type":"ImageObject","inLanguage":"sv-SE","@id":"https:\/\/aktivtuteliv.se\/vasteras\/#\/schema\/logo\/image\/","url":"https:\/\/e5gp8rwuod7.exactdn.com\/vasteras\/wp-content\/uploads\/sites\/4\/2025\/01\/AUB-pms.png?strip=all&lossy=1&ssl=1","contentUrl":"https:\/\/e5gp8rwuod7.exactdn.com\/vasteras\/wp-content\/uploads\/sites\/4\/2025\/01\/AUB-pms.png?strip=all&lossy=1&ssl=1","width":1894,"height":1165,"caption":"Aktivt Uteliv Bj\u00f6rn\u00f6g\u00e5rden"},"image":{"@id":"https:\/\/aktivtuteliv.se\/vasteras\/#\/schema\/logo\/image\/"},"sameAs":["https:\/\/www.facebook.com\/aktivtutelivbjornogarden","https:\/\/x.com\/aktivtuteliv","https:\/\/www.instagram.com\/aktivtuteliv_bjornogarden"]},{"@type":"Person","@id":"https:\/\/aktivtuteliv.se\/vasteras\/#\/schema\/person\/5a0d78c114b11725bc522ef122bf00fc","name":"perfredin","image":{"@type":"ImageObject","inLanguage":"sv-SE","@id":"https:\/\/aktivtuteliv.se\/vasteras\/#\/schema\/person\/image\/","url":"https:\/\/secure.gravatar.com\/avatar\/af5dfcbc5c60de90445ac4fc6143ab5e6e5b29e865d803c0ed41f7f05ab2f44e?s=96&d=mm&r=g","contentUrl":"https:\/\/secure.gravatar.com\/avatar\/af5dfcbc5c60de90445ac4fc6143ab5e6e5b29e865d803c0ed41f7f05ab2f44e?s=96&d=mm&r=g","caption":"perfredin"},"url":"https:\/\/aktivtuteliv.se\/vasteras\/author\/perfredin\/"}]}},"_links":{"self":[{"href":"https:\/\/aktivtuteliv.se\/vasteras\/wp-json\/wp\/v2\/posts\/61360","targetHints":{"allow":["GET"]}}],"collection":[{"href":"https:\/\/aktivtuteliv.se\/vasteras\/wp-json\/wp\/v2\/posts"}],"about":[{"href":"https:\/\/aktivtuteliv.se\/vasteras\/wp-json\/wp\/v2\/types\/post"}],"author":[{"embeddable":true,"href":"https:\/\/aktivtuteliv.se\/vasteras\/wp-json\/wp\/v2\/users\/83"}],"replies":[{"embeddable":true,"href":"https:\/\/aktivtuteliv.se\/vasteras\/wp-json\/wp\/v2\/comments?post=61360"}],"version-history":[{"count":0,"href":"https:\/\/aktivtuteliv.se\/vasteras\/wp-json\/wp\/v2\/posts\/61360\/revisions"}],"wp:featuredmedia":[{"embeddable":true,"href":"https:\/\/aktivtuteliv.se\/vasteras\/wp-json\/wp\/v2\/media\/61361"}],"wp:attachment":[{"href":"https:\/\/aktivtuteliv.se\/vasteras\/wp-json\/wp\/v2\/media?parent=61360"}],"wp:term":[{"taxonomy":"category","embeddable":true,"href":"https:\/\/aktivtuteliv.se\/vasteras\/wp-json\/wp\/v2\/categories?post=61360"},{"taxonomy":"post_tag","embeddable":true,"href":"https:\/\/aktivtuteliv.se\/vasteras\/wp-json\/wp\/v2\/tags?post=61360"}],"curies":[{"name":"wp","href":"https:\/\/api.w.org\/{rel}","templated":true}]}}