{"id":61683,"date":"2024-09-23T09:43:22","date_gmt":"2024-09-23T09:43:22","guid":{"rendered":"https:\/\/aktivtuteliv.se\/?p=61683"},"modified":"2025-01-16T09:59:39","modified_gmt":"2025-01-16T08:59:39","slug":"passar-taktaltet-till-min-bil-och-takracke","status":"publish","type":"post","link":"https:\/\/aktivtuteliv.se\/vasteras\/passar-taktaltet-till-min-bil-och-takracke\/","title":{"rendered":"Passar takt\u00e4ltet till min bil och takr\u00e4cke?"},"content":{"rendered":"\n<p>Att sova i ett takt\u00e4lt \u00e4r ett bekv\u00e4mt och enkelt s\u00e4tt att campa p\u00e5. T\u00e4ltet \u00e4r ihopvikt till en l\u00e5da som du k\u00f6r runt med p\u00e5 biltaket. N\u00e4r du hittar en fin plats att campa p\u00e5 f\u00e4ller du upp t\u00e4ltet p\u00e5 n\u00e5gra minuter. Visst l\u00e5ter det smidigt?<\/p>\n\n\n\n<p>Men innan du kommer s\u00e5 l\u00e5ngt m\u00e5ste t\u00e4ltet f\u00f6rst monteras p\u00e5 ditt takr\u00e4cke och d\u00e5 m\u00e5ste det uppfylla vissa krav, l\u00e4s vidare f\u00f6r att ta reda p\u00e5 om takt\u00e4ltet vi hyr ut passar p\u00e5 din bil.<\/p>\n\n\n\n<p>Det spelar ingen roll vilken profil dina takr\u00e4cken har: det kan vara fyrkantigt, ovalt eller vingformat (s\u00e5 kallad wingbar), utan det \u00e4r kraven nedan som m\u00e5ste uppfyllas.<\/p>\n\n\n\n<figure class=\"wp-block-image size-large\"><img decoding=\"async\" src=\"https:\/\/e5gp8rwuod7.exactdn.com\/wp-content\/uploads\/2024\/09\/Small-Thule_Tepui_Explorer_Kukenam_3_OliveGreen_01_901301-1024x683.jpg?strip=all&lossy=1&ssl=1\" alt=\"\" class=\"wp-image-61693\" \/><\/figure>\n\n\n\n<h2 class=\"wp-block-heading\">Tre saker du m\u00e5ste kontrollera:<\/h2>\n\n\n\n<p>1, Kontrollera att vikten f\u00f6r takt\u00e4ltet plus dina takr\u00e4cken inte \u00f6verskrider den maximala lastkapaciteten f\u00f6r dina takr\u00e4cken, rails eller ditt biltak. De flesta takr\u00e4cken klarar en maxlast p\u00e5 75-100 kg, vilket gott och v\u00e4l r\u00e4cker f\u00f6r v\u00e5rt takt\u00e4lt som v\u00e4ger 54 kg. <strong>Observera att den angivna maxlasten g\u00e4ller under k\u00f6rning.<\/strong> N\u00e4r bilen st\u00e5r stilla klarar b\u00e5de takr\u00e4ckena och bilen betydligt h\u00f6gre vikt och du kan utan problem sova 2-3 personer i ett takt\u00e4lt p\u00e5 ett biltak.<\/p>\n\n\n\n<p>2, Kontrollera att den fria delen p\u00e5 takr\u00e4cket\/lasth\u00e5llarna \u00e4r tillr\u00e4ckligt l\u00e5ng, allts\u00e5 den del av r\u00e4cket som inte t\u00e4cks av plastdetaljer vid f\u00e4stena. Hur l\u00e5ng den fria delen \u00e4r beror b\u00e5de p\u00e5 dina takr\u00e4cken och din bilmodell. <strong>F\u00f6r att kunna montera v\u00e5rt takt\u00e4lt beh\u00f6ver den fria delen p\u00e5 ditt takr\u00e4cke vara minst 85 centimeter l\u00e5ng<\/strong> (den r\u00f6da markeringen p\u00e5 bilden h\u00e4r under):<\/p>\n\n\n<div class=\"wp-block-image\">\n<figure class=\"alignleft size-full\"><img decoding=\"async\" src=\"https:\/\/e5gp8rwuod7.exactdn.com\/wp-content\/uploads\/2024\/09\/takracke.jpg?strip=all&lossy=1&w=1920&ssl=1\" alt=\"\" class=\"wp-image-61694\" \/><\/figure>\n<\/div>\n\n\n<div style=\"height:10px\" aria-hidden=\"true\" class=\"wp-block-spacer\"><\/div>\n\n\n\n<p>3, Den sista detaljen du m\u00e5ste kontrollera \u00e4r att avst\u00e5ndet mellan dina takr\u00e4cken \u00e4r minst 70 centimeter l\u00e5ngt:<\/p>\n\n\n\n<figure class=\"wp-block-image size-large\"><img decoding=\"async\" src=\"https:\/\/e5gp8rwuod7.exactdn.com\/wp-content\/uploads\/2024\/09\/Thule-wingbar-Evo-1024x243.jpg?strip=all&lossy=1&ssl=1\" alt=\"\" class=\"wp-image-61695\" \/><\/figure>\n\n\n\n<div style=\"height:20px\" aria-hidden=\"true\" class=\"wp-block-spacer\"><\/div>\n\n\n\n<p>F\u00f6r mer information se denna pdf fr\u00e5n Thule:<br><a href=\"https:\/\/www.thule.com\/-\/s\/approved\/std.lang.all\/02\/00\/670200.pdf\">https:\/\/www.thule.com\/-\/s\/approved\/std.lang.all\/02\/00\/670200.pdf<\/a><\/p>\n\n\n\n<p>Om du \u00e4nd\u00e5 \u00e4r os\u00e4ker p\u00e5 om v\u00e5rt takt\u00e4lt passar din bil \u00e4r du v\u00e4lkommen att kontakta oss via telefon eller epost f\u00f6r r\u00e5dgivning!<\/p>\n","protected":false},"excerpt":{"rendered":"<p>Att sova i ett takt\u00e4lt \u00e4r ett bekv\u00e4mt och enkelt s\u00e4tt att campa p\u00e5. T\u00e4ltet \u00e4r ihopvikt till en l\u00e5da som du k\u00f6r runt med p\u00e5 biltaket. N\u00e4r du hittar [&hellip;]<\/p>\n","protected":false},"author":83,"featured_media":76822,"comment_status":"closed","ping_status":"closed","sticky":false,"template":"","format":"standard","meta":{"_acf_changed":false,"footnotes":""},"categories":[1253],"tags":[1260],"class_list":["post-61683","post","type-post","status-publish","format-standard","has-post-thumbnail","hentry","category-produkttips","tag-taktalt"],"acf":[],"yoast_head":"<!-- This site is optimized with the Yoast SEO plugin v23.0 - https:\/\/yoast.com\/wordpress\/plugins\/seo\/ -->\n<title>Passar takt\u00e4ltet till min bil och takr\u00e4cke? - V\u00e4ster\u00e5s<\/title>\n<meta name=\"robots\" content=\"index, follow, max-snippet:-1, max-image-preview:large, max-video-preview:-1\" \/>\n<link rel=\"canonical\" href=\"https:\/\/aktivtuteliv.se\/vasteras\/passar-taktaltet-till-min-bil-och-takracke\/\" \/>\n<meta property=\"og:locale\" content=\"sv_SE\" \/>\n<meta property=\"og:type\" content=\"article\" \/>\n<meta property=\"og:title\" content=\"Passar takt\u00e4ltet till min bil och takr\u00e4cke? - V\u00e4ster\u00e5s\" \/>\n<meta property=\"og:description\" content=\"Att sova i ett takt\u00e4lt \u00e4r ett bekv\u00e4mt och enkelt s\u00e4tt att campa p\u00e5. T\u00e4ltet \u00e4r ihopvikt till en l\u00e5da som du k\u00f6r runt med p\u00e5 biltaket. N\u00e4r du hittar [&hellip;]\" \/>\n<meta property=\"og:url\" content=\"https:\/\/aktivtuteliv.se\/vasteras\/passar-taktaltet-till-min-bil-och-takracke\/\" \/>\n<meta property=\"og:site_name\" content=\"V\u00e4ster\u00e5s\" \/>\n<meta property=\"article:publisher\" content=\"https:\/\/www.facebook.com\/aktivtutelivbjornogarden\" \/>\n<meta property=\"article:published_time\" content=\"2024-09-23T09:43:22+00:00\" \/>\n<meta property=\"article:modified_time\" content=\"2025-01-16T08:59:39+00:00\" \/>\n<meta property=\"og:image\" content=\"https:\/\/aktivtuteliv.se\/vasteras\/wp-content\/uploads\/sites\/4\/2024\/09\/taktalt-scaled.jpg\" \/>\n\t<meta property=\"og:image:width\" content=\"2560\" \/>\n\t<meta property=\"og:image:height\" content=\"1660\" \/>\n\t<meta property=\"og:image:type\" content=\"image\/jpeg\" \/>\n<meta name=\"author\" content=\"perfredin\" \/>\n<meta name=\"twitter:card\" content=\"summary_large_image\" \/>\n<meta name=\"twitter:creator\" content=\"@aktivtuteliv\" \/>\n<meta name=\"twitter:site\" content=\"@aktivtuteliv\" \/>\n<meta name=\"twitter:label1\" content=\"Skriven av\" \/>\n\t<meta name=\"twitter:data1\" content=\"perfredin\" \/>\n\t<meta name=\"twitter:label2\" content=\"Ber\u00e4knad l\u00e4stid\" \/>\n\t<meta name=\"twitter:data2\" content=\"3 minuter\" \/>\n<script type=\"application\/ld+json\" class=\"yoast-schema-graph\">{\"@context\":\"https:\/\/schema.org\",\"@graph\":[{\"@type\":\"Article\",\"@id\":\"https:\/\/aktivtuteliv.se\/vasteras\/passar-taktaltet-till-min-bil-och-takracke\/#article\",\"isPartOf\":{\"@id\":\"https:\/\/aktivtuteliv.se\/vasteras\/passar-taktaltet-till-min-bil-och-takracke\/\"},\"author\":{\"name\":\"perfredin\",\"@id\":\"https:\/\/aktivtuteliv.se\/vasteras\/#\/schema\/person\/5a0d78c114b11725bc522ef122bf00fc\"},\"headline\":\"Passar takt\u00e4ltet till min bil och takr\u00e4cke?\",\"datePublished\":\"2024-09-23T09:43:22+00:00\",\"dateModified\":\"2025-01-16T08:59:39+00:00\",\"mainEntityOfPage\":{\"@id\":\"https:\/\/aktivtuteliv.se\/vasteras\/passar-taktaltet-till-min-bil-och-takracke\/\"},\"wordCount\":391,\"publisher\":{\"@id\":\"https:\/\/aktivtuteliv.se\/vasteras\/#organization\"},\"image\":{\"@id\":\"https:\/\/aktivtuteliv.se\/vasteras\/passar-taktaltet-till-min-bil-och-takracke\/#primaryimage\"},\"thumbnailUrl\":\"https:\/\/e5gp8rwuod7.exactdn.com\/vasteras\/wp-content\/uploads\/sites\/4\/2024\/09\/taktalt-scaled.jpg?strip=all&lossy=1&ssl=1\",\"keywords\":[\"takt\u00e4lt\"],\"articleSection\":[\"3. Produkttips och -recensioner\"],\"inLanguage\":\"sv-SE\"},{\"@type\":\"WebPage\",\"@id\":\"https:\/\/aktivtuteliv.se\/vasteras\/passar-taktaltet-till-min-bil-och-takracke\/\",\"url\":\"https:\/\/aktivtuteliv.se\/vasteras\/passar-taktaltet-till-min-bil-och-takracke\/\",\"name\":\"Passar takt\u00e4ltet till min bil och takr\u00e4cke? - V\u00e4ster\u00e5s\",\"isPartOf\":{\"@id\":\"https:\/\/aktivtuteliv.se\/vasteras\/#website\"},\"primaryImageOfPage\":{\"@id\":\"https:\/\/aktivtuteliv.se\/vasteras\/passar-taktaltet-till-min-bil-och-takracke\/#primaryimage\"},\"image\":{\"@id\":\"https:\/\/aktivtuteliv.se\/vasteras\/passar-taktaltet-till-min-bil-och-takracke\/#primaryimage\"},\"thumbnailUrl\":\"https:\/\/e5gp8rwuod7.exactdn.com\/vasteras\/wp-content\/uploads\/sites\/4\/2024\/09\/taktalt-scaled.jpg?strip=all&lossy=1&ssl=1\",\"datePublished\":\"2024-09-23T09:43:22+00:00\",\"dateModified\":\"2025-01-16T08:59:39+00:00\",\"breadcrumb\":{\"@id\":\"https:\/\/aktivtuteliv.se\/vasteras\/passar-taktaltet-till-min-bil-och-takracke\/#breadcrumb\"},\"inLanguage\":\"sv-SE\",\"potentialAction\":[{\"@type\":\"ReadAction\",\"target\":[\"https:\/\/aktivtuteliv.se\/vasteras\/passar-taktaltet-till-min-bil-och-takracke\/\"]}]},{\"@type\":\"ImageObject\",\"inLanguage\":\"sv-SE\",\"@id\":\"https:\/\/aktivtuteliv.se\/vasteras\/passar-taktaltet-till-min-bil-och-takracke\/#primaryimage\",\"url\":\"https:\/\/e5gp8rwuod7.exactdn.com\/vasteras\/wp-content\/uploads\/sites\/4\/2024\/09\/taktalt-scaled.jpg?strip=all&lossy=1&ssl=1\",\"contentUrl\":\"https:\/\/e5gp8rwuod7.exactdn.com\/vasteras\/wp-content\/uploads\/sites\/4\/2024\/09\/taktalt-scaled.jpg?strip=all&lossy=1&ssl=1\",\"width\":2560,\"height\":1660},{\"@type\":\"BreadcrumbList\",\"@id\":\"https:\/\/aktivtuteliv.se\/vasteras\/passar-taktaltet-till-min-bil-och-takracke\/#breadcrumb\",\"itemListElement\":[{\"@type\":\"ListItem\",\"position\":1,\"name\":\"Home\",\"item\":\"https:\/\/aktivtuteliv.se\/vasteras\/\"},{\"@type\":\"ListItem\",\"position\":2,\"name\":\"Passar takt\u00e4ltet till min bil och takr\u00e4cke?\"}]},{\"@type\":\"WebSite\",\"@id\":\"https:\/\/aktivtuteliv.se\/vasteras\/#website\",\"url\":\"https:\/\/aktivtuteliv.se\/vasteras\/\",\"name\":\"Aktivt Uteliv Bj\u00f6rn\u00f6g\u00e5rden\",\"description\":\"Ett friluftscenter i V\u00e4ster\u00e5s\",\"publisher\":{\"@id\":\"https:\/\/aktivtuteliv.se\/vasteras\/#organization\"},\"potentialAction\":[{\"@type\":\"SearchAction\",\"target\":{\"@type\":\"EntryPoint\",\"urlTemplate\":\"https:\/\/aktivtuteliv.se\/vasteras\/?s={search_term_string}\"},\"query-input\":\"required name=search_term_string\"}],\"inLanguage\":\"sv-SE\"},{\"@type\":\"Organization\",\"@id\":\"https:\/\/aktivtuteliv.se\/vasteras\/#organization\",\"name\":\"Aktivt Uteliv Bj\u00f6rn\u00f6g\u00e5rden\",\"url\":\"https:\/\/aktivtuteliv.se\/vasteras\/\",\"logo\":{\"@type\":\"ImageObject\",\"inLanguage\":\"sv-SE\",\"@id\":\"https:\/\/aktivtuteliv.se\/vasteras\/#\/schema\/logo\/image\/\",\"url\":\"https:\/\/e5gp8rwuod7.exactdn.com\/vasteras\/wp-content\/uploads\/sites\/4\/2025\/01\/AUB-pms.png?strip=all&lossy=1&ssl=1\",\"contentUrl\":\"https:\/\/e5gp8rwuod7.exactdn.com\/vasteras\/wp-content\/uploads\/sites\/4\/2025\/01\/AUB-pms.png?strip=all&lossy=1&ssl=1\",\"width\":1894,\"height\":1165,\"caption\":\"Aktivt Uteliv Bj\u00f6rn\u00f6g\u00e5rden\"},\"image\":{\"@id\":\"https:\/\/aktivtuteliv.se\/vasteras\/#\/schema\/logo\/image\/\"},\"sameAs\":[\"https:\/\/www.facebook.com\/aktivtutelivbjornogarden\",\"https:\/\/x.com\/aktivtuteliv\",\"https:\/\/www.instagram.com\/aktivtuteliv_bjornogarden\"]},{\"@type\":\"Person\",\"@id\":\"https:\/\/aktivtuteliv.se\/vasteras\/#\/schema\/person\/5a0d78c114b11725bc522ef122bf00fc\",\"name\":\"perfredin\",\"image\":{\"@type\":\"ImageObject\",\"inLanguage\":\"sv-SE\",\"@id\":\"https:\/\/aktivtuteliv.se\/vasteras\/#\/schema\/person\/image\/\",\"url\":\"https:\/\/secure.gravatar.com\/avatar\/af5dfcbc5c60de90445ac4fc6143ab5e6e5b29e865d803c0ed41f7f05ab2f44e?s=96&d=mm&r=g\",\"contentUrl\":\"https:\/\/secure.gravatar.com\/avatar\/af5dfcbc5c60de90445ac4fc6143ab5e6e5b29e865d803c0ed41f7f05ab2f44e?s=96&d=mm&r=g\",\"caption\":\"perfredin\"},\"url\":\"https:\/\/aktivtuteliv.se\/vasteras\/author\/perfredin\/\"}]}<\/script>\n<!-- \/ Yoast SEO plugin. -->","yoast_head_json":{"title":"Passar takt\u00e4ltet till min bil och takr\u00e4cke? - V\u00e4ster\u00e5s","robots":{"index":"index","follow":"follow","max-snippet":"max-snippet:-1","max-image-preview":"max-image-preview:large","max-video-preview":"max-video-preview:-1"},"canonical":"https:\/\/aktivtuteliv.se\/vasteras\/passar-taktaltet-till-min-bil-och-takracke\/","og_locale":"sv_SE","og_type":"article","og_title":"Passar takt\u00e4ltet till min bil och takr\u00e4cke? - V\u00e4ster\u00e5s","og_description":"Att sova i ett takt\u00e4lt \u00e4r ett bekv\u00e4mt och enkelt s\u00e4tt att campa p\u00e5. T\u00e4ltet \u00e4r ihopvikt till en l\u00e5da som du k\u00f6r runt med p\u00e5 biltaket. N\u00e4r du hittar [&hellip;]","og_url":"https:\/\/aktivtuteliv.se\/vasteras\/passar-taktaltet-till-min-bil-och-takracke\/","og_site_name":"V\u00e4ster\u00e5s","article_publisher":"https:\/\/www.facebook.com\/aktivtutelivbjornogarden","article_published_time":"2024-09-23T09:43:22+00:00","article_modified_time":"2025-01-16T08:59:39+00:00","og_image":[{"width":2560,"height":1660,"url":"https:\/\/aktivtuteliv.se\/vasteras\/wp-content\/uploads\/sites\/4\/2024\/09\/taktalt-scaled.jpg","type":"image\/jpeg"}],"author":"perfredin","twitter_card":"summary_large_image","twitter_creator":"@aktivtuteliv","twitter_site":"@aktivtuteliv","twitter_misc":{"Skriven av":"perfredin","Ber\u00e4knad l\u00e4stid":"3 minuter"},"schema":{"@context":"https:\/\/schema.org","@graph":[{"@type":"Article","@id":"https:\/\/aktivtuteliv.se\/vasteras\/passar-taktaltet-till-min-bil-och-takracke\/#article","isPartOf":{"@id":"https:\/\/aktivtuteliv.se\/vasteras\/passar-taktaltet-till-min-bil-och-takracke\/"},"author":{"name":"perfredin","@id":"https:\/\/aktivtuteliv.se\/vasteras\/#\/schema\/person\/5a0d78c114b11725bc522ef122bf00fc"},"headline":"Passar takt\u00e4ltet till min bil och takr\u00e4cke?","datePublished":"2024-09-23T09:43:22+00:00","dateModified":"2025-01-16T08:59:39+00:00","mainEntityOfPage":{"@id":"https:\/\/aktivtuteliv.se\/vasteras\/passar-taktaltet-till-min-bil-och-takracke\/"},"wordCount":391,"publisher":{"@id":"https:\/\/aktivtuteliv.se\/vasteras\/#organization"},"image":{"@id":"https:\/\/aktivtuteliv.se\/vasteras\/passar-taktaltet-till-min-bil-och-takracke\/#primaryimage"},"thumbnailUrl":"https:\/\/e5gp8rwuod7.exactdn.com\/vasteras\/wp-content\/uploads\/sites\/4\/2024\/09\/taktalt-scaled.jpg?strip=all&lossy=1&ssl=1","keywords":["takt\u00e4lt"],"articleSection":["3. Produkttips och -recensioner"],"inLanguage":"sv-SE"},{"@type":"WebPage","@id":"https:\/\/aktivtuteliv.se\/vasteras\/passar-taktaltet-till-min-bil-och-takracke\/","url":"https:\/\/aktivtuteliv.se\/vasteras\/passar-taktaltet-till-min-bil-och-takracke\/","name":"Passar takt\u00e4ltet till min bil och takr\u00e4cke? - V\u00e4ster\u00e5s","isPartOf":{"@id":"https:\/\/aktivtuteliv.se\/vasteras\/#website"},"primaryImageOfPage":{"@id":"https:\/\/aktivtuteliv.se\/vasteras\/passar-taktaltet-till-min-bil-och-takracke\/#primaryimage"},"image":{"@id":"https:\/\/aktivtuteliv.se\/vasteras\/passar-taktaltet-till-min-bil-och-takracke\/#primaryimage"},"thumbnailUrl":"https:\/\/e5gp8rwuod7.exactdn.com\/vasteras\/wp-content\/uploads\/sites\/4\/2024\/09\/taktalt-scaled.jpg?strip=all&lossy=1&ssl=1","datePublished":"2024-09-23T09:43:22+00:00","dateModified":"2025-01-16T08:59:39+00:00","breadcrumb":{"@id":"https:\/\/aktivtuteliv.se\/vasteras\/passar-taktaltet-till-min-bil-och-takracke\/#breadcrumb"},"inLanguage":"sv-SE","potentialAction":[{"@type":"ReadAction","target":["https:\/\/aktivtuteliv.se\/vasteras\/passar-taktaltet-till-min-bil-och-takracke\/"]}]},{"@type":"ImageObject","inLanguage":"sv-SE","@id":"https:\/\/aktivtuteliv.se\/vasteras\/passar-taktaltet-till-min-bil-och-takracke\/#primaryimage","url":"https:\/\/e5gp8rwuod7.exactdn.com\/vasteras\/wp-content\/uploads\/sites\/4\/2024\/09\/taktalt-scaled.jpg?strip=all&lossy=1&ssl=1","contentUrl":"https:\/\/e5gp8rwuod7.exactdn.com\/vasteras\/wp-content\/uploads\/sites\/4\/2024\/09\/taktalt-scaled.jpg?strip=all&lossy=1&ssl=1","width":2560,"height":1660},{"@type":"BreadcrumbList","@id":"https:\/\/aktivtuteliv.se\/vasteras\/passar-taktaltet-till-min-bil-och-takracke\/#breadcrumb","itemListElement":[{"@type":"ListItem","position":1,"name":"Home","item":"https:\/\/aktivtuteliv.se\/vasteras\/"},{"@type":"ListItem","position":2,"name":"Passar takt\u00e4ltet till min bil och takr\u00e4cke?"}]},{"@type":"WebSite","@id":"https:\/\/aktivtuteliv.se\/vasteras\/#website","url":"https:\/\/aktivtuteliv.se\/vasteras\/","name":"Aktivt Uteliv Bj\u00f6rn\u00f6g\u00e5rden","description":"Ett friluftscenter i V\u00e4ster\u00e5s","publisher":{"@id":"https:\/\/aktivtuteliv.se\/vasteras\/#organization"},"potentialAction":[{"@type":"SearchAction","target":{"@type":"EntryPoint","urlTemplate":"https:\/\/aktivtuteliv.se\/vasteras\/?s={search_term_string}"},"query-input":"required name=search_term_string"}],"inLanguage":"sv-SE"},{"@type":"Organization","@id":"https:\/\/aktivtuteliv.se\/vasteras\/#organization","name":"Aktivt Uteliv Bj\u00f6rn\u00f6g\u00e5rden","url":"https:\/\/aktivtuteliv.se\/vasteras\/","logo":{"@type":"ImageObject","inLanguage":"sv-SE","@id":"https:\/\/aktivtuteliv.se\/vasteras\/#\/schema\/logo\/image\/","url":"https:\/\/e5gp8rwuod7.exactdn.com\/vasteras\/wp-content\/uploads\/sites\/4\/2025\/01\/AUB-pms.png?strip=all&lossy=1&ssl=1","contentUrl":"https:\/\/e5gp8rwuod7.exactdn.com\/vasteras\/wp-content\/uploads\/sites\/4\/2025\/01\/AUB-pms.png?strip=all&lossy=1&ssl=1","width":1894,"height":1165,"caption":"Aktivt Uteliv Bj\u00f6rn\u00f6g\u00e5rden"},"image":{"@id":"https:\/\/aktivtuteliv.se\/vasteras\/#\/schema\/logo\/image\/"},"sameAs":["https:\/\/www.facebook.com\/aktivtutelivbjornogarden","https:\/\/x.com\/aktivtuteliv","https:\/\/www.instagram.com\/aktivtuteliv_bjornogarden"]},{"@type":"Person","@id":"https:\/\/aktivtuteliv.se\/vasteras\/#\/schema\/person\/5a0d78c114b11725bc522ef122bf00fc","name":"perfredin","image":{"@type":"ImageObject","inLanguage":"sv-SE","@id":"https:\/\/aktivtuteliv.se\/vasteras\/#\/schema\/person\/image\/","url":"https:\/\/secure.gravatar.com\/avatar\/af5dfcbc5c60de90445ac4fc6143ab5e6e5b29e865d803c0ed41f7f05ab2f44e?s=96&d=mm&r=g","contentUrl":"https:\/\/secure.gravatar.com\/avatar\/af5dfcbc5c60de90445ac4fc6143ab5e6e5b29e865d803c0ed41f7f05ab2f44e?s=96&d=mm&r=g","caption":"perfredin"},"url":"https:\/\/aktivtuteliv.se\/vasteras\/author\/perfredin\/"}]}},"_links":{"self":[{"href":"https:\/\/aktivtuteliv.se\/vasteras\/wp-json\/wp\/v2\/posts\/61683","targetHints":{"allow":["GET"]}}],"collection":[{"href":"https:\/\/aktivtuteliv.se\/vasteras\/wp-json\/wp\/v2\/posts"}],"about":[{"href":"https:\/\/aktivtuteliv.se\/vasteras\/wp-json\/wp\/v2\/types\/post"}],"author":[{"embeddable":true,"href":"https:\/\/aktivtuteliv.se\/vasteras\/wp-json\/wp\/v2\/users\/83"}],"replies":[{"embeddable":true,"href":"https:\/\/aktivtuteliv.se\/vasteras\/wp-json\/wp\/v2\/comments?post=61683"}],"version-history":[{"count":0,"href":"https:\/\/aktivtuteliv.se\/vasteras\/wp-json\/wp\/v2\/posts\/61683\/revisions"}],"wp:featuredmedia":[{"embeddable":true,"href":"https:\/\/aktivtuteliv.se\/vasteras\/wp-json\/wp\/v2\/media\/76822"}],"wp:attachment":[{"href":"https:\/\/aktivtuteliv.se\/vasteras\/wp-json\/wp\/v2\/media?parent=61683"}],"wp:term":[{"taxonomy":"category","embeddable":true,"href":"https:\/\/aktivtuteliv.se\/vasteras\/wp-json\/wp\/v2\/categories?post=61683"},{"taxonomy":"post_tag","embeddable":true,"href":"https:\/\/aktivtuteliv.se\/vasteras\/wp-json\/wp\/v2\/tags?post=61683"}],"curies":[{"name":"wp","href":"https:\/\/api.w.org\/{rel}","templated":true}]}}