{"id":76091,"date":"2024-12-12T09:18:18","date_gmt":"2024-12-12T08:18:18","guid":{"rendered":"https:\/\/aktivtuteliv.se\/vasteras\/?p=76091"},"modified":"2025-01-16T08:39:38","modified_gmt":"2025-01-16T07:39:38","slug":"hur-ofta-behover-man-slipa-och-valla-sina-slalomskidor","status":"publish","type":"post","link":"https:\/\/aktivtuteliv.se\/vasteras\/hur-ofta-behover-man-slipa-och-valla-sina-slalomskidor\/","title":{"rendered":"Hur ofta beh\u00f6ver man slipa och valla sina slalomskidor?"},"content":{"rendered":"\n<h2 class=\"wp-block-heading\"><strong>V\u00e4lservade skidor \u00e4r roligare att \u00e5ka p\u00e5<\/strong><\/h2>\n\n\n\n<p>Eftersom en skidbacke lutar kommer du alltid ner, oavsett hur slitna dina skidor \u00e4r. D\u00e4rf\u00f6r \u00e4r det m\u00e5nga som inte t\u00e4nker p\u00e5 att skidorna faktiskt beh\u00f6ver servas!<\/p>\n\n\n\n<p>N\u00e4r vi f\u00e5r in privata skidor p\u00e5 service har de oftast g\u00e5tt l\u00e4ngre \u00e4n de m\u00e5r bra av, \u00e5kningen och skidornas funktion har f\u00f6rs\u00e4mrats rej\u00e4lt.<\/p>\n\n\n\n<p>Ett par v\u00e4lv\u00e5rdade skidor g\u00f6r \u00e5kningen roligare, enklare och mer kontrollerad (l\u00e4s s\u00e4krare). Hur vet man n\u00e4r det \u00e4r dags att serva sina skidor?<\/p>\n\n\n\n<h2 class=\"wp-block-heading\"><strong>H\u00e4r kommer n\u00e5gra generella r\u00e5d om skidservice<\/strong><\/h2>\n\n\n\n<p>F\u00f6ljande riktlinjer g\u00e4ller f\u00f6r dig som \u00e4r en glad amat\u00f6r och \u00e5ker p\u00e5 samma skidor \u00e5r ut och \u00e5r in. F\u00f6r dig som tar skid\u00e5kningen seri\u00f6st, \u00e4r en duktig skid\u00e5kare och \u00e5ker med den senaste utrustningen b\u00f6r skidorna servas betydligt oftare \u00e4n vad vi rekommenderar h\u00e4r.<\/p>\n\n\n\n<h3 class=\"wp-block-heading\"><strong>1. Slipa kanterna<\/strong><\/h3>\n\n\n\n<p>Det viktigaste n\u00e4r du \u00e5ker slalom \u00e4r att du har vassa kanter eftersom det \u00e4r kanterna du \u00e5ker p\u00e5 (s\u00e5 kallad sk\u00e4rande sv\u00e4ng). Generellt beh\u00f6ver kanterna slipas <strong>varje s\u00e4song<\/strong>. Om kanterna beh\u00f6ver slipas \u00e4r det sannolikt att de beh\u00f6ver vallas ocks\u00e5.<\/p>\n\n\n\n<p>Du kan sj\u00e4lv unders\u00f6ka om dina kanter beh\u00f6ver slipas. G\u00f6r s\u00e5 h\u00e4r:<br>&#8211; B\u00f6rja med att titta p\u00e5 dem, om de har synliga hack, oj\u00e4mnheter och rost beh\u00f6ver de f\u00f6rmodligen slipas.<br>&#8211; K\u00e4nn p\u00e5 kanterna. Stryk med ett finger l\u00e4ngs med kantens yttersta vinkel (d\u00e4r kanten \u00e4r vassast), om den k\u00e4nns taggig eller har oj\u00e4mnheter \u00e4r det ett tecken p\u00e5 att kanterna beh\u00f6ver slipas.<\/p>\n\n\n\n<figure class=\"wp-block-image size-large is-resized\"><img loading=\"lazy\" decoding=\"async\" width=\"1024\" height=\"768\" src=\"https:\/\/e5gp8rwuod7.exactdn.com\/vasteras\/wp-content\/uploads\/sites\/4\/2024\/12\/2024-11-06-11.27.51-1024x768.jpg?strip=all&lossy=1&ssl=1\" alt=\"\" class=\"wp-image-76101\" style=\"width:720px;height:auto\" srcset=\"https:\/\/e5gp8rwuod7.exactdn.com\/vasteras\/wp-content\/uploads\/sites\/4\/2024\/12\/2024-11-06-11.27.51-1024x768.jpg?strip=all&amp;lossy=1&amp;ssl=1 1024w, https:\/\/e5gp8rwuod7.exactdn.com\/vasteras\/wp-content\/uploads\/sites\/4\/2024\/12\/2024-11-06-11.27.51-300x225.jpg?strip=all&amp;lossy=1&amp;ssl=1 300w, https:\/\/e5gp8rwuod7.exactdn.com\/vasteras\/wp-content\/uploads\/sites\/4\/2024\/12\/2024-11-06-11.27.51-768x576.jpg?strip=all&amp;lossy=1&amp;ssl=1 768w, https:\/\/e5gp8rwuod7.exactdn.com\/vasteras\/wp-content\/uploads\/sites\/4\/2024\/12\/2024-11-06-11.27.51-1536x1152.jpg?strip=all&amp;lossy=1&amp;ssl=1 1536w, https:\/\/e5gp8rwuod7.exactdn.com\/vasteras\/wp-content\/uploads\/sites\/4\/2024\/12\/2024-11-06-11.27.51-2048x1536.jpg?strip=all&amp;lossy=1&amp;ssl=1 2048w, https:\/\/e5gp8rwuod7.exactdn.com\/vasteras\/wp-content\/uploads\/sites\/4\/2024\/12\/2024-11-06-11.27.51-469x352.jpg?strip=all&amp;lossy=1&amp;ssl=1 469w, https:\/\/e5gp8rwuod7.exactdn.com\/vasteras\/wp-content\/uploads\/sites\/4\/2024\/12\/2024-11-06-11.27.51-320x240.jpg?strip=all&amp;lossy=1&amp;ssl=1 320w, https:\/\/e5gp8rwuod7.exactdn.com\/vasteras\/wp-content\/uploads\/sites\/4\/2024\/12\/2024-11-06-11.27.51-1920x1440.jpg?strip=all&amp;lossy=1&amp;ssl=1 1920w, https:\/\/e5gp8rwuod7.exactdn.com\/vasteras\/wp-content\/uploads\/sites\/4\/2024\/12\/2024-11-06-11.27.51-600x450.jpg?strip=all&amp;lossy=1&amp;ssl=1 600w, https:\/\/e5gp8rwuod7.exactdn.com\/vasteras\/wp-content\/uploads\/sites\/4\/2024\/12\/2024-11-06-11.27.51.jpg?strip=all&amp;lossy=1&amp;w=384&amp;ssl=1 384w, https:\/\/e5gp8rwuod7.exactdn.com\/vasteras\/wp-content\/uploads\/sites\/4\/2024\/12\/2024-11-06-11.27.51.jpg?strip=all&amp;lossy=1&amp;w=1152&amp;ssl=1 1152w\" sizes=\"auto, (max-width: 1024px) 100vw, 1024px\" \/><\/figure>\n\n\n\n<h3 class=\"wp-block-heading\"><strong>2. Valla skidorna<\/strong><\/h3>\n\n\n\n<p>N\u00e4st viktigast \u00e4r att skidorna \u00e4r vallade. Vallan minskar friktionen mot sn\u00f6n n\u00e4r det \u00e4r kallt och g\u00f6r att de inte suger fast n\u00e4r sn\u00f6n \u00e4r bl\u00f6t. Generellt beh\u00f6ver skidorna vallas <strong>en g\u00e5ng per veckas \u00e5kning<\/strong>.<\/p>\n\n\n\n<p>Du kan sj\u00e4lv unders\u00f6ka om dina skidor beh\u00f6ver vallas. G\u00f6r s\u00e5 h\u00e4r:<br>&#8211; B\u00f6rja med att titta p\u00e5 belagen. De \u00e4r oftast svarta och i s\u00e5 fall ska de vara m\u00f6rka och blanka. Om de ist\u00e4llet ser gr\u00e5a, vita eller matta ut \u00e4r det dags att valla skidorna.<br>&#8211; K\u00e4nn p\u00e5 belagen. De ska k\u00e4nnas sl\u00e4ta, lena och &#8221;glidiga&#8221;. Om de ist\u00e4llet k\u00e4nns str\u00e4va eller matta \u00e4r det dags att valla dem.&nbsp;<\/p>\n\n\n\n<figure class=\"wp-block-image size-large\"><img loading=\"lazy\" decoding=\"async\" width=\"1024\" height=\"768\" src=\"https:\/\/e5gp8rwuod7.exactdn.com\/vasteras\/wp-content\/uploads\/sites\/4\/2024\/12\/2024-11-06-11.28.57-1024x768.jpg?strip=all&lossy=1&ssl=1\" alt=\"\" class=\"wp-image-76102\" srcset=\"https:\/\/e5gp8rwuod7.exactdn.com\/vasteras\/wp-content\/uploads\/sites\/4\/2024\/12\/2024-11-06-11.28.57-1024x768.jpg?strip=all&amp;lossy=1&amp;ssl=1 1024w, https:\/\/e5gp8rwuod7.exactdn.com\/vasteras\/wp-content\/uploads\/sites\/4\/2024\/12\/2024-11-06-11.28.57-300x225.jpg?strip=all&amp;lossy=1&amp;ssl=1 300w, https:\/\/e5gp8rwuod7.exactdn.com\/vasteras\/wp-content\/uploads\/sites\/4\/2024\/12\/2024-11-06-11.28.57-768x576.jpg?strip=all&amp;lossy=1&amp;ssl=1 768w, https:\/\/e5gp8rwuod7.exactdn.com\/vasteras\/wp-content\/uploads\/sites\/4\/2024\/12\/2024-11-06-11.28.57-1536x1152.jpg?strip=all&amp;lossy=1&amp;ssl=1 1536w, https:\/\/e5gp8rwuod7.exactdn.com\/vasteras\/wp-content\/uploads\/sites\/4\/2024\/12\/2024-11-06-11.28.57-2048x1536.jpg?strip=all&amp;lossy=1&amp;ssl=1 2048w, https:\/\/e5gp8rwuod7.exactdn.com\/vasteras\/wp-content\/uploads\/sites\/4\/2024\/12\/2024-11-06-11.28.57-469x352.jpg?strip=all&amp;lossy=1&amp;ssl=1 469w, https:\/\/e5gp8rwuod7.exactdn.com\/vasteras\/wp-content\/uploads\/sites\/4\/2024\/12\/2024-11-06-11.28.57-320x240.jpg?strip=all&amp;lossy=1&amp;ssl=1 320w, https:\/\/e5gp8rwuod7.exactdn.com\/vasteras\/wp-content\/uploads\/sites\/4\/2024\/12\/2024-11-06-11.28.57-1920x1440.jpg?strip=all&amp;lossy=1&amp;ssl=1 1920w, https:\/\/e5gp8rwuod7.exactdn.com\/vasteras\/wp-content\/uploads\/sites\/4\/2024\/12\/2024-11-06-11.28.57-600x450.jpg?strip=all&amp;lossy=1&amp;ssl=1 600w, https:\/\/e5gp8rwuod7.exactdn.com\/vasteras\/wp-content\/uploads\/sites\/4\/2024\/12\/2024-11-06-11.28.57.jpg?strip=all&amp;lossy=1&amp;w=384&amp;ssl=1 384w, https:\/\/e5gp8rwuod7.exactdn.com\/vasteras\/wp-content\/uploads\/sites\/4\/2024\/12\/2024-11-06-11.28.57.jpg?strip=all&amp;lossy=1&amp;w=1152&amp;ssl=1 1152w\" sizes=\"auto, (max-width: 1024px) 100vw, 1024px\" \/><\/figure>\n\n\n\n<h3 class=\"wp-block-heading\"><strong>3. Stenslipa skidorna<\/strong><\/h3>\n\n\n\n<p>Sist men inte minst beh\u00f6ver belagen slipas (stenslipas eller planslipas, som en del ocks\u00e5 kallar det) f\u00f6r att skidorna ska glida bra och f\u00e5 en fr\u00e4sch och tydlig struktur. Generellt beh\u00f6ver belagen slipas <strong>varannan s\u00e4song<\/strong>. Om belagen beh\u00f6ver slipas m\u00e5ste du \u00e4ven slipa kanterna och valla skidorna.\u00a0\u00a0<\/p>\n\n\n\n<p>Du kan sj\u00e4lv unders\u00f6ka om dina belag beh\u00f6ver slipas. G\u00f6r s\u00e5 h\u00e4r:<br>&#8211; B\u00f6rja med att titta p\u00e5 belagen, det vill s\u00e4ga sj\u00e4lva plastytan som ligger mot sn\u00f6n. Om belagen ser gr\u00e5aktiga ut, \u00e4r fulla av repor och saknar tydlig struktur (de fina l\u00e4ngsg\u00e5ende linjerna som ofta bildar ett streckat m\u00f6nster) \u00e4r det dags att slipa belagen.<br>&#8211; K\u00e4nn p\u00e5 belagen. Om de k\u00e4nns riktigt str\u00e4va, n\u00e4stan lite ruggade, \u00e4r det ett tecken p\u00e5 att du beh\u00f6ver stenslipa belagen f\u00f6r att f\u00e5 fram nytt fr\u00e4scht belag med bra struktur.<\/p>\n\n\n\n<figure class=\"wp-block-image size-large\"><img loading=\"lazy\" decoding=\"async\" width=\"1024\" height=\"768\" src=\"https:\/\/e5gp8rwuod7.exactdn.com\/vasteras\/wp-content\/uploads\/sites\/4\/2024\/12\/2024-11-06-11.31.06-1024x768.jpg?strip=all&lossy=1&ssl=1\" alt=\"\" class=\"wp-image-76098\" srcset=\"https:\/\/e5gp8rwuod7.exactdn.com\/vasteras\/wp-content\/uploads\/sites\/4\/2024\/12\/2024-11-06-11.31.06-1024x768.jpg?strip=all&amp;lossy=1&amp;ssl=1 1024w, https:\/\/e5gp8rwuod7.exactdn.com\/vasteras\/wp-content\/uploads\/sites\/4\/2024\/12\/2024-11-06-11.31.06-300x225.jpg?strip=all&amp;lossy=1&amp;ssl=1 300w, https:\/\/e5gp8rwuod7.exactdn.com\/vasteras\/wp-content\/uploads\/sites\/4\/2024\/12\/2024-11-06-11.31.06-768x576.jpg?strip=all&amp;lossy=1&amp;ssl=1 768w, https:\/\/e5gp8rwuod7.exactdn.com\/vasteras\/wp-content\/uploads\/sites\/4\/2024\/12\/2024-11-06-11.31.06-1536x1152.jpg?strip=all&amp;lossy=1&amp;ssl=1 1536w, https:\/\/e5gp8rwuod7.exactdn.com\/vasteras\/wp-content\/uploads\/sites\/4\/2024\/12\/2024-11-06-11.31.06-2048x1536.jpg?strip=all&amp;lossy=1&amp;ssl=1 2048w, https:\/\/e5gp8rwuod7.exactdn.com\/vasteras\/wp-content\/uploads\/sites\/4\/2024\/12\/2024-11-06-11.31.06-469x352.jpg?strip=all&amp;lossy=1&amp;ssl=1 469w, https:\/\/e5gp8rwuod7.exactdn.com\/vasteras\/wp-content\/uploads\/sites\/4\/2024\/12\/2024-11-06-11.31.06-320x240.jpg?strip=all&amp;lossy=1&amp;ssl=1 320w, https:\/\/e5gp8rwuod7.exactdn.com\/vasteras\/wp-content\/uploads\/sites\/4\/2024\/12\/2024-11-06-11.31.06-1920x1440.jpg?strip=all&amp;lossy=1&amp;ssl=1 1920w, https:\/\/e5gp8rwuod7.exactdn.com\/vasteras\/wp-content\/uploads\/sites\/4\/2024\/12\/2024-11-06-11.31.06-600x450.jpg?strip=all&amp;lossy=1&amp;ssl=1 600w, https:\/\/e5gp8rwuod7.exactdn.com\/vasteras\/wp-content\/uploads\/sites\/4\/2024\/12\/2024-11-06-11.31.06.jpg?strip=all&amp;lossy=1&amp;w=384&amp;ssl=1 384w, https:\/\/e5gp8rwuod7.exactdn.com\/vasteras\/wp-content\/uploads\/sites\/4\/2024\/12\/2024-11-06-11.31.06.jpg?strip=all&amp;lossy=1&amp;w=1152&amp;ssl=1 1152w\" sizes=\"auto, (max-width: 1024px) 100vw, 1024px\" \/><\/figure>\n\n\n\n<h2 class=\"wp-block-heading\"><strong>Att serva skidor kr\u00e4ver tid, plats och r\u00e4tt verktyg<\/strong><\/h2>\n\n\n\n<p>Att valla och slipa kanter \u00e4r inte speciellt sv\u00e5rt, utan det kan du l\u00e4ra dig att g\u00f6ra sj\u00e4lv om du skaffar r\u00e4tt verktyg och en bra arbetsb\u00e4nk d\u00e4r du kan s\u00e4tta fast skidorna.<\/p>\n\n\n\n<p>Men om du saknar tid, kunskap eller r\u00e4tt verktyg s\u00e5 kan vi sj\u00e4lvklart g\u00f6ra det \u00e5t dig i v\u00e5r skidverkstad. D\u00e4r jobbar vi med moderna maskiner fr\u00e5n Wintersteiger som utf\u00f6r de olika momenten med otroligt h\u00f6g kvalitet och precision. <a href=\"https:\/\/aktivtuteliv.se\/vasteras\/slipa-och-valla-skidor-i-vasteras\/\">H\u00e4r hittar du priser p\u00e5 v\u00e5ra verkstadstj\u00e4nster<\/a>!<\/p>\n\n\n\n<p>Det h\u00e4r beh\u00f6ver du f\u00f6r att serva skidorna p\u00e5 egen hand:<\/p>\n\n\n\n<figure class=\"wp-block-image size-large\"><img loading=\"lazy\" decoding=\"async\" width=\"1024\" height=\"768\" src=\"https:\/\/e5gp8rwuod7.exactdn.com\/vasteras\/wp-content\/uploads\/sites\/4\/2024\/12\/2024-11-06-11.20.19-1024x768.jpg?strip=all&lossy=1&ssl=1\" alt=\"\" class=\"wp-image-76100\" srcset=\"https:\/\/e5gp8rwuod7.exactdn.com\/vasteras\/wp-content\/uploads\/sites\/4\/2024\/12\/2024-11-06-11.20.19-1024x768.jpg?strip=all&amp;lossy=1&amp;ssl=1 1024w, https:\/\/e5gp8rwuod7.exactdn.com\/vasteras\/wp-content\/uploads\/sites\/4\/2024\/12\/2024-11-06-11.20.19-300x225.jpg?strip=all&amp;lossy=1&amp;ssl=1 300w, https:\/\/e5gp8rwuod7.exactdn.com\/vasteras\/wp-content\/uploads\/sites\/4\/2024\/12\/2024-11-06-11.20.19-768x576.jpg?strip=all&amp;lossy=1&amp;ssl=1 768w, https:\/\/e5gp8rwuod7.exactdn.com\/vasteras\/wp-content\/uploads\/sites\/4\/2024\/12\/2024-11-06-11.20.19-1536x1152.jpg?strip=all&amp;lossy=1&amp;ssl=1 1536w, https:\/\/e5gp8rwuod7.exactdn.com\/vasteras\/wp-content\/uploads\/sites\/4\/2024\/12\/2024-11-06-11.20.19-2048x1536.jpg?strip=all&amp;lossy=1&amp;ssl=1 2048w, https:\/\/e5gp8rwuod7.exactdn.com\/vasteras\/wp-content\/uploads\/sites\/4\/2024\/12\/2024-11-06-11.20.19-469x352.jpg?strip=all&amp;lossy=1&amp;ssl=1 469w, https:\/\/e5gp8rwuod7.exactdn.com\/vasteras\/wp-content\/uploads\/sites\/4\/2024\/12\/2024-11-06-11.20.19-320x240.jpg?strip=all&amp;lossy=1&amp;ssl=1 320w, https:\/\/e5gp8rwuod7.exactdn.com\/vasteras\/wp-content\/uploads\/sites\/4\/2024\/12\/2024-11-06-11.20.19-1920x1440.jpg?strip=all&amp;lossy=1&amp;ssl=1 1920w, https:\/\/e5gp8rwuod7.exactdn.com\/vasteras\/wp-content\/uploads\/sites\/4\/2024\/12\/2024-11-06-11.20.19-600x450.jpg?strip=all&amp;lossy=1&amp;ssl=1 600w, https:\/\/e5gp8rwuod7.exactdn.com\/vasteras\/wp-content\/uploads\/sites\/4\/2024\/12\/2024-11-06-11.20.19.jpg?strip=all&amp;lossy=1&amp;w=384&amp;ssl=1 384w, https:\/\/e5gp8rwuod7.exactdn.com\/vasteras\/wp-content\/uploads\/sites\/4\/2024\/12\/2024-11-06-11.20.19.jpg?strip=all&amp;lossy=1&amp;w=1152&amp;ssl=1 1152w\" sizes=\"auto, (max-width: 1024px) 100vw, 1024px\" \/><\/figure>\n","protected":false},"excerpt":{"rendered":"<p>V\u00e4lservade skidor \u00e4r roligare att \u00e5ka p\u00e5 Eftersom en skidbacke lutar kommer du alltid ner, oavsett hur slitna dina skidor \u00e4r. D\u00e4rf\u00f6r \u00e4r det m\u00e5nga som inte t\u00e4nker p\u00e5 att [&hellip;]<\/p>\n","protected":false},"author":83,"featured_media":76099,"comment_status":"closed","ping_status":"open","sticky":false,"template":"","format":"standard","meta":{"_acf_changed":false,"footnotes":""},"categories":[1238,1219],"tags":[1232,1233,1230,1231,268,211],"class_list":["post-76091","post","type-post","status-publish","format-standard","has-post-thumbnail","hentry","category-tips-trix","category-alpint","tag-hur-ofta-ska-slalomskidor-slipas","tag-hur-ofta-ska-slalomskidor-vallas","tag-skidverkstad","tag-slipa-kanter","tag-slipa-skidor","tag-valla-skidor"],"acf":[],"yoast_head":"<!-- This site is optimized with the Yoast SEO plugin v23.0 - https:\/\/yoast.com\/wordpress\/plugins\/seo\/ -->\n<title>Hur ofta beh\u00f6ver man slipa och valla sina slalomskidor? - V\u00e4ster\u00e5s<\/title>\n<meta name=\"robots\" content=\"index, follow, max-snippet:-1, max-image-preview:large, max-video-preview:-1\" \/>\n<link rel=\"canonical\" href=\"https:\/\/aktivtuteliv.se\/vasteras\/hur-ofta-behover-man-slipa-och-valla-sina-slalomskidor\/\" \/>\n<meta property=\"og:locale\" content=\"sv_SE\" \/>\n<meta property=\"og:type\" content=\"article\" \/>\n<meta property=\"og:title\" content=\"Hur ofta beh\u00f6ver man slipa och valla sina slalomskidor? - V\u00e4ster\u00e5s\" \/>\n<meta property=\"og:description\" content=\"V\u00e4lservade skidor \u00e4r roligare att \u00e5ka p\u00e5 Eftersom en skidbacke lutar kommer du alltid ner, oavsett hur slitna dina skidor \u00e4r. D\u00e4rf\u00f6r \u00e4r det m\u00e5nga som inte t\u00e4nker p\u00e5 att [&hellip;]\" \/>\n<meta property=\"og:url\" content=\"https:\/\/aktivtuteliv.se\/vasteras\/hur-ofta-behover-man-slipa-och-valla-sina-slalomskidor\/\" \/>\n<meta property=\"og:site_name\" content=\"V\u00e4ster\u00e5s\" \/>\n<meta property=\"article:publisher\" content=\"https:\/\/www.facebook.com\/aktivtutelivbjornogarden\" \/>\n<meta property=\"article:published_time\" content=\"2024-12-12T08:18:18+00:00\" \/>\n<meta property=\"article:modified_time\" content=\"2025-01-16T07:39:38+00:00\" \/>\n<meta property=\"og:image\" content=\"https:\/\/aktivtuteliv.se\/vasteras\/wp-content\/uploads\/sites\/4\/2024\/12\/2024-11-06-11.37.06.jpg\" \/>\n\t<meta property=\"og:image:width\" content=\"2560\" \/>\n\t<meta property=\"og:image:height\" content=\"1450\" \/>\n\t<meta property=\"og:image:type\" content=\"image\/jpeg\" \/>\n<meta name=\"author\" content=\"perfredin\" \/>\n<meta name=\"twitter:card\" content=\"summary_large_image\" \/>\n<meta name=\"twitter:creator\" content=\"@aktivtuteliv\" \/>\n<meta name=\"twitter:site\" content=\"@aktivtuteliv\" \/>\n<meta name=\"twitter:label1\" content=\"Skriven av\" \/>\n\t<meta name=\"twitter:data1\" content=\"perfredin\" \/>\n\t<meta name=\"twitter:label2\" content=\"Ber\u00e4knad l\u00e4stid\" \/>\n\t<meta name=\"twitter:data2\" content=\"4 minuter\" \/>\n<script type=\"application\/ld+json\" class=\"yoast-schema-graph\">{\"@context\":\"https:\/\/schema.org\",\"@graph\":[{\"@type\":\"Article\",\"@id\":\"https:\/\/aktivtuteliv.se\/vasteras\/hur-ofta-behover-man-slipa-och-valla-sina-slalomskidor\/#article\",\"isPartOf\":{\"@id\":\"https:\/\/aktivtuteliv.se\/vasteras\/hur-ofta-behover-man-slipa-och-valla-sina-slalomskidor\/\"},\"author\":{\"name\":\"perfredin\",\"@id\":\"https:\/\/aktivtuteliv.se\/vasteras\/#\/schema\/person\/5a0d78c114b11725bc522ef122bf00fc\"},\"headline\":\"Hur ofta beh\u00f6ver man slipa och valla sina slalomskidor?\",\"datePublished\":\"2024-12-12T08:18:18+00:00\",\"dateModified\":\"2025-01-16T07:39:38+00:00\",\"mainEntityOfPage\":{\"@id\":\"https:\/\/aktivtuteliv.se\/vasteras\/hur-ofta-behover-man-slipa-och-valla-sina-slalomskidor\/\"},\"wordCount\":731,\"publisher\":{\"@id\":\"https:\/\/aktivtuteliv.se\/vasteras\/#organization\"},\"image\":{\"@id\":\"https:\/\/aktivtuteliv.se\/vasteras\/hur-ofta-behover-man-slipa-och-valla-sina-slalomskidor\/#primaryimage\"},\"thumbnailUrl\":\"https:\/\/e5gp8rwuod7.exactdn.com\/vasteras\/wp-content\/uploads\/sites\/4\/2024\/12\/2024-11-06-11.37.06.jpg?strip=all&lossy=1&ssl=1\",\"keywords\":[\"hur ofta ska slalomskidor slipas?\",\"hur ofta ska slalomskidor vallas?\",\"skidverkstad\",\"slipa kanter\",\"slipa skidor\",\"valla skidor\"],\"articleSection\":[\"2. Tips och guider\",\"Alpint\"],\"inLanguage\":\"sv-SE\"},{\"@type\":\"WebPage\",\"@id\":\"https:\/\/aktivtuteliv.se\/vasteras\/hur-ofta-behover-man-slipa-och-valla-sina-slalomskidor\/\",\"url\":\"https:\/\/aktivtuteliv.se\/vasteras\/hur-ofta-behover-man-slipa-och-valla-sina-slalomskidor\/\",\"name\":\"Hur ofta beh\u00f6ver man slipa och valla sina slalomskidor? - V\u00e4ster\u00e5s\",\"isPartOf\":{\"@id\":\"https:\/\/aktivtuteliv.se\/vasteras\/#website\"},\"primaryImageOfPage\":{\"@id\":\"https:\/\/aktivtuteliv.se\/vasteras\/hur-ofta-behover-man-slipa-och-valla-sina-slalomskidor\/#primaryimage\"},\"image\":{\"@id\":\"https:\/\/aktivtuteliv.se\/vasteras\/hur-ofta-behover-man-slipa-och-valla-sina-slalomskidor\/#primaryimage\"},\"thumbnailUrl\":\"https:\/\/e5gp8rwuod7.exactdn.com\/vasteras\/wp-content\/uploads\/sites\/4\/2024\/12\/2024-11-06-11.37.06.jpg?strip=all&lossy=1&ssl=1\",\"datePublished\":\"2024-12-12T08:18:18+00:00\",\"dateModified\":\"2025-01-16T07:39:38+00:00\",\"breadcrumb\":{\"@id\":\"https:\/\/aktivtuteliv.se\/vasteras\/hur-ofta-behover-man-slipa-och-valla-sina-slalomskidor\/#breadcrumb\"},\"inLanguage\":\"sv-SE\",\"potentialAction\":[{\"@type\":\"ReadAction\",\"target\":[\"https:\/\/aktivtuteliv.se\/vasteras\/hur-ofta-behover-man-slipa-och-valla-sina-slalomskidor\/\"]}]},{\"@type\":\"ImageObject\",\"inLanguage\":\"sv-SE\",\"@id\":\"https:\/\/aktivtuteliv.se\/vasteras\/hur-ofta-behover-man-slipa-och-valla-sina-slalomskidor\/#primaryimage\",\"url\":\"https:\/\/e5gp8rwuod7.exactdn.com\/vasteras\/wp-content\/uploads\/sites\/4\/2024\/12\/2024-11-06-11.37.06.jpg?strip=all&lossy=1&ssl=1\",\"contentUrl\":\"https:\/\/e5gp8rwuod7.exactdn.com\/vasteras\/wp-content\/uploads\/sites\/4\/2024\/12\/2024-11-06-11.37.06.jpg?strip=all&lossy=1&ssl=1\",\"width\":2560,\"height\":1450,\"caption\":\"skidverkstad\"},{\"@type\":\"BreadcrumbList\",\"@id\":\"https:\/\/aktivtuteliv.se\/vasteras\/hur-ofta-behover-man-slipa-och-valla-sina-slalomskidor\/#breadcrumb\",\"itemListElement\":[{\"@type\":\"ListItem\",\"position\":1,\"name\":\"Home\",\"item\":\"https:\/\/aktivtuteliv.se\/vasteras\/\"},{\"@type\":\"ListItem\",\"position\":2,\"name\":\"Hur ofta beh\u00f6ver man slipa och valla sina slalomskidor?\"}]},{\"@type\":\"WebSite\",\"@id\":\"https:\/\/aktivtuteliv.se\/vasteras\/#website\",\"url\":\"https:\/\/aktivtuteliv.se\/vasteras\/\",\"name\":\"Aktivt Uteliv Bj\u00f6rn\u00f6g\u00e5rden\",\"description\":\"Ett friluftscenter i V\u00e4ster\u00e5s\",\"publisher\":{\"@id\":\"https:\/\/aktivtuteliv.se\/vasteras\/#organization\"},\"potentialAction\":[{\"@type\":\"SearchAction\",\"target\":{\"@type\":\"EntryPoint\",\"urlTemplate\":\"https:\/\/aktivtuteliv.se\/vasteras\/?s={search_term_string}\"},\"query-input\":\"required name=search_term_string\"}],\"inLanguage\":\"sv-SE\"},{\"@type\":\"Organization\",\"@id\":\"https:\/\/aktivtuteliv.se\/vasteras\/#organization\",\"name\":\"Aktivt Uteliv Bj\u00f6rn\u00f6g\u00e5rden\",\"url\":\"https:\/\/aktivtuteliv.se\/vasteras\/\",\"logo\":{\"@type\":\"ImageObject\",\"inLanguage\":\"sv-SE\",\"@id\":\"https:\/\/aktivtuteliv.se\/vasteras\/#\/schema\/logo\/image\/\",\"url\":\"https:\/\/e5gp8rwuod7.exactdn.com\/vasteras\/wp-content\/uploads\/sites\/4\/2025\/01\/AUB-pms.png?strip=all&lossy=1&ssl=1\",\"contentUrl\":\"https:\/\/e5gp8rwuod7.exactdn.com\/vasteras\/wp-content\/uploads\/sites\/4\/2025\/01\/AUB-pms.png?strip=all&lossy=1&ssl=1\",\"width\":1894,\"height\":1165,\"caption\":\"Aktivt Uteliv Bj\u00f6rn\u00f6g\u00e5rden\"},\"image\":{\"@id\":\"https:\/\/aktivtuteliv.se\/vasteras\/#\/schema\/logo\/image\/\"},\"sameAs\":[\"https:\/\/www.facebook.com\/aktivtutelivbjornogarden\",\"https:\/\/x.com\/aktivtuteliv\",\"https:\/\/www.instagram.com\/aktivtuteliv_bjornogarden\"]},{\"@type\":\"Person\",\"@id\":\"https:\/\/aktivtuteliv.se\/vasteras\/#\/schema\/person\/5a0d78c114b11725bc522ef122bf00fc\",\"name\":\"perfredin\",\"image\":{\"@type\":\"ImageObject\",\"inLanguage\":\"sv-SE\",\"@id\":\"https:\/\/aktivtuteliv.se\/vasteras\/#\/schema\/person\/image\/\",\"url\":\"https:\/\/secure.gravatar.com\/avatar\/af5dfcbc5c60de90445ac4fc6143ab5e6e5b29e865d803c0ed41f7f05ab2f44e?s=96&d=mm&r=g\",\"contentUrl\":\"https:\/\/secure.gravatar.com\/avatar\/af5dfcbc5c60de90445ac4fc6143ab5e6e5b29e865d803c0ed41f7f05ab2f44e?s=96&d=mm&r=g\",\"caption\":\"perfredin\"},\"url\":\"https:\/\/aktivtuteliv.se\/vasteras\/author\/perfredin\/\"}]}<\/script>\n<!-- \/ Yoast SEO plugin. -->","yoast_head_json":{"title":"Hur ofta beh\u00f6ver man slipa och valla sina slalomskidor? - V\u00e4ster\u00e5s","robots":{"index":"index","follow":"follow","max-snippet":"max-snippet:-1","max-image-preview":"max-image-preview:large","max-video-preview":"max-video-preview:-1"},"canonical":"https:\/\/aktivtuteliv.se\/vasteras\/hur-ofta-behover-man-slipa-och-valla-sina-slalomskidor\/","og_locale":"sv_SE","og_type":"article","og_title":"Hur ofta beh\u00f6ver man slipa och valla sina slalomskidor? - V\u00e4ster\u00e5s","og_description":"V\u00e4lservade skidor \u00e4r roligare att \u00e5ka p\u00e5 Eftersom en skidbacke lutar kommer du alltid ner, oavsett hur slitna dina skidor \u00e4r. D\u00e4rf\u00f6r \u00e4r det m\u00e5nga som inte t\u00e4nker p\u00e5 att [&hellip;]","og_url":"https:\/\/aktivtuteliv.se\/vasteras\/hur-ofta-behover-man-slipa-och-valla-sina-slalomskidor\/","og_site_name":"V\u00e4ster\u00e5s","article_publisher":"https:\/\/www.facebook.com\/aktivtutelivbjornogarden","article_published_time":"2024-12-12T08:18:18+00:00","article_modified_time":"2025-01-16T07:39:38+00:00","og_image":[{"width":2560,"height":1450,"url":"https:\/\/aktivtuteliv.se\/vasteras\/wp-content\/uploads\/sites\/4\/2024\/12\/2024-11-06-11.37.06.jpg","type":"image\/jpeg"}],"author":"perfredin","twitter_card":"summary_large_image","twitter_creator":"@aktivtuteliv","twitter_site":"@aktivtuteliv","twitter_misc":{"Skriven av":"perfredin","Ber\u00e4knad l\u00e4stid":"4 minuter"},"schema":{"@context":"https:\/\/schema.org","@graph":[{"@type":"Article","@id":"https:\/\/aktivtuteliv.se\/vasteras\/hur-ofta-behover-man-slipa-och-valla-sina-slalomskidor\/#article","isPartOf":{"@id":"https:\/\/aktivtuteliv.se\/vasteras\/hur-ofta-behover-man-slipa-och-valla-sina-slalomskidor\/"},"author":{"name":"perfredin","@id":"https:\/\/aktivtuteliv.se\/vasteras\/#\/schema\/person\/5a0d78c114b11725bc522ef122bf00fc"},"headline":"Hur ofta beh\u00f6ver man slipa och valla sina slalomskidor?","datePublished":"2024-12-12T08:18:18+00:00","dateModified":"2025-01-16T07:39:38+00:00","mainEntityOfPage":{"@id":"https:\/\/aktivtuteliv.se\/vasteras\/hur-ofta-behover-man-slipa-och-valla-sina-slalomskidor\/"},"wordCount":731,"publisher":{"@id":"https:\/\/aktivtuteliv.se\/vasteras\/#organization"},"image":{"@id":"https:\/\/aktivtuteliv.se\/vasteras\/hur-ofta-behover-man-slipa-och-valla-sina-slalomskidor\/#primaryimage"},"thumbnailUrl":"https:\/\/e5gp8rwuod7.exactdn.com\/vasteras\/wp-content\/uploads\/sites\/4\/2024\/12\/2024-11-06-11.37.06.jpg?strip=all&lossy=1&ssl=1","keywords":["hur ofta ska slalomskidor slipas?","hur ofta ska slalomskidor vallas?","skidverkstad","slipa kanter","slipa skidor","valla skidor"],"articleSection":["2. Tips och guider","Alpint"],"inLanguage":"sv-SE"},{"@type":"WebPage","@id":"https:\/\/aktivtuteliv.se\/vasteras\/hur-ofta-behover-man-slipa-och-valla-sina-slalomskidor\/","url":"https:\/\/aktivtuteliv.se\/vasteras\/hur-ofta-behover-man-slipa-och-valla-sina-slalomskidor\/","name":"Hur ofta beh\u00f6ver man slipa och valla sina slalomskidor? - V\u00e4ster\u00e5s","isPartOf":{"@id":"https:\/\/aktivtuteliv.se\/vasteras\/#website"},"primaryImageOfPage":{"@id":"https:\/\/aktivtuteliv.se\/vasteras\/hur-ofta-behover-man-slipa-och-valla-sina-slalomskidor\/#primaryimage"},"image":{"@id":"https:\/\/aktivtuteliv.se\/vasteras\/hur-ofta-behover-man-slipa-och-valla-sina-slalomskidor\/#primaryimage"},"thumbnailUrl":"https:\/\/e5gp8rwuod7.exactdn.com\/vasteras\/wp-content\/uploads\/sites\/4\/2024\/12\/2024-11-06-11.37.06.jpg?strip=all&lossy=1&ssl=1","datePublished":"2024-12-12T08:18:18+00:00","dateModified":"2025-01-16T07:39:38+00:00","breadcrumb":{"@id":"https:\/\/aktivtuteliv.se\/vasteras\/hur-ofta-behover-man-slipa-och-valla-sina-slalomskidor\/#breadcrumb"},"inLanguage":"sv-SE","potentialAction":[{"@type":"ReadAction","target":["https:\/\/aktivtuteliv.se\/vasteras\/hur-ofta-behover-man-slipa-och-valla-sina-slalomskidor\/"]}]},{"@type":"ImageObject","inLanguage":"sv-SE","@id":"https:\/\/aktivtuteliv.se\/vasteras\/hur-ofta-behover-man-slipa-och-valla-sina-slalomskidor\/#primaryimage","url":"https:\/\/e5gp8rwuod7.exactdn.com\/vasteras\/wp-content\/uploads\/sites\/4\/2024\/12\/2024-11-06-11.37.06.jpg?strip=all&lossy=1&ssl=1","contentUrl":"https:\/\/e5gp8rwuod7.exactdn.com\/vasteras\/wp-content\/uploads\/sites\/4\/2024\/12\/2024-11-06-11.37.06.jpg?strip=all&lossy=1&ssl=1","width":2560,"height":1450,"caption":"skidverkstad"},{"@type":"BreadcrumbList","@id":"https:\/\/aktivtuteliv.se\/vasteras\/hur-ofta-behover-man-slipa-och-valla-sina-slalomskidor\/#breadcrumb","itemListElement":[{"@type":"ListItem","position":1,"name":"Home","item":"https:\/\/aktivtuteliv.se\/vasteras\/"},{"@type":"ListItem","position":2,"name":"Hur ofta beh\u00f6ver man slipa och valla sina slalomskidor?"}]},{"@type":"WebSite","@id":"https:\/\/aktivtuteliv.se\/vasteras\/#website","url":"https:\/\/aktivtuteliv.se\/vasteras\/","name":"Aktivt Uteliv Bj\u00f6rn\u00f6g\u00e5rden","description":"Ett friluftscenter i V\u00e4ster\u00e5s","publisher":{"@id":"https:\/\/aktivtuteliv.se\/vasteras\/#organization"},"potentialAction":[{"@type":"SearchAction","target":{"@type":"EntryPoint","urlTemplate":"https:\/\/aktivtuteliv.se\/vasteras\/?s={search_term_string}"},"query-input":"required name=search_term_string"}],"inLanguage":"sv-SE"},{"@type":"Organization","@id":"https:\/\/aktivtuteliv.se\/vasteras\/#organization","name":"Aktivt Uteliv Bj\u00f6rn\u00f6g\u00e5rden","url":"https:\/\/aktivtuteliv.se\/vasteras\/","logo":{"@type":"ImageObject","inLanguage":"sv-SE","@id":"https:\/\/aktivtuteliv.se\/vasteras\/#\/schema\/logo\/image\/","url":"https:\/\/e5gp8rwuod7.exactdn.com\/vasteras\/wp-content\/uploads\/sites\/4\/2025\/01\/AUB-pms.png?strip=all&lossy=1&ssl=1","contentUrl":"https:\/\/e5gp8rwuod7.exactdn.com\/vasteras\/wp-content\/uploads\/sites\/4\/2025\/01\/AUB-pms.png?strip=all&lossy=1&ssl=1","width":1894,"height":1165,"caption":"Aktivt Uteliv Bj\u00f6rn\u00f6g\u00e5rden"},"image":{"@id":"https:\/\/aktivtuteliv.se\/vasteras\/#\/schema\/logo\/image\/"},"sameAs":["https:\/\/www.facebook.com\/aktivtutelivbjornogarden","https:\/\/x.com\/aktivtuteliv","https:\/\/www.instagram.com\/aktivtuteliv_bjornogarden"]},{"@type":"Person","@id":"https:\/\/aktivtuteliv.se\/vasteras\/#\/schema\/person\/5a0d78c114b11725bc522ef122bf00fc","name":"perfredin","image":{"@type":"ImageObject","inLanguage":"sv-SE","@id":"https:\/\/aktivtuteliv.se\/vasteras\/#\/schema\/person\/image\/","url":"https:\/\/secure.gravatar.com\/avatar\/af5dfcbc5c60de90445ac4fc6143ab5e6e5b29e865d803c0ed41f7f05ab2f44e?s=96&d=mm&r=g","contentUrl":"https:\/\/secure.gravatar.com\/avatar\/af5dfcbc5c60de90445ac4fc6143ab5e6e5b29e865d803c0ed41f7f05ab2f44e?s=96&d=mm&r=g","caption":"perfredin"},"url":"https:\/\/aktivtuteliv.se\/vasteras\/author\/perfredin\/"}]}},"_links":{"self":[{"href":"https:\/\/aktivtuteliv.se\/vasteras\/wp-json\/wp\/v2\/posts\/76091","targetHints":{"allow":["GET"]}}],"collection":[{"href":"https:\/\/aktivtuteliv.se\/vasteras\/wp-json\/wp\/v2\/posts"}],"about":[{"href":"https:\/\/aktivtuteliv.se\/vasteras\/wp-json\/wp\/v2\/types\/post"}],"author":[{"embeddable":true,"href":"https:\/\/aktivtuteliv.se\/vasteras\/wp-json\/wp\/v2\/users\/83"}],"replies":[{"embeddable":true,"href":"https:\/\/aktivtuteliv.se\/vasteras\/wp-json\/wp\/v2\/comments?post=76091"}],"version-history":[{"count":0,"href":"https:\/\/aktivtuteliv.se\/vasteras\/wp-json\/wp\/v2\/posts\/76091\/revisions"}],"wp:featuredmedia":[{"embeddable":true,"href":"https:\/\/aktivtuteliv.se\/vasteras\/wp-json\/wp\/v2\/media\/76099"}],"wp:attachment":[{"href":"https:\/\/aktivtuteliv.se\/vasteras\/wp-json\/wp\/v2\/media?parent=76091"}],"wp:term":[{"taxonomy":"category","embeddable":true,"href":"https:\/\/aktivtuteliv.se\/vasteras\/wp-json\/wp\/v2\/categories?post=76091"},{"taxonomy":"post_tag","embeddable":true,"href":"https:\/\/aktivtuteliv.se\/vasteras\/wp-json\/wp\/v2\/tags?post=76091"}],"curies":[{"name":"wp","href":"https:\/\/api.w.org\/{rel}","templated":true}]}}