{"id":78962,"date":"2025-05-22T09:49:29","date_gmt":"2025-05-22T07:49:29","guid":{"rendered":"https:\/\/aktivtuteliv.se\/vasteras\/?p=78962"},"modified":"2025-06-05T13:46:33","modified_gmt":"2025-06-05T11:46:33","slug":"skrapplockarkampanj-hall-malaren-ren","status":"publish","type":"post","link":"https:\/\/aktivtuteliv.se\/vasteras\/skrapplockarkampanj-hall-malaren-ren\/","title":{"rendered":"Skr\u00e4pplockarkampanj &#8211; H\u00e5ll M\u00e4laren ren"},"content":{"rendered":"\n<h2 class=\"wp-block-heading\"><strong>Hj\u00e4lp oss att h\u00e5lla M\u00e4laren ren och fri fr\u00e5n skr\u00e4p<\/strong><\/h2>\n\n\n\n<p><strong>Varje \u00e5r hamnar omkring 6,4 miljoner ton skr\u00e4p i v\u00e5ra hav. En del av det stannar redan i M\u00e4larens vikar \u2013 v\u00e5rt dricksvatten, v\u00e5rt vardagshav och V\u00e4ster\u00e5s st\u00f6rsta friluftsarena.<\/strong><\/p>\n\n\n\n<p>Enligt M\u00e4larens Vattenv\u00e5rdsf\u00f6rbund sjunker cirka 70 procent av skr\u00e4pet till botten, 15 procent spolas upp p\u00e5 str\u00e4nderna och 15 procent driver omkring i \u00f6ppet vatten. Varje plastflaska som fastnar i vassen kan brytas ned till tusentals mikroplastfragment, och en kvargl\u00f6md plastp\u00e5se kan kv\u00e4va b\u00e5de f\u00e5glar och fiskar.<\/p>\n\n\n\n<p>Men sm\u00e5, upprepade insatser kan r\u00e4cka f\u00f6r att v\u00e4nda trenden \u2013 s\u00e4rskilt n\u00e4r vi g\u00f6r det tillsammans.<\/p>\n\n\n\n<figure class=\"wp-block-image size-large\"><img loading=\"lazy\" decoding=\"async\" width=\"1024\" height=\"716\" src=\"https:\/\/e5gp8rwuod7.exactdn.com\/vasteras\/wp-content\/uploads\/sites\/4\/2025\/06\/2025-06-02-11.03.44-1-web-1024x716.jpg?strip=all&lossy=1&ssl=1\" alt=\"plocka skr\u00e4p och paddla kajak\" class=\"wp-image-79139\" srcset=\"https:\/\/e5gp8rwuod7.exactdn.com\/vasteras\/wp-content\/uploads\/sites\/4\/2025\/06\/2025-06-02-11.03.44-1-web-1024x716.jpg?strip=all&amp;lossy=1&amp;ssl=1 1024w, https:\/\/e5gp8rwuod7.exactdn.com\/vasteras\/wp-content\/uploads\/sites\/4\/2025\/06\/2025-06-02-11.03.44-1-web-300x210.jpg?strip=all&amp;lossy=1&amp;ssl=1 300w, https:\/\/e5gp8rwuod7.exactdn.com\/vasteras\/wp-content\/uploads\/sites\/4\/2025\/06\/2025-06-02-11.03.44-1-web-768x537.jpg?strip=all&amp;lossy=1&amp;ssl=1 768w, https:\/\/e5gp8rwuod7.exactdn.com\/vasteras\/wp-content\/uploads\/sites\/4\/2025\/06\/2025-06-02-11.03.44-1-web-1536x1074.jpg?strip=all&amp;lossy=1&amp;ssl=1 1536w, https:\/\/e5gp8rwuod7.exactdn.com\/vasteras\/wp-content\/uploads\/sites\/4\/2025\/06\/2025-06-02-11.03.44-1-web-2048x1432.jpg?strip=all&amp;lossy=1&amp;ssl=1 2048w, https:\/\/e5gp8rwuod7.exactdn.com\/vasteras\/wp-content\/uploads\/sites\/4\/2025\/06\/2025-06-02-11.03.44-1-web-503x352.jpg?strip=all&amp;lossy=1&amp;ssl=1 503w, https:\/\/e5gp8rwuod7.exactdn.com\/vasteras\/wp-content\/uploads\/sites\/4\/2025\/06\/2025-06-02-11.03.44-1-web-343x240.jpg?strip=all&amp;lossy=1&amp;ssl=1 343w, https:\/\/e5gp8rwuod7.exactdn.com\/vasteras\/wp-content\/uploads\/sites\/4\/2025\/06\/2025-06-02-11.03.44-1-web-1920x1343.jpg?strip=all&amp;lossy=1&amp;ssl=1 1920w, https:\/\/e5gp8rwuod7.exactdn.com\/vasteras\/wp-content\/uploads\/sites\/4\/2025\/06\/2025-06-02-11.03.44-1-web-600x420.jpg?strip=all&amp;lossy=1&amp;ssl=1 600w, https:\/\/e5gp8rwuod7.exactdn.com\/vasteras\/wp-content\/uploads\/sites\/4\/2025\/06\/2025-06-02-11.03.44-1-web.jpg?strip=all&amp;lossy=1&amp;w=1152&amp;ssl=1 1152w\" sizes=\"auto, (max-width: 1024px) 100vw, 1024px\" \/><\/figure>\n\n\n\n<h3 class=\"wp-block-heading\"><strong>D\u00e4rf\u00f6r lanserar vi initiativet <em>H\u00e5ll M\u00e4laren ren<\/em>.<\/strong><\/h3>\n\n\n\n<p>V\u00e5r vision \u00e4r att varje paddeltag, varje steg och varje familjeutflykt ska bidra till att minska m\u00e4ngden skr\u00e4p i och kring M\u00e4laren. N\u00e4r du hyr en kajak, kanot, SUP eller ger dig ut p\u00e5 vandring hos oss f\u00e5r du chansen att g\u00f6ra skillnad.<\/p>\n\n\n\n<p>S\u00e4ger du ja till att delta, f\u00e5r du l\u00e5na handskar, skr\u00e4pt\u00e5ng och en sopp\u00e5se. Under din tur plockar du helt enkelt upp det skr\u00e4p du hittar \u2013 p\u00e5 \u00f6ar, l\u00e4ngs stigar eller direkt ur vattnet. N\u00e4r du \u00e5terv\u00e4nder l\u00e4mnar du den f\u00f6rslutna p\u00e5sen till oss, s\u00e5 tar vi hand om resten.<\/p>\n\n\n\n<h3 class=\"wp-block-heading\"><strong>Som tack f\u00e5r du ta del av v\u00e5r bel\u00f6ningstrappa.<\/strong><\/h3>\n\n\n\n<p>Varje g\u00e5ng du l\u00e4mnar in en ny p\u00e5se kl\u00e4ttrar du ett steg och f\u00e5r ett nytt pris. Ju fler g\u00e5nger du deltar, desto finare titlar och st\u00f6rre bel\u00f6ningar v\u00e4ntar \u2013 fr\u00e5n fria startplatser i v\u00e5r h\u00f6gh\u00f6jdsbana till kostnadsfria platser p\u00e5 valfri kurs.<\/p>\n\n\n\n<h3 class=\"wp-block-heading\"><strong>Det h\u00e4r \u00e4r viktigt d\u00e4rf\u00f6r att:<\/strong><\/h3>\n\n\n\n<p>\u2022 <strong>M\u00e4laren \u00e4r en av Sveriges viktigaste k\u00e4llor till dricksvatten<\/strong> \u2013 sj\u00f6n f\u00f6rs\u00f6rjer cirka 2,3 miljoner m\u00e4nniskor varje dag.<\/p>\n\n\n\n<p>\u2022 Genom att plocka skr\u00e4p lokalt <strong>st\u00f6ttar vi FN:s h\u00e5llbarhetsm\u00e5l&nbsp;14<\/strong> och hindrar plasten fr\u00e5n att n\u00e5 \u00d6stersj\u00f6n.<\/p>\n\n\n\n<p>\u2022 Tillsammans kan vi h\u00e5lla M\u00e4laren ren och fin \u2013 s\u00e5 att alla som paddlar ut till \u00f6arna eller promenerar l\u00e4ngs stigarna f\u00e5r en naturupplevelse att verkligen njuta av. N\u00e4r vi hj\u00e4lps \u00e5t, blir upplevelsen b\u00e4ttre f\u00f6r alla.<\/p>\n\n\n\n<h3 class=\"wp-block-heading\"><strong>Paddla kajak, plocka skr\u00e4p och h\u00e5ll M\u00e4laren ren.<\/strong><\/h3>\n\n\n\n<p>V\u00e4lkommen till sommarens viktigaste \u00e4ventyr i V\u00e4ster\u00e5s. Var med och skriv n\u00e4sta kapitel i M\u00e4larens historia \u2013 ett d\u00e4r vattnet glittrar utan plast, d\u00e4r vassarna \u00e4r fria fr\u00e5n skr\u00e4p och d\u00e4r varje bes\u00f6kare l\u00e4mnar sj\u00f6n lite b\u00e4ttre \u00e4n de fann den.<\/p>\n\n\n\n<p>Kampanjen p\u00e5g\u00e5r 6\/6 &#8211; 21\/9. Kampanjen avslutas den 21 september n\u00e4r den nationella Skr\u00e4pplockardagen infaller, som d\u00e5 blir v\u00e5r s\u00e4songsfinal.<\/p>\n\n\n\n<p><strong>Tillsammans g\u00f6r vi skillnad \u2013 ett paddeltag i taget<\/strong>!<\/p>\n\n\n\n<p><em>L\u00e4s mer om hur M\u00e4laren m\u00e5r och vad som p\u00e5verkar sj\u00f6n p\u00e5 M\u00e4larens Vattenv\u00e5rdsf\u00f6rbunds webbplats: <\/em><a href=\"https:\/\/www.malaren.se\/startsida\/om-malaren\/sa-mar-malaren\/\">M\u00e4larens Vattenv\u00e5rdsf\u00f6rbunds webbsida<\/a>.<\/p>\n\n\n\n<p><em>L\u00e4s mer om FN:s h\u00e5llbarhetsm\u00e5l 14 \u2013 Hav och marina resurser p\u00e5 Globala M\u00e5lens Webbplats: <\/em><a href=\"https:\/\/globalamalen.se\/om-globala-malen\/mal-14-hav-och-marina-resurser\/\"><em>FN:s h\u00e5llbarhetsm\u00e5l 14<\/em><\/a><\/p>\n\n\n\n<figure class=\"wp-block-image size-large\"><img loading=\"lazy\" decoding=\"async\" width=\"1024\" height=\"768\" src=\"https:\/\/e5gp8rwuod7.exactdn.com\/vasteras\/wp-content\/uploads\/sites\/4\/2025\/05\/hall-malaren-ren-1024x768.jpg?strip=all&lossy=1&ssl=1\" alt=\"\" class=\"wp-image-79081\" srcset=\"https:\/\/e5gp8rwuod7.exactdn.com\/vasteras\/wp-content\/uploads\/sites\/4\/2025\/05\/hall-malaren-ren-1024x768.jpg?strip=all&amp;lossy=1&amp;ssl=1 1024w, https:\/\/e5gp8rwuod7.exactdn.com\/vasteras\/wp-content\/uploads\/sites\/4\/2025\/05\/hall-malaren-ren-300x225.jpg?strip=all&amp;lossy=1&amp;ssl=1 300w, https:\/\/e5gp8rwuod7.exactdn.com\/vasteras\/wp-content\/uploads\/sites\/4\/2025\/05\/hall-malaren-ren-768x576.jpg?strip=all&amp;lossy=1&amp;ssl=1 768w, https:\/\/e5gp8rwuod7.exactdn.com\/vasteras\/wp-content\/uploads\/sites\/4\/2025\/05\/hall-malaren-ren-1536x1152.jpg?strip=all&amp;lossy=1&amp;ssl=1 1536w, https:\/\/e5gp8rwuod7.exactdn.com\/vasteras\/wp-content\/uploads\/sites\/4\/2025\/05\/hall-malaren-ren-2048x1536.jpg?strip=all&amp;lossy=1&amp;ssl=1 2048w, https:\/\/e5gp8rwuod7.exactdn.com\/vasteras\/wp-content\/uploads\/sites\/4\/2025\/05\/hall-malaren-ren-469x352.jpg?strip=all&amp;lossy=1&amp;ssl=1 469w, https:\/\/e5gp8rwuod7.exactdn.com\/vasteras\/wp-content\/uploads\/sites\/4\/2025\/05\/hall-malaren-ren-320x240.jpg?strip=all&amp;lossy=1&amp;ssl=1 320w, https:\/\/e5gp8rwuod7.exactdn.com\/vasteras\/wp-content\/uploads\/sites\/4\/2025\/05\/hall-malaren-ren-1920x1440.jpg?strip=all&amp;lossy=1&amp;ssl=1 1920w, https:\/\/e5gp8rwuod7.exactdn.com\/vasteras\/wp-content\/uploads\/sites\/4\/2025\/05\/hall-malaren-ren-600x450.jpg?strip=all&amp;lossy=1&amp;ssl=1 600w, https:\/\/e5gp8rwuod7.exactdn.com\/vasteras\/wp-content\/uploads\/sites\/4\/2025\/05\/hall-malaren-ren.jpg?strip=all&amp;lossy=1&amp;w=384&amp;ssl=1 384w, https:\/\/e5gp8rwuod7.exactdn.com\/vasteras\/wp-content\/uploads\/sites\/4\/2025\/05\/hall-malaren-ren.jpg?strip=all&amp;lossy=1&amp;w=1152&amp;ssl=1 1152w\" sizes=\"auto, (max-width: 1024px) 100vw, 1024px\" \/><\/figure>\n\n\n\n<h2 class=\"wp-block-heading\"><strong>S\u00e5 h\u00e4r deltar du i kampanjen H\u00e5ll M\u00e4laren ren<\/strong><\/h2>\n\n\n\n<h3 class=\"wp-block-heading\"><strong>1. S\u00e4g till personalen i v\u00e5r sport och friluftsbutik att du vill vara med&nbsp;<\/strong><\/h3>\n\n\n\n<p>N\u00e4r du hyr kajak, SUP eller promenerar i omr\u00e5det \u2013 meddela personalen nere i v\u00e5r butik om att du vill vara med och plocka skr\u00e4p. De ger dig:<\/p>\n\n\n\n<p>\u2022 En <strong>sopp\u00e5se<\/strong><br>\u2022 Ett par <strong>handskar<\/strong><br>\u2022 En <strong>skr\u00e4pt\u00e5ng<\/strong><\/p>\n\n\n\n<h3 class=\"wp-block-heading\"><strong>2. Plocka skr\u00e4p<\/strong><\/h3>\n\n\n\n<p>Under din tur plockar du upp skr\u00e4p du hittar i och runt M\u00e4laren:<\/p>\n\n\n\n<p>\u2022 P\u00e5 \u00f6ar<br>\u2022 L\u00e4ngs strandlinjen och stigar<br>\u2022 Direkt i vattnet (om det \u00e4r s\u00e4kert)<\/p>\n\n\n\n<p><strong>OBS<\/strong>! Plocka inte farligt avfall (batterier, kemikalier, glas, n\u00e5lar). Markera platsen och s\u00e4g till personalen n\u00e4r du \u00e4r tillbaka ist\u00e4llet.<\/p>\n\n\n\n<h3 class=\"wp-block-heading\"><strong>3. \u00c5terv\u00e4nd med skr\u00e4pet till oss<\/strong><\/h3>\n\n\n\n<p>\u00c5terv\u00e4nd med sopp\u00e5sen, t\u00e5ngen och handskarna och l\u00e4mna det till personalen i butiken. F\u00f6rutom att ha gjort en insats f\u00f6r v\u00e5r n\u00e4rmilj\u00f6 f\u00e5r du ocks\u00e5 en bel\u00f6ning enligt bel\u00f6ningstrappan:<\/p>\n\n\n\n<h3 class=\"wp-block-heading\"><strong>4. Kl\u00e4ttra i bel\u00f6ningstrappan<\/strong><\/h3>\n\n\n\n<p>Varje g\u00e5ng du deltar f\u00e5r du ett nytt pris. Ju fler g\u00e5nger du deltar, desto finare titlar och st\u00f6rre bel\u00f6ningar v\u00e4ntar \u2013 alltifr\u00e5n fria startplatser i v\u00e5r h\u00f6gh\u00f6jdsbana till kostnadsfria platser p\u00e5 valfri kurs.<\/p>\n\n\n\n<p>\u2022 <strong>Level 1 \u2013 Amat\u00f6rplockare:<\/strong> <a href=\"https:\/\/aktivtuteliv.se\/vasteras\/produkt\/aktivt-uteliv-buff\/\">en Aktivt Uteliv-buff<\/a>.&nbsp;<br>\u2022 <strong>Level 2 \u2013 Naturst\u00e4dare: <\/strong><a href=\"https:\/\/aktivtuteliv.se\/vasteras\/hoghojdsbana\/\">tv\u00e5 fria startplatser i h\u00f6gh\u00f6jdsbanan<\/a>.&nbsp;<br>\u2022 <strong>Level 3 \u2013 Plockproffs:<\/strong> <a href=\"https:\/\/aktivtuteliv.se\/vasteras\/event_cat\/kurser-alla\/\">tv\u00e5 fria startplatser till valfri kurs<\/a>.&nbsp;<br>\u2022 <strong>Level 4 \u2013 Milj\u00f6hj\u00e4lte:<\/strong> du \u00e4r med i utlottningen av priser p\u00e5 s\u00e4songsfinalen p\u00e5 den nationella Skr\u00e4pplockardagen s\u00f6ndag 21\/9.&nbsp;<\/p>\n\n\n\n<h3 class=\"wp-block-heading\"><strong>5. Dela din insats \u2013 hj\u00e4lp oss inspirera fler<\/strong><\/h3>\n\n\n\n<p>En viktig del av <strong><em>H\u00e5ll M\u00e4laren ren<\/em><\/strong> \u00e4r att visa hur m\u00e5nga som faktiskt engagerar sig \ud83d\udcf8<\/p>\n\n\n\n<p>D\u00e4rf\u00f6r uppskattar vi verkligen om du l\u00e4gger upp en bild eller video n\u00e4r du plcokar skr\u00e4p, taggar <strong>@aktivtuteliv_bjornogarden<\/strong> och anv\u00e4nder hashtaggen <strong>#h\u00e5llm\u00e4larenren<\/strong><\/p>\n\n\n\n<p><strong>\ud83d\udd13 Kom ih\u00e5g att ditt konto beh\u00f6ver vara \u00f6ppet<\/strong> f\u00f6r att vi ska kunna se och lyfta ditt inl\u00e4gg i v\u00e5ra kanaler!<\/p>\n\n\n\n<p>Genom att publicera inneh\u00e5ll i sociala medier och tagga <strong>@aktivtuteliv_bjornogarden<\/strong> eller anv\u00e4nda hashtagen <strong><strong>#h\u00e5llm\u00e4larenren<\/strong><\/strong>, samtycker du till att vi p\u00e5 <strong>Aktivt Uteliv Bj\u00f6rn\u00f6g\u00e5rden<\/strong> f\u00e5r ta del av, spara och anv\u00e4nda ditt inneh\u00e5ll i v\u00e5r egen kommunikation och marknadsf\u00f6ring. Det kan till exempel inneb\u00e4ra publicering p\u00e5 v\u00e5r webbplats, i nyhetsbrev, p\u00e5 v\u00e5ra sociala medieplattformar eller i annat marknadsf\u00f6ringsmaterial.<\/p>\n\n\n\n<figure class=\"wp-block-image size-large\"><img loading=\"lazy\" decoding=\"async\" width=\"724\" height=\"1024\" src=\"https:\/\/e5gp8rwuod7.exactdn.com\/vasteras\/wp-content\/uploads\/sites\/4\/2025\/05\/hall-malaren-ren-affisch-a3-ny.pdf-724x1024.jpg?strip=all&lossy=1&ssl=1\" alt=\"\" class=\"wp-image-79164\" srcset=\"https:\/\/e5gp8rwuod7.exactdn.com\/vasteras\/wp-content\/uploads\/sites\/4\/2025\/05\/hall-malaren-ren-affisch-a3-ny.pdf-724x1024.jpg?strip=all&amp;lossy=1&amp;ssl=1 724w, https:\/\/e5gp8rwuod7.exactdn.com\/vasteras\/wp-content\/uploads\/sites\/4\/2025\/05\/hall-malaren-ren-affisch-a3-ny.pdf-212x300.jpg?strip=all&amp;lossy=1&amp;ssl=1 212w, https:\/\/e5gp8rwuod7.exactdn.com\/vasteras\/wp-content\/uploads\/sites\/4\/2025\/05\/hall-malaren-ren-affisch-a3-ny.pdf-768x1086.jpg?strip=all&amp;lossy=1&amp;ssl=1 768w, https:\/\/e5gp8rwuod7.exactdn.com\/vasteras\/wp-content\/uploads\/sites\/4\/2025\/05\/hall-malaren-ren-affisch-a3-ny.pdf-1086x1536.jpg?strip=all&amp;lossy=1&amp;ssl=1 1086w, https:\/\/e5gp8rwuod7.exactdn.com\/vasteras\/wp-content\/uploads\/sites\/4\/2025\/05\/hall-malaren-ren-affisch-a3-ny.pdf-249x352.jpg?strip=all&amp;lossy=1&amp;ssl=1 249w, https:\/\/e5gp8rwuod7.exactdn.com\/vasteras\/wp-content\/uploads\/sites\/4\/2025\/05\/hall-malaren-ren-affisch-a3-ny.pdf-170x240.jpg?strip=all&amp;lossy=1&amp;ssl=1 170w, https:\/\/e5gp8rwuod7.exactdn.com\/vasteras\/wp-content\/uploads\/sites\/4\/2025\/05\/hall-malaren-ren-affisch-a3-ny.pdf-600x849.jpg?strip=all&amp;lossy=1&amp;ssl=1 600w, https:\/\/e5gp8rwuod7.exactdn.com\/vasteras\/wp-content\/uploads\/sites\/4\/2025\/05\/hall-malaren-ren-affisch-a3-ny.pdf.jpg?strip=all&amp;lossy=1&amp;ssl=1 1414w, https:\/\/e5gp8rwuod7.exactdn.com\/vasteras\/wp-content\/uploads\/sites\/4\/2025\/05\/hall-malaren-ren-affisch-a3-ny.pdf.jpg?strip=all&amp;lossy=1&amp;w=384&amp;ssl=1 384w, https:\/\/e5gp8rwuod7.exactdn.com\/vasteras\/wp-content\/uploads\/sites\/4\/2025\/05\/hall-malaren-ren-affisch-a3-ny.pdf.jpg?strip=all&amp;lossy=1&amp;w=1152&amp;ssl=1 1152w\" sizes=\"auto, (max-width: 724px) 100vw, 724px\" \/><\/figure>\n","protected":false},"excerpt":{"rendered":"<p>Hj\u00e4lp oss att h\u00e5lla M\u00e4laren ren och fri fr\u00e5n skr\u00e4p Varje \u00e5r hamnar omkring 6,4 miljoner ton skr\u00e4p i v\u00e5ra hav. En del av det stannar redan i M\u00e4larens vikar [&hellip;]<\/p>\n","protected":false},"author":83,"featured_media":66356,"comment_status":"closed","ping_status":"open","sticky":false,"template":"","format":"standard","meta":{"_acf_changed":false,"footnotes":""},"categories":[1237,1235],"tags":[1335,226,1337,1336],"class_list":["post-78962","post","type-post","status-publish","format-standard","has-post-thumbnail","hentry","category-nyheter","category-havskajak","tag-hall-malaren-ren","tag-paddla-kajak","tag-plocka-skrap","tag-skrapplockning"],"acf":[],"yoast_head":"<!-- This site is optimized with the Yoast SEO plugin v23.0 - https:\/\/yoast.com\/wordpress\/plugins\/seo\/ -->\n<title>Skr\u00e4pplockarkampanj - H\u00e5ll M\u00e4laren ren - V\u00e4ster\u00e5s<\/title>\n<meta name=\"robots\" content=\"index, follow, max-snippet:-1, max-image-preview:large, max-video-preview:-1\" \/>\n<link rel=\"canonical\" href=\"https:\/\/aktivtuteliv.se\/vasteras\/skrapplockarkampanj-hall-malaren-ren\/\" \/>\n<meta property=\"og:locale\" content=\"sv_SE\" \/>\n<meta property=\"og:type\" content=\"article\" \/>\n<meta property=\"og:title\" content=\"Skr\u00e4pplockarkampanj - H\u00e5ll M\u00e4laren ren - V\u00e4ster\u00e5s\" \/>\n<meta property=\"og:description\" content=\"Hj\u00e4lp oss att h\u00e5lla M\u00e4laren ren och fri fr\u00e5n skr\u00e4p Varje \u00e5r hamnar omkring 6,4 miljoner ton skr\u00e4p i v\u00e5ra hav. En del av det stannar redan i M\u00e4larens vikar [&hellip;]\" \/>\n<meta property=\"og:url\" content=\"https:\/\/aktivtuteliv.se\/vasteras\/skrapplockarkampanj-hall-malaren-ren\/\" \/>\n<meta property=\"og:site_name\" content=\"V\u00e4ster\u00e5s\" \/>\n<meta property=\"article:publisher\" content=\"https:\/\/www.facebook.com\/aktivtutelivbjornogarden\" \/>\n<meta property=\"article:published_time\" content=\"2025-05-22T07:49:29+00:00\" \/>\n<meta property=\"article:modified_time\" content=\"2025-06-05T11:46:33+00:00\" \/>\n<meta property=\"og:image\" content=\"https:\/\/aktivtuteliv.se\/vasteras\/wp-content\/uploads\/sites\/4\/2021\/09\/guidad-kajaktur.jpg\" \/>\n\t<meta property=\"og:image:width\" content=\"2560\" \/>\n\t<meta property=\"og:image:height\" content=\"1709\" \/>\n\t<meta property=\"og:image:type\" content=\"image\/jpeg\" \/>\n<meta name=\"author\" content=\"perfredin\" \/>\n<meta name=\"twitter:card\" content=\"summary_large_image\" \/>\n<meta name=\"twitter:creator\" content=\"@aktivtuteliv\" \/>\n<meta name=\"twitter:site\" content=\"@aktivtuteliv\" \/>\n<meta name=\"twitter:label1\" content=\"Skriven av\" \/>\n\t<meta name=\"twitter:data1\" content=\"perfredin\" \/>\n\t<meta name=\"twitter:label2\" content=\"Ber\u00e4knad l\u00e4stid\" \/>\n\t<meta name=\"twitter:data2\" content=\"5 minuter\" \/>\n<script type=\"application\/ld+json\" class=\"yoast-schema-graph\">{\"@context\":\"https:\/\/schema.org\",\"@graph\":[{\"@type\":\"Article\",\"@id\":\"https:\/\/aktivtuteliv.se\/vasteras\/skrapplockarkampanj-hall-malaren-ren\/#article\",\"isPartOf\":{\"@id\":\"https:\/\/aktivtuteliv.se\/vasteras\/skrapplockarkampanj-hall-malaren-ren\/\"},\"author\":{\"name\":\"perfredin\",\"@id\":\"https:\/\/aktivtuteliv.se\/vasteras\/#\/schema\/person\/5a0d78c114b11725bc522ef122bf00fc\"},\"headline\":\"Skr\u00e4pplockarkampanj &#8211; H\u00e5ll M\u00e4laren ren\",\"datePublished\":\"2025-05-22T07:49:29+00:00\",\"dateModified\":\"2025-06-05T11:46:33+00:00\",\"mainEntityOfPage\":{\"@id\":\"https:\/\/aktivtuteliv.se\/vasteras\/skrapplockarkampanj-hall-malaren-ren\/\"},\"wordCount\":1000,\"publisher\":{\"@id\":\"https:\/\/aktivtuteliv.se\/vasteras\/#organization\"},\"image\":{\"@id\":\"https:\/\/aktivtuteliv.se\/vasteras\/skrapplockarkampanj-hall-malaren-ren\/#primaryimage\"},\"thumbnailUrl\":\"https:\/\/e5gp8rwuod7.exactdn.com\/vasteras\/wp-content\/uploads\/sites\/4\/2021\/09\/guidad-kajaktur.jpg?strip=all&lossy=1&ssl=1\",\"keywords\":[\"h\u00e5ll m\u00e4laren ren\",\"paddla kajak\",\"plocka skr\u00e4p\",\"skr\u00e4pplockning\"],\"articleSection\":[\"1. Nyheter\",\"Havskajak\"],\"inLanguage\":\"sv-SE\"},{\"@type\":\"WebPage\",\"@id\":\"https:\/\/aktivtuteliv.se\/vasteras\/skrapplockarkampanj-hall-malaren-ren\/\",\"url\":\"https:\/\/aktivtuteliv.se\/vasteras\/skrapplockarkampanj-hall-malaren-ren\/\",\"name\":\"Skr\u00e4pplockarkampanj - H\u00e5ll M\u00e4laren ren - V\u00e4ster\u00e5s\",\"isPartOf\":{\"@id\":\"https:\/\/aktivtuteliv.se\/vasteras\/#website\"},\"primaryImageOfPage\":{\"@id\":\"https:\/\/aktivtuteliv.se\/vasteras\/skrapplockarkampanj-hall-malaren-ren\/#primaryimage\"},\"image\":{\"@id\":\"https:\/\/aktivtuteliv.se\/vasteras\/skrapplockarkampanj-hall-malaren-ren\/#primaryimage\"},\"thumbnailUrl\":\"https:\/\/e5gp8rwuod7.exactdn.com\/vasteras\/wp-content\/uploads\/sites\/4\/2021\/09\/guidad-kajaktur.jpg?strip=all&lossy=1&ssl=1\",\"datePublished\":\"2025-05-22T07:49:29+00:00\",\"dateModified\":\"2025-06-05T11:46:33+00:00\",\"breadcrumb\":{\"@id\":\"https:\/\/aktivtuteliv.se\/vasteras\/skrapplockarkampanj-hall-malaren-ren\/#breadcrumb\"},\"inLanguage\":\"sv-SE\",\"potentialAction\":[{\"@type\":\"ReadAction\",\"target\":[\"https:\/\/aktivtuteliv.se\/vasteras\/skrapplockarkampanj-hall-malaren-ren\/\"]}]},{\"@type\":\"ImageObject\",\"inLanguage\":\"sv-SE\",\"@id\":\"https:\/\/aktivtuteliv.se\/vasteras\/skrapplockarkampanj-hall-malaren-ren\/#primaryimage\",\"url\":\"https:\/\/e5gp8rwuod7.exactdn.com\/vasteras\/wp-content\/uploads\/sites\/4\/2021\/09\/guidad-kajaktur.jpg?strip=all&lossy=1&ssl=1\",\"contentUrl\":\"https:\/\/e5gp8rwuod7.exactdn.com\/vasteras\/wp-content\/uploads\/sites\/4\/2021\/09\/guidad-kajaktur.jpg?strip=all&lossy=1&ssl=1\",\"width\":2560,\"height\":1709,\"caption\":\"Guidad kajaktur\"},{\"@type\":\"BreadcrumbList\",\"@id\":\"https:\/\/aktivtuteliv.se\/vasteras\/skrapplockarkampanj-hall-malaren-ren\/#breadcrumb\",\"itemListElement\":[{\"@type\":\"ListItem\",\"position\":1,\"name\":\"Home\",\"item\":\"https:\/\/aktivtuteliv.se\/vasteras\/\"},{\"@type\":\"ListItem\",\"position\":2,\"name\":\"Skr\u00e4pplockarkampanj &#8211; H\u00e5ll M\u00e4laren ren\"}]},{\"@type\":\"WebSite\",\"@id\":\"https:\/\/aktivtuteliv.se\/vasteras\/#website\",\"url\":\"https:\/\/aktivtuteliv.se\/vasteras\/\",\"name\":\"Aktivt Uteliv Bj\u00f6rn\u00f6g\u00e5rden\",\"description\":\"Ett friluftscenter i V\u00e4ster\u00e5s\",\"publisher\":{\"@id\":\"https:\/\/aktivtuteliv.se\/vasteras\/#organization\"},\"potentialAction\":[{\"@type\":\"SearchAction\",\"target\":{\"@type\":\"EntryPoint\",\"urlTemplate\":\"https:\/\/aktivtuteliv.se\/vasteras\/?s={search_term_string}\"},\"query-input\":\"required name=search_term_string\"}],\"inLanguage\":\"sv-SE\"},{\"@type\":\"Organization\",\"@id\":\"https:\/\/aktivtuteliv.se\/vasteras\/#organization\",\"name\":\"Aktivt Uteliv Bj\u00f6rn\u00f6g\u00e5rden\",\"url\":\"https:\/\/aktivtuteliv.se\/vasteras\/\",\"logo\":{\"@type\":\"ImageObject\",\"inLanguage\":\"sv-SE\",\"@id\":\"https:\/\/aktivtuteliv.se\/vasteras\/#\/schema\/logo\/image\/\",\"url\":\"https:\/\/e5gp8rwuod7.exactdn.com\/vasteras\/wp-content\/uploads\/sites\/4\/2025\/01\/AUB-pms.png?strip=all&lossy=1&ssl=1\",\"contentUrl\":\"https:\/\/e5gp8rwuod7.exactdn.com\/vasteras\/wp-content\/uploads\/sites\/4\/2025\/01\/AUB-pms.png?strip=all&lossy=1&ssl=1\",\"width\":1894,\"height\":1165,\"caption\":\"Aktivt Uteliv Bj\u00f6rn\u00f6g\u00e5rden\"},\"image\":{\"@id\":\"https:\/\/aktivtuteliv.se\/vasteras\/#\/schema\/logo\/image\/\"},\"sameAs\":[\"https:\/\/www.facebook.com\/aktivtutelivbjornogarden\",\"https:\/\/x.com\/aktivtuteliv\",\"https:\/\/www.instagram.com\/aktivtuteliv_bjornogarden\"]},{\"@type\":\"Person\",\"@id\":\"https:\/\/aktivtuteliv.se\/vasteras\/#\/schema\/person\/5a0d78c114b11725bc522ef122bf00fc\",\"name\":\"perfredin\",\"image\":{\"@type\":\"ImageObject\",\"inLanguage\":\"sv-SE\",\"@id\":\"https:\/\/aktivtuteliv.se\/vasteras\/#\/schema\/person\/image\/\",\"url\":\"https:\/\/secure.gravatar.com\/avatar\/af5dfcbc5c60de90445ac4fc6143ab5e6e5b29e865d803c0ed41f7f05ab2f44e?s=96&d=mm&r=g\",\"contentUrl\":\"https:\/\/secure.gravatar.com\/avatar\/af5dfcbc5c60de90445ac4fc6143ab5e6e5b29e865d803c0ed41f7f05ab2f44e?s=96&d=mm&r=g\",\"caption\":\"perfredin\"},\"url\":\"https:\/\/aktivtuteliv.se\/vasteras\/author\/perfredin\/\"}]}<\/script>\n<!-- \/ Yoast SEO plugin. -->","yoast_head_json":{"title":"Skr\u00e4pplockarkampanj - H\u00e5ll M\u00e4laren ren - V\u00e4ster\u00e5s","robots":{"index":"index","follow":"follow","max-snippet":"max-snippet:-1","max-image-preview":"max-image-preview:large","max-video-preview":"max-video-preview:-1"},"canonical":"https:\/\/aktivtuteliv.se\/vasteras\/skrapplockarkampanj-hall-malaren-ren\/","og_locale":"sv_SE","og_type":"article","og_title":"Skr\u00e4pplockarkampanj - H\u00e5ll M\u00e4laren ren - V\u00e4ster\u00e5s","og_description":"Hj\u00e4lp oss att h\u00e5lla M\u00e4laren ren och fri fr\u00e5n skr\u00e4p Varje \u00e5r hamnar omkring 6,4 miljoner ton skr\u00e4p i v\u00e5ra hav. En del av det stannar redan i M\u00e4larens vikar [&hellip;]","og_url":"https:\/\/aktivtuteliv.se\/vasteras\/skrapplockarkampanj-hall-malaren-ren\/","og_site_name":"V\u00e4ster\u00e5s","article_publisher":"https:\/\/www.facebook.com\/aktivtutelivbjornogarden","article_published_time":"2025-05-22T07:49:29+00:00","article_modified_time":"2025-06-05T11:46:33+00:00","og_image":[{"width":2560,"height":1709,"url":"https:\/\/aktivtuteliv.se\/vasteras\/wp-content\/uploads\/sites\/4\/2021\/09\/guidad-kajaktur.jpg","type":"image\/jpeg"}],"author":"perfredin","twitter_card":"summary_large_image","twitter_creator":"@aktivtuteliv","twitter_site":"@aktivtuteliv","twitter_misc":{"Skriven av":"perfredin","Ber\u00e4knad l\u00e4stid":"5 minuter"},"schema":{"@context":"https:\/\/schema.org","@graph":[{"@type":"Article","@id":"https:\/\/aktivtuteliv.se\/vasteras\/skrapplockarkampanj-hall-malaren-ren\/#article","isPartOf":{"@id":"https:\/\/aktivtuteliv.se\/vasteras\/skrapplockarkampanj-hall-malaren-ren\/"},"author":{"name":"perfredin","@id":"https:\/\/aktivtuteliv.se\/vasteras\/#\/schema\/person\/5a0d78c114b11725bc522ef122bf00fc"},"headline":"Skr\u00e4pplockarkampanj &#8211; H\u00e5ll M\u00e4laren ren","datePublished":"2025-05-22T07:49:29+00:00","dateModified":"2025-06-05T11:46:33+00:00","mainEntityOfPage":{"@id":"https:\/\/aktivtuteliv.se\/vasteras\/skrapplockarkampanj-hall-malaren-ren\/"},"wordCount":1000,"publisher":{"@id":"https:\/\/aktivtuteliv.se\/vasteras\/#organization"},"image":{"@id":"https:\/\/aktivtuteliv.se\/vasteras\/skrapplockarkampanj-hall-malaren-ren\/#primaryimage"},"thumbnailUrl":"https:\/\/e5gp8rwuod7.exactdn.com\/vasteras\/wp-content\/uploads\/sites\/4\/2021\/09\/guidad-kajaktur.jpg?strip=all&lossy=1&ssl=1","keywords":["h\u00e5ll m\u00e4laren ren","paddla kajak","plocka skr\u00e4p","skr\u00e4pplockning"],"articleSection":["1. Nyheter","Havskajak"],"inLanguage":"sv-SE"},{"@type":"WebPage","@id":"https:\/\/aktivtuteliv.se\/vasteras\/skrapplockarkampanj-hall-malaren-ren\/","url":"https:\/\/aktivtuteliv.se\/vasteras\/skrapplockarkampanj-hall-malaren-ren\/","name":"Skr\u00e4pplockarkampanj - H\u00e5ll M\u00e4laren ren - V\u00e4ster\u00e5s","isPartOf":{"@id":"https:\/\/aktivtuteliv.se\/vasteras\/#website"},"primaryImageOfPage":{"@id":"https:\/\/aktivtuteliv.se\/vasteras\/skrapplockarkampanj-hall-malaren-ren\/#primaryimage"},"image":{"@id":"https:\/\/aktivtuteliv.se\/vasteras\/skrapplockarkampanj-hall-malaren-ren\/#primaryimage"},"thumbnailUrl":"https:\/\/e5gp8rwuod7.exactdn.com\/vasteras\/wp-content\/uploads\/sites\/4\/2021\/09\/guidad-kajaktur.jpg?strip=all&lossy=1&ssl=1","datePublished":"2025-05-22T07:49:29+00:00","dateModified":"2025-06-05T11:46:33+00:00","breadcrumb":{"@id":"https:\/\/aktivtuteliv.se\/vasteras\/skrapplockarkampanj-hall-malaren-ren\/#breadcrumb"},"inLanguage":"sv-SE","potentialAction":[{"@type":"ReadAction","target":["https:\/\/aktivtuteliv.se\/vasteras\/skrapplockarkampanj-hall-malaren-ren\/"]}]},{"@type":"ImageObject","inLanguage":"sv-SE","@id":"https:\/\/aktivtuteliv.se\/vasteras\/skrapplockarkampanj-hall-malaren-ren\/#primaryimage","url":"https:\/\/e5gp8rwuod7.exactdn.com\/vasteras\/wp-content\/uploads\/sites\/4\/2021\/09\/guidad-kajaktur.jpg?strip=all&lossy=1&ssl=1","contentUrl":"https:\/\/e5gp8rwuod7.exactdn.com\/vasteras\/wp-content\/uploads\/sites\/4\/2021\/09\/guidad-kajaktur.jpg?strip=all&lossy=1&ssl=1","width":2560,"height":1709,"caption":"Guidad kajaktur"},{"@type":"BreadcrumbList","@id":"https:\/\/aktivtuteliv.se\/vasteras\/skrapplockarkampanj-hall-malaren-ren\/#breadcrumb","itemListElement":[{"@type":"ListItem","position":1,"name":"Home","item":"https:\/\/aktivtuteliv.se\/vasteras\/"},{"@type":"ListItem","position":2,"name":"Skr\u00e4pplockarkampanj &#8211; H\u00e5ll M\u00e4laren ren"}]},{"@type":"WebSite","@id":"https:\/\/aktivtuteliv.se\/vasteras\/#website","url":"https:\/\/aktivtuteliv.se\/vasteras\/","name":"Aktivt Uteliv Bj\u00f6rn\u00f6g\u00e5rden","description":"Ett friluftscenter i V\u00e4ster\u00e5s","publisher":{"@id":"https:\/\/aktivtuteliv.se\/vasteras\/#organization"},"potentialAction":[{"@type":"SearchAction","target":{"@type":"EntryPoint","urlTemplate":"https:\/\/aktivtuteliv.se\/vasteras\/?s={search_term_string}"},"query-input":"required name=search_term_string"}],"inLanguage":"sv-SE"},{"@type":"Organization","@id":"https:\/\/aktivtuteliv.se\/vasteras\/#organization","name":"Aktivt Uteliv Bj\u00f6rn\u00f6g\u00e5rden","url":"https:\/\/aktivtuteliv.se\/vasteras\/","logo":{"@type":"ImageObject","inLanguage":"sv-SE","@id":"https:\/\/aktivtuteliv.se\/vasteras\/#\/schema\/logo\/image\/","url":"https:\/\/e5gp8rwuod7.exactdn.com\/vasteras\/wp-content\/uploads\/sites\/4\/2025\/01\/AUB-pms.png?strip=all&lossy=1&ssl=1","contentUrl":"https:\/\/e5gp8rwuod7.exactdn.com\/vasteras\/wp-content\/uploads\/sites\/4\/2025\/01\/AUB-pms.png?strip=all&lossy=1&ssl=1","width":1894,"height":1165,"caption":"Aktivt Uteliv Bj\u00f6rn\u00f6g\u00e5rden"},"image":{"@id":"https:\/\/aktivtuteliv.se\/vasteras\/#\/schema\/logo\/image\/"},"sameAs":["https:\/\/www.facebook.com\/aktivtutelivbjornogarden","https:\/\/x.com\/aktivtuteliv","https:\/\/www.instagram.com\/aktivtuteliv_bjornogarden"]},{"@type":"Person","@id":"https:\/\/aktivtuteliv.se\/vasteras\/#\/schema\/person\/5a0d78c114b11725bc522ef122bf00fc","name":"perfredin","image":{"@type":"ImageObject","inLanguage":"sv-SE","@id":"https:\/\/aktivtuteliv.se\/vasteras\/#\/schema\/person\/image\/","url":"https:\/\/secure.gravatar.com\/avatar\/af5dfcbc5c60de90445ac4fc6143ab5e6e5b29e865d803c0ed41f7f05ab2f44e?s=96&d=mm&r=g","contentUrl":"https:\/\/secure.gravatar.com\/avatar\/af5dfcbc5c60de90445ac4fc6143ab5e6e5b29e865d803c0ed41f7f05ab2f44e?s=96&d=mm&r=g","caption":"perfredin"},"url":"https:\/\/aktivtuteliv.se\/vasteras\/author\/perfredin\/"}]}},"_links":{"self":[{"href":"https:\/\/aktivtuteliv.se\/vasteras\/wp-json\/wp\/v2\/posts\/78962","targetHints":{"allow":["GET"]}}],"collection":[{"href":"https:\/\/aktivtuteliv.se\/vasteras\/wp-json\/wp\/v2\/posts"}],"about":[{"href":"https:\/\/aktivtuteliv.se\/vasteras\/wp-json\/wp\/v2\/types\/post"}],"author":[{"embeddable":true,"href":"https:\/\/aktivtuteliv.se\/vasteras\/wp-json\/wp\/v2\/users\/83"}],"replies":[{"embeddable":true,"href":"https:\/\/aktivtuteliv.se\/vasteras\/wp-json\/wp\/v2\/comments?post=78962"}],"version-history":[{"count":0,"href":"https:\/\/aktivtuteliv.se\/vasteras\/wp-json\/wp\/v2\/posts\/78962\/revisions"}],"wp:featuredmedia":[{"embeddable":true,"href":"https:\/\/aktivtuteliv.se\/vasteras\/wp-json\/wp\/v2\/media\/66356"}],"wp:attachment":[{"href":"https:\/\/aktivtuteliv.se\/vasteras\/wp-json\/wp\/v2\/media?parent=78962"}],"wp:term":[{"taxonomy":"category","embeddable":true,"href":"https:\/\/aktivtuteliv.se\/vasteras\/wp-json\/wp\/v2\/categories?post=78962"},{"taxonomy":"post_tag","embeddable":true,"href":"https:\/\/aktivtuteliv.se\/vasteras\/wp-json\/wp\/v2\/tags?post=78962"}],"curies":[{"name":"wp","href":"https:\/\/api.w.org\/{rel}","templated":true}]}}