{"id":79575,"date":"2026-04-13T14:11:51","date_gmt":"2026-04-13T12:11:51","guid":{"rendered":"https:\/\/aktivtuteliv.se\/vasteras\/?p=79575"},"modified":"2026-04-14T14:11:57","modified_gmt":"2026-04-14T12:11:57","slug":"grillplatser-pa-bjornon","status":"publish","type":"post","link":"https:\/\/aktivtuteliv.se\/vasteras\/grillplatser-pa-bjornon\/","title":{"rendered":"Grillplatser p\u00e5 Bj\u00f6rn\u00f6n"},"content":{"rendered":"\n<h2 class=\"wp-block-heading\"><strong>Offentliga grillplatser i naturreservatet Bj\u00f6rn\u00f6<\/strong><\/h2>\n\n\n\n<p>Grillplatser p\u00e5 Bj\u00f6rn\u00f6n, h\u00e4r hittar du den kompletta guiden. Att samlas runt en brasa och grilla ute i naturen \u00e4r n\u00e5got de flesta gillar. Att g\u00f6ra det vid vattnet med sj\u00f6utsikt \u00e4r \u00e4nnu trevligare, men eftersom Bj\u00f6rn\u00f6n \u00e4r ett naturreservat f\u00e5r du inte g\u00f6ra upp eld n\u00e5gon annanstans \u00e4n p\u00e5 de officiella grillplatser som finns.<\/p>\n\n\n\n<p>Bj\u00f6rn\u00f6 \u00e4r v\u00e4ster\u00e5sarnas favorituflyktsm\u00e5l och h\u00e4r p\u00e5 \u00f6n finns \u00e5tta offentliga grillplatser \u00f6ppna f\u00f6r allm\u00e4nheten. Grillplatserna g\u00e5r inte att boka, utan \u00f6msesidig h\u00e4nsyn och respekt g\u00e4ller. Du f\u00e5r acceptera att andra vill nyttja platsen samtidigt som dig, men samtidigt \u00e4r vissa grillplatser l\u00e4ttare att dela \u00e4n andra.<\/p>\n\n\n\n<p>Det finns vedf\u00f6rr\u00e5d med ved vid de flesta av grillplatserna. Men grillplatserna \u00e4r popul\u00e4ra och veden kan ta slut, vi rekommenderar dig d\u00e4rf\u00f6r att ta med ved eller kol f\u00f6r att vara p\u00e5 den s\u00e4kra sidan. De som ansvarar f\u00f6r p\u00e5fyllning av ved och sk\u00f6tsel av grillplatserna \u00e4r Kultur-, idrotts- och fritidsf\u00f6rvaltningen p\u00e5 V\u00e4ster\u00e5s Stad.<\/p>\n\n\n\n<h3 class=\"wp-block-heading\"><strong>Kontakt och felanm\u00e4lan<\/strong><\/h3>\n\n\n\n<p>Om det \u00e4r n\u00e5got fel p\u00e5 grillplatserna kan du anm\u00e4la detta till V\u00e4ster\u00e5s Stad i appen &#8221;Mitt V\u00e4ster\u00e5s&#8221; under <em>Kontakta oss &gt; Var med och p\u00e5verka &gt; Felanm\u00e4lan som r\u00f6r gata, park och trafik<\/em>. <a href=\"https:\/\/www.vasteras.se\/kommun-och-politik\/kommunens-kontaktuppgifter\/appen-mitt-vasteras.html\">L\u00e4s mer om appen och hur du laddar ner den h\u00e4r!<\/a><\/p>\n\n\n\n<h2 class=\"wp-block-heading\"><strong>Grillplatser p\u00e5 norra Bj\u00f6rn\u00f6<\/strong><\/h2>\n\n\n\n<div style=\"height:30px\" aria-hidden=\"true\" class=\"wp-block-spacer\"><\/div>\n\n\n\n<h3 class=\"wp-block-heading\"><strong>Badklippan<\/strong><\/h3>\n\n\n\n<p><strong>Utsikt:<\/strong> 8\/10<br><strong>Popularitet:<\/strong> 7\/10<br><strong>Tillg\u00e4nglighet:<\/strong> 9\/10<br><strong>Vedf\u00f6rr\u00e5d:<\/strong> ja<br><strong>Toalett\/dass:<\/strong> ja<br><strong>Papperskorg\/soptunnor:<\/strong> ja, vid parkeringen<br><strong>B\u00e4nkar\/bord:<\/strong> ja, picknick-bord<br><strong>Eldst\u00e4der:<\/strong> 2 st, varav en med galler<br><strong>Parkering:<\/strong> ja, avst\u00e5nd till grillplats ca 100 m<br><strong>Kartl\u00e4nk:<\/strong> <a href=\"https:\/\/maps.app.goo.gl\/cNM7tknQfbx9cHwG9?g_st=com.google.maps.preview.copy\" target=\"_blank\" rel=\"noreferrer noopener\">Google Maps<\/a><\/p>\n\n\n\n<figure class=\"wp-block-image size-large\"><img loading=\"lazy\" decoding=\"async\" width=\"1024\" height=\"716\" src=\"https:\/\/e5gp8rwuod7.exactdn.com\/vasteras\/wp-content\/uploads\/sites\/4\/2025\/06\/grillplats-badklippan-1024x716.jpg?strip=all&lossy=1&ssl=1\" alt=\"grillplats badklippan\" class=\"wp-image-79587\" srcset=\"https:\/\/e5gp8rwuod7.exactdn.com\/vasteras\/wp-content\/uploads\/sites\/4\/2025\/06\/grillplats-badklippan-1024x716.jpg?strip=all&amp;lossy=1&amp;ssl=1 1024w, https:\/\/e5gp8rwuod7.exactdn.com\/vasteras\/wp-content\/uploads\/sites\/4\/2025\/06\/grillplats-badklippan-300x210.jpg?strip=all&amp;lossy=1&amp;ssl=1 300w, https:\/\/e5gp8rwuod7.exactdn.com\/vasteras\/wp-content\/uploads\/sites\/4\/2025\/06\/grillplats-badklippan-768x537.jpg?strip=all&amp;lossy=1&amp;ssl=1 768w, https:\/\/e5gp8rwuod7.exactdn.com\/vasteras\/wp-content\/uploads\/sites\/4\/2025\/06\/grillplats-badklippan-1536x1074.jpg?strip=all&amp;lossy=1&amp;ssl=1 1536w, https:\/\/e5gp8rwuod7.exactdn.com\/vasteras\/wp-content\/uploads\/sites\/4\/2025\/06\/grillplats-badklippan-2048x1432.jpg?strip=all&amp;lossy=1&amp;ssl=1 2048w, https:\/\/e5gp8rwuod7.exactdn.com\/vasteras\/wp-content\/uploads\/sites\/4\/2025\/06\/grillplats-badklippan-503x352.jpg?strip=all&amp;lossy=1&amp;ssl=1 503w, https:\/\/e5gp8rwuod7.exactdn.com\/vasteras\/wp-content\/uploads\/sites\/4\/2025\/06\/grillplats-badklippan-343x240.jpg?strip=all&amp;lossy=1&amp;ssl=1 343w, https:\/\/e5gp8rwuod7.exactdn.com\/vasteras\/wp-content\/uploads\/sites\/4\/2025\/06\/grillplats-badklippan-1920x1343.jpg?strip=all&amp;lossy=1&amp;ssl=1 1920w, https:\/\/e5gp8rwuod7.exactdn.com\/vasteras\/wp-content\/uploads\/sites\/4\/2025\/06\/grillplats-badklippan-600x420.jpg?strip=all&amp;lossy=1&amp;ssl=1 600w, https:\/\/e5gp8rwuod7.exactdn.com\/vasteras\/wp-content\/uploads\/sites\/4\/2025\/06\/grillplats-badklippan.jpg?strip=all&amp;lossy=1&amp;w=1152&amp;ssl=1 1152w\" sizes=\"auto, (max-width: 1024px) 100vw, 1024px\" \/><\/figure>\n\n\n\n<p>Letar du efter en grillplats med utsikt som g\u00f6r sig lika bra p\u00e5 Instagram som i verkligheten? D\u00e5 \u00e4r Badklippan p\u00e5 norra Bj\u00f6rn\u00f6n ett riktigt guldkorn! H\u00e4r f\u00e5r du magnifik M\u00e4larvy med solnedg\u00e5ngsl\u00e4ge och \u00e4nd\u00e5 \u00e4r det bara 100 meter fr\u00e5n parkeringen \u2013 perfekt f\u00f6r dig som vill ha det enkelt men \u00e4nd\u00e5 naturn\u00e4ra.<\/p>\n\n\n\n<p>Badklippan passar b\u00e5de familjer med mindre barn, kompisg\u00e4ng som vill kombinera bad och grill, eller par som vill njuta av en stillsam kv\u00e4ll med riktig sommark\u00e4nsla.<\/p>\n\n\n\n<hr class=\"wp-block-separator has-alpha-channel-opacity\"\/>\n\n\n\n<div style=\"height:30px\" aria-hidden=\"true\" class=\"wp-block-spacer\"><\/div>\n\n\n\n<h3 class=\"wp-block-heading\"><strong>Motionssp\u00e5ret<\/strong><\/h3>\n\n\n\n<p><strong>Utsikt:<\/strong> 3\/10<br><strong>Popularitet:<\/strong> 6\/10<br><strong>Tillg\u00e4nglighet:<\/strong> 8\/10<br><strong>Vedf\u00f6rr\u00e5d:<\/strong> ja<br><strong>Toalett\/dass:<\/strong> nej, n\u00e4rmsta toalett finns vid Bj\u00f6rn\u00f6g\u00e5rden<br><strong>Papperskorg\/soptunnor:<\/strong> ja<br><strong>B\u00e4nkar\/bord:<\/strong> ja, b\u00e5de b\u00e4nkar och picknick-bord<br><strong>Eldst\u00e4der:<\/strong> 3 st, varav en med galler<br><strong>Parkering:<\/strong> ja, avst\u00e5nd till grillplats ca 300 m<br><strong>Kartl\u00e4nk:<\/strong> <a href=\"https:\/\/maps.app.goo.gl\/5xLYskCAo26ur2CdA?g_st=com.google.maps.preview.copy\" target=\"_blank\" rel=\"noreferrer noopener\">Google Maps<\/a><\/p>\n\n\n\n<figure class=\"wp-block-image size-large\"><img loading=\"lazy\" decoding=\"async\" width=\"1024\" height=\"716\" src=\"https:\/\/e5gp8rwuod7.exactdn.com\/vasteras\/wp-content\/uploads\/sites\/4\/2025\/06\/grillplats-motionssparet-1024x716.jpg?strip=all&lossy=1&ssl=1\" alt=\"grillplats motionssp\u00e5ret\" class=\"wp-image-79580\" srcset=\"https:\/\/e5gp8rwuod7.exactdn.com\/vasteras\/wp-content\/uploads\/sites\/4\/2025\/06\/grillplats-motionssparet-1024x716.jpg?strip=all&amp;lossy=1&amp;ssl=1 1024w, https:\/\/e5gp8rwuod7.exactdn.com\/vasteras\/wp-content\/uploads\/sites\/4\/2025\/06\/grillplats-motionssparet-300x210.jpg?strip=all&amp;lossy=1&amp;ssl=1 300w, https:\/\/e5gp8rwuod7.exactdn.com\/vasteras\/wp-content\/uploads\/sites\/4\/2025\/06\/grillplats-motionssparet-768x537.jpg?strip=all&amp;lossy=1&amp;ssl=1 768w, https:\/\/e5gp8rwuod7.exactdn.com\/vasteras\/wp-content\/uploads\/sites\/4\/2025\/06\/grillplats-motionssparet-1536x1074.jpg?strip=all&amp;lossy=1&amp;ssl=1 1536w, https:\/\/e5gp8rwuod7.exactdn.com\/vasteras\/wp-content\/uploads\/sites\/4\/2025\/06\/grillplats-motionssparet-2048x1432.jpg?strip=all&amp;lossy=1&amp;ssl=1 2048w, https:\/\/e5gp8rwuod7.exactdn.com\/vasteras\/wp-content\/uploads\/sites\/4\/2025\/06\/grillplats-motionssparet-503x352.jpg?strip=all&amp;lossy=1&amp;ssl=1 503w, https:\/\/e5gp8rwuod7.exactdn.com\/vasteras\/wp-content\/uploads\/sites\/4\/2025\/06\/grillplats-motionssparet-343x240.jpg?strip=all&amp;lossy=1&amp;ssl=1 343w, https:\/\/e5gp8rwuod7.exactdn.com\/vasteras\/wp-content\/uploads\/sites\/4\/2025\/06\/grillplats-motionssparet-1920x1343.jpg?strip=all&amp;lossy=1&amp;ssl=1 1920w, https:\/\/e5gp8rwuod7.exactdn.com\/vasteras\/wp-content\/uploads\/sites\/4\/2025\/06\/grillplats-motionssparet-600x420.jpg?strip=all&amp;lossy=1&amp;ssl=1 600w, https:\/\/e5gp8rwuod7.exactdn.com\/vasteras\/wp-content\/uploads\/sites\/4\/2025\/06\/grillplats-motionssparet.jpg?strip=all&amp;lossy=1&amp;w=1152&amp;ssl=1 1152w\" sizes=\"auto, (max-width: 1024px) 100vw, 1024px\" \/><\/figure>\n\n\n\n<p>Letar du efter en grillplats med mycket utrymme och l\u00e5g tr\u00f6skel? D\u00e5 \u00e4r grillplatsen vid motionssp\u00e5ret ett s\u00e4kert kort. Den kanske inte vinner n\u00e5gra sk\u00f6nhetspriser, men den rymmer m\u00e5nga \u2013 perfekt f\u00f6r st\u00f6rre s\u00e4llskap som skolklasser, scoutgrupper, fritids eller fotbollslag p\u00e5 utflykt.<\/p>\n\n\n\n<p>H\u00e4r finns flera eldst\u00e4der och gott om sittplatser, och det \u00e4r l\u00e4tt att hitta dit fr\u00e5n parkeringen vid motionscentralen. Med skogen som kuliss och gott om plats att springa p\u00e5 blir det en praktisk och trygg plats f\u00f6r stora grillg\u00e4ng.<\/p>\n\n\n\n<hr class=\"wp-block-separator has-alpha-channel-opacity\"\/>\n\n\n\n<div style=\"height:30px\" aria-hidden=\"true\" class=\"wp-block-spacer\"><\/div>\n\n\n\n<h3 class=\"wp-block-heading\"><strong>Bj\u00f6rn\u00f6backen<\/strong><\/h3>\n\n\n\n<p><strong>Utsikt:<\/strong> 5\/10<br><strong>Popularitet:<\/strong> 8\/10<br><strong>Tillg\u00e4nglighet:<\/strong> 7\/10<br><strong>Vedf\u00f6rr\u00e5d:<\/strong> ja<br><strong>Toalett\/dass:<\/strong> nej, n\u00e4rmsta toalett finns vid Bj\u00f6rn\u00f6g\u00e5rden<br><strong>Papperskorg\/soptunnor:<\/strong> ja<br><strong>B\u00e4nkar\/bord:<\/strong> ja, b\u00e5de b\u00e4nkar och picknick-bord<br><strong>Eldst\u00e4der:<\/strong> 4 st, tre med galler, en utan under tak<br><strong>Parkering:<\/strong> ja, avst\u00e5nd till grillplats ca 600 m<br><strong>Kartl\u00e4nk:<\/strong> <a href=\"https:\/\/maps.app.goo.gl\/2Zy22cYrdxpwBD5E6?g_st=com.google.maps.preview.copy\" target=\"_blank\" rel=\"noreferrer noopener\">Google Maps<\/a><\/p>\n\n\n\n<figure class=\"wp-block-image size-large\"><img loading=\"lazy\" decoding=\"async\" width=\"1024\" height=\"716\" src=\"https:\/\/e5gp8rwuod7.exactdn.com\/vasteras\/wp-content\/uploads\/sites\/4\/2025\/06\/grillplats-bjornobacken-1024x716.jpg?strip=all&lossy=1&ssl=1\" alt=\"Bj\u00f6rn\u00f6backen\" class=\"wp-image-79581\" srcset=\"https:\/\/e5gp8rwuod7.exactdn.com\/vasteras\/wp-content\/uploads\/sites\/4\/2025\/06\/grillplats-bjornobacken-1024x716.jpg?strip=all&amp;lossy=1&amp;ssl=1 1024w, https:\/\/e5gp8rwuod7.exactdn.com\/vasteras\/wp-content\/uploads\/sites\/4\/2025\/06\/grillplats-bjornobacken-300x210.jpg?strip=all&amp;lossy=1&amp;ssl=1 300w, https:\/\/e5gp8rwuod7.exactdn.com\/vasteras\/wp-content\/uploads\/sites\/4\/2025\/06\/grillplats-bjornobacken-768x537.jpg?strip=all&amp;lossy=1&amp;ssl=1 768w, https:\/\/e5gp8rwuod7.exactdn.com\/vasteras\/wp-content\/uploads\/sites\/4\/2025\/06\/grillplats-bjornobacken-1536x1074.jpg?strip=all&amp;lossy=1&amp;ssl=1 1536w, https:\/\/e5gp8rwuod7.exactdn.com\/vasteras\/wp-content\/uploads\/sites\/4\/2025\/06\/grillplats-bjornobacken-2048x1432.jpg?strip=all&amp;lossy=1&amp;ssl=1 2048w, https:\/\/e5gp8rwuod7.exactdn.com\/vasteras\/wp-content\/uploads\/sites\/4\/2025\/06\/grillplats-bjornobacken-503x352.jpg?strip=all&amp;lossy=1&amp;ssl=1 503w, https:\/\/e5gp8rwuod7.exactdn.com\/vasteras\/wp-content\/uploads\/sites\/4\/2025\/06\/grillplats-bjornobacken-343x240.jpg?strip=all&amp;lossy=1&amp;ssl=1 343w, https:\/\/e5gp8rwuod7.exactdn.com\/vasteras\/wp-content\/uploads\/sites\/4\/2025\/06\/grillplats-bjornobacken-1920x1343.jpg?strip=all&amp;lossy=1&amp;ssl=1 1920w, https:\/\/e5gp8rwuod7.exactdn.com\/vasteras\/wp-content\/uploads\/sites\/4\/2025\/06\/grillplats-bjornobacken-600x420.jpg?strip=all&amp;lossy=1&amp;ssl=1 600w, https:\/\/e5gp8rwuod7.exactdn.com\/vasteras\/wp-content\/uploads\/sites\/4\/2025\/06\/grillplats-bjornobacken.jpg?strip=all&amp;lossy=1&amp;w=1152&amp;ssl=1 1152w\" sizes=\"auto, (max-width: 1024px) 100vw, 1024px\" \/><\/figure>\n\n\n\n<p>Bj\u00f6rn\u00f6backen \u00e4r Bj\u00f6r\u00adn\u00f6ns st\u00f6rsta grillplats och anv\u00e4nds flitigt \u00e5ret runt \u2013 inte minst under vintern, n\u00e4r pulkabacken som ligger precis intill \u00e4r som mest popul\u00e4r. Men platsen lever \u00e4ven sommartid med stora gr\u00e4sytor f\u00f6r br\u00e4nnboll och spontanlek, och en k\u00e4nsla av att alla f\u00e5r plats.<\/p>\n\n\n\n<p>Med hela fyra eldplatser \u2013 varav en under tak \u2013 och m\u00e5nga sittplatser, passar Bj\u00f6rn\u00f6backen perfekt f\u00f6r allt fr\u00e5n sl\u00e4ktkalas till skolklasser och st\u00f6rre grupper. Det \u00e4r en liten promenad fr\u00e5n parkeringen vid motionscentralen, men v\u00e4gen \u00e4r l\u00e4tt att g\u00e5 \u00e4ven med vagn eller pulka.<\/p>\n\n\n\n<hr class=\"wp-block-separator has-alpha-channel-opacity\"\/>\n\n\n\n<div style=\"height:30px\" aria-hidden=\"true\" class=\"wp-block-spacer\"><\/div>\n\n\n\n<h3 class=\"wp-block-heading\"><strong>Bj\u00f6rn\u00f6badet<\/strong><\/h3>\n\n\n\n<p><strong>Utsikt:<\/strong> 9\/10<br><strong>Popularitet:<\/strong> 9\/10<br><strong>Tillg\u00e4nglighet:<\/strong> 8\/10<br><strong>Vedf\u00f6rr\u00e5d:<\/strong> ja<br><strong>Toalett\/dass:<\/strong> ja, vid caf\u00e9et<br><strong>Papperskorg\/soptunnor:<\/strong> ja<br><strong>B\u00e4nkar\/bord:<\/strong> ja, b\u00e5de b\u00e4nkar och picknick-bord<br><strong>Eldst\u00e4der:<\/strong> 3 st + en bonus, alla med galler<br><strong>Parkering:<\/strong> ja, avst\u00e5nd till grillplats ca 100 m<br><strong>Kartl\u00e4nk:<\/strong> <a href=\"https:\/\/maps.app.goo.gl\/QXru1aGZg3v77i9b6?g_st=com.google.maps.preview.copy\" target=\"_blank\" rel=\"noreferrer noopener\">Google Maps<\/a><\/p>\n\n\n\n<figure class=\"wp-block-image size-large\"><img loading=\"lazy\" decoding=\"async\" width=\"1024\" height=\"716\" src=\"https:\/\/e5gp8rwuod7.exactdn.com\/vasteras\/wp-content\/uploads\/sites\/4\/2025\/06\/grillplats-bjornobadet-1024x716.jpg?strip=all&lossy=1&ssl=1\" alt=\"grillplats bj\u00f6rn\u00f6badet\" class=\"wp-image-79582\" srcset=\"https:\/\/e5gp8rwuod7.exactdn.com\/vasteras\/wp-content\/uploads\/sites\/4\/2025\/06\/grillplats-bjornobadet-1024x716.jpg?strip=all&amp;lossy=1&amp;ssl=1 1024w, https:\/\/e5gp8rwuod7.exactdn.com\/vasteras\/wp-content\/uploads\/sites\/4\/2025\/06\/grillplats-bjornobadet-300x210.jpg?strip=all&amp;lossy=1&amp;ssl=1 300w, https:\/\/e5gp8rwuod7.exactdn.com\/vasteras\/wp-content\/uploads\/sites\/4\/2025\/06\/grillplats-bjornobadet-768x537.jpg?strip=all&amp;lossy=1&amp;ssl=1 768w, https:\/\/e5gp8rwuod7.exactdn.com\/vasteras\/wp-content\/uploads\/sites\/4\/2025\/06\/grillplats-bjornobadet-1536x1074.jpg?strip=all&amp;lossy=1&amp;ssl=1 1536w, https:\/\/e5gp8rwuod7.exactdn.com\/vasteras\/wp-content\/uploads\/sites\/4\/2025\/06\/grillplats-bjornobadet-2048x1432.jpg?strip=all&amp;lossy=1&amp;ssl=1 2048w, https:\/\/e5gp8rwuod7.exactdn.com\/vasteras\/wp-content\/uploads\/sites\/4\/2025\/06\/grillplats-bjornobadet-503x352.jpg?strip=all&amp;lossy=1&amp;ssl=1 503w, https:\/\/e5gp8rwuod7.exactdn.com\/vasteras\/wp-content\/uploads\/sites\/4\/2025\/06\/grillplats-bjornobadet-343x240.jpg?strip=all&amp;lossy=1&amp;ssl=1 343w, https:\/\/e5gp8rwuod7.exactdn.com\/vasteras\/wp-content\/uploads\/sites\/4\/2025\/06\/grillplats-bjornobadet-1920x1343.jpg?strip=all&amp;lossy=1&amp;ssl=1 1920w, https:\/\/e5gp8rwuod7.exactdn.com\/vasteras\/wp-content\/uploads\/sites\/4\/2025\/06\/grillplats-bjornobadet-600x420.jpg?strip=all&amp;lossy=1&amp;ssl=1 600w, https:\/\/e5gp8rwuod7.exactdn.com\/vasteras\/wp-content\/uploads\/sites\/4\/2025\/06\/grillplats-bjornobadet.jpg?strip=all&amp;lossy=1&amp;w=1152&amp;ssl=1 1152w\" sizes=\"auto, (max-width: 1024px) 100vw, 1024px\" \/><\/figure>\n\n\n\n<p>Vid Bj\u00f6rn\u00f6badet hittar du inte bara Bj\u00f6r\u00adn\u00f6ns st\u00f6rsta strand, utan ocks\u00e5 tre riktigt bra grillplatser \u2013 varav tv\u00e5 ligger precis vid vattnet. Det h\u00e4r \u00e4r den sj\u00e4lvklara sommarfavoriten f\u00f6r soliga grilldagar, badpicknickar och spontana kv\u00e4llsutflykter.<\/p>\n\n\n\n<p>Platsen \u00e4r l\u00e4tt att n\u00e5, till och med med stadsbussen som stannar h\u00e4r sommartid, och det finns gott om yta f\u00f6r b\u00e5de lek och strandh\u00e4ng. Med flera eldst\u00e4der, alla med galler, och picknickbord p\u00e5 plats passar Bj\u00f6rn\u00f6badet b\u00e5de sm\u00e5 och stora s\u00e4llskap \u2013 men kom i tid p\u00e5 h\u00f6gsommaren, det h\u00e4r \u00e4r en popul\u00e4r grilldestination!<\/p>\n\n\n\n<hr class=\"wp-block-separator has-alpha-channel-opacity\"\/>\n\n\n\n<div style=\"height:30px\" aria-hidden=\"true\" class=\"wp-block-spacer\"><\/div>\n\n\n\n<h2 class=\"wp-block-heading\"><strong>Grillplatser p\u00e5 s\u00f6dra Bj\u00f6rn\u00f6<\/strong><\/h2>\n\n\n\n<div style=\"height:30px\" aria-hidden=\"true\" class=\"wp-block-spacer\"><\/div>\n\n\n\n<h3 class=\"wp-block-heading\"><strong>Hundbadet<\/strong><\/h3>\n\n\n\n<p><strong>Utsikt:<\/strong> 7\/10<br><strong>Popularitet:<\/strong> 6\/10<br><strong>Tillg\u00e4nglighet:<\/strong> 6\/10<br><strong>Vedf\u00f6rr\u00e5d:<\/strong> ja<br><strong>Toalett\/dass:<\/strong> ja, vid parkeringen<br><strong>Papperskorg\/soptunnor:<\/strong> ja, vid parkeringen<br><strong>B\u00e4nkar\/bord:<\/strong> ja, b\u00e5de b\u00e4nkar och picknick-bord<br><strong>Eldst\u00e4der:<\/strong> 1 st<br><strong>Parkering:<\/strong> ja, avst\u00e5nd till grillplats ca 75 m<br><strong>Kartl\u00e4nk:<\/strong> <a href=\"https:\/\/maps.app.goo.gl\/kjWLcHHNQPZANrc38?g_st=com.google.maps.preview.copy\" target=\"_blank\" rel=\"noreferrer noopener\">Google Maps<\/a><\/p>\n\n\n\n<figure class=\"wp-block-image size-large\"><img loading=\"lazy\" decoding=\"async\" width=\"1024\" height=\"716\" src=\"https:\/\/e5gp8rwuod7.exactdn.com\/vasteras\/wp-content\/uploads\/sites\/4\/2025\/06\/grillplats-hundbadet-1024x716.jpg?strip=all&lossy=1&ssl=1\" alt=\"grillplats hundbadet\" class=\"wp-image-79583\" srcset=\"https:\/\/e5gp8rwuod7.exactdn.com\/vasteras\/wp-content\/uploads\/sites\/4\/2025\/06\/grillplats-hundbadet-1024x716.jpg?strip=all&amp;lossy=1&amp;ssl=1 1024w, https:\/\/e5gp8rwuod7.exactdn.com\/vasteras\/wp-content\/uploads\/sites\/4\/2025\/06\/grillplats-hundbadet-300x210.jpg?strip=all&amp;lossy=1&amp;ssl=1 300w, https:\/\/e5gp8rwuod7.exactdn.com\/vasteras\/wp-content\/uploads\/sites\/4\/2025\/06\/grillplats-hundbadet-768x537.jpg?strip=all&amp;lossy=1&amp;ssl=1 768w, https:\/\/e5gp8rwuod7.exactdn.com\/vasteras\/wp-content\/uploads\/sites\/4\/2025\/06\/grillplats-hundbadet-1536x1074.jpg?strip=all&amp;lossy=1&amp;ssl=1 1536w, https:\/\/e5gp8rwuod7.exactdn.com\/vasteras\/wp-content\/uploads\/sites\/4\/2025\/06\/grillplats-hundbadet-2048x1432.jpg?strip=all&amp;lossy=1&amp;ssl=1 2048w, https:\/\/e5gp8rwuod7.exactdn.com\/vasteras\/wp-content\/uploads\/sites\/4\/2025\/06\/grillplats-hundbadet-503x352.jpg?strip=all&amp;lossy=1&amp;ssl=1 503w, https:\/\/e5gp8rwuod7.exactdn.com\/vasteras\/wp-content\/uploads\/sites\/4\/2025\/06\/grillplats-hundbadet-343x240.jpg?strip=all&amp;lossy=1&amp;ssl=1 343w, https:\/\/e5gp8rwuod7.exactdn.com\/vasteras\/wp-content\/uploads\/sites\/4\/2025\/06\/grillplats-hundbadet-1920x1343.jpg?strip=all&amp;lossy=1&amp;ssl=1 1920w, https:\/\/e5gp8rwuod7.exactdn.com\/vasteras\/wp-content\/uploads\/sites\/4\/2025\/06\/grillplats-hundbadet-600x420.jpg?strip=all&amp;lossy=1&amp;ssl=1 600w, https:\/\/e5gp8rwuod7.exactdn.com\/vasteras\/wp-content\/uploads\/sites\/4\/2025\/06\/grillplats-hundbadet.jpg?strip=all&amp;lossy=1&amp;w=1152&amp;ssl=1 1152w\" sizes=\"auto, (max-width: 1024px) 100vw, 1024px\" \/><\/figure>\n\n\n\n<p>Lite mer avsides, lite mindre folk \u2013 och en hel del kv\u00e4llssol. Grillplatsen vid Hundbadet ligger ett stenkast fr\u00e5n Bj\u00f6rn\u00f6badet men k\u00e4nns \u00e4nd\u00e5 som sin egen lilla vr\u00e5. Utsikten \u00f6ver M\u00e4laren \u00e4r klart godk\u00e4nd, \u00e4ven om omgivningen p\u00e5 land bjuder p\u00e5 lite sn\u00e5rig gr\u00f6nska.<\/p>\n\n\n\n<p>Det h\u00e4r \u00e4r en bra plats f\u00f6r dig som s\u00f6ker lugn och vill undvika de mest v\u00e4lbes\u00f6kta badytorna. Vattnet \u00e4r mer l\u00e4mpat f\u00f6r fyrbenta \u00e4n tv\u00e5benta, men f\u00f6r en stillsam grillkv\u00e4ll i kv\u00e4llssol funkar det utm\u00e4rkt \u2013 s\u00e4rskilt om du har hund med dig.<\/p>\n\n\n\n<hr class=\"wp-block-separator has-alpha-channel-opacity\"\/>\n\n\n\n<div style=\"height:30px\" aria-hidden=\"true\" class=\"wp-block-spacer\"><\/div>\n\n\n\n<h3 class=\"wp-block-heading\"><strong>Vindskyddet<\/strong><\/h3>\n\n\n\n<p><strong>Utsikt:<\/strong> 8\/10<br><strong>Popularitet:<\/strong> 7\/10<br><strong>Tillg\u00e4nglighet:<\/strong> 2\/10<br><strong>Vedf\u00f6rr\u00e5d:<\/strong> ja<br><strong>Toalett\/dass:<\/strong> nej<br><strong>Papperskorg\/soptunnor:<\/strong> nej<br><strong>B\u00e4nkar\/bord:<\/strong> nej, men du kan sitta i vindskyddet<br><strong>Eldst\u00e4der:<\/strong> 1 st<br><strong>Parkering:<\/strong> ja, avst\u00e5nd till grillplats ca 600 m<br><strong>Kartl\u00e4nk:<\/strong> <a href=\"https:\/\/maps.app.goo.gl\/GG5WwQaGmKRkhs227?g_st=com.google.maps.preview.copy\" target=\"_blank\" rel=\"noreferrer noopener\">Google Maps<\/a><\/p>\n\n\n\n<figure class=\"wp-block-image size-large\"><img loading=\"lazy\" decoding=\"async\" width=\"1024\" height=\"716\" src=\"https:\/\/e5gp8rwuod7.exactdn.com\/vasteras\/wp-content\/uploads\/sites\/4\/2025\/06\/grillplats-vindskyddet-1024x716.jpg?strip=all&lossy=1&ssl=1\" alt=\"grillplats vindskyddet\" class=\"wp-image-79584\" srcset=\"https:\/\/e5gp8rwuod7.exactdn.com\/vasteras\/wp-content\/uploads\/sites\/4\/2025\/06\/grillplats-vindskyddet-1024x716.jpg?strip=all&amp;lossy=1&amp;ssl=1 1024w, https:\/\/e5gp8rwuod7.exactdn.com\/vasteras\/wp-content\/uploads\/sites\/4\/2025\/06\/grillplats-vindskyddet-300x210.jpg?strip=all&amp;lossy=1&amp;ssl=1 300w, https:\/\/e5gp8rwuod7.exactdn.com\/vasteras\/wp-content\/uploads\/sites\/4\/2025\/06\/grillplats-vindskyddet-768x537.jpg?strip=all&amp;lossy=1&amp;ssl=1 768w, https:\/\/e5gp8rwuod7.exactdn.com\/vasteras\/wp-content\/uploads\/sites\/4\/2025\/06\/grillplats-vindskyddet-1536x1074.jpg?strip=all&amp;lossy=1&amp;ssl=1 1536w, https:\/\/e5gp8rwuod7.exactdn.com\/vasteras\/wp-content\/uploads\/sites\/4\/2025\/06\/grillplats-vindskyddet-2048x1432.jpg?strip=all&amp;lossy=1&amp;ssl=1 2048w, https:\/\/e5gp8rwuod7.exactdn.com\/vasteras\/wp-content\/uploads\/sites\/4\/2025\/06\/grillplats-vindskyddet-503x352.jpg?strip=all&amp;lossy=1&amp;ssl=1 503w, https:\/\/e5gp8rwuod7.exactdn.com\/vasteras\/wp-content\/uploads\/sites\/4\/2025\/06\/grillplats-vindskyddet-343x240.jpg?strip=all&amp;lossy=1&amp;ssl=1 343w, https:\/\/e5gp8rwuod7.exactdn.com\/vasteras\/wp-content\/uploads\/sites\/4\/2025\/06\/grillplats-vindskyddet-1920x1343.jpg?strip=all&amp;lossy=1&amp;ssl=1 1920w, https:\/\/e5gp8rwuod7.exactdn.com\/vasteras\/wp-content\/uploads\/sites\/4\/2025\/06\/grillplats-vindskyddet-600x420.jpg?strip=all&amp;lossy=1&amp;ssl=1 600w, https:\/\/e5gp8rwuod7.exactdn.com\/vasteras\/wp-content\/uploads\/sites\/4\/2025\/06\/grillplats-vindskyddet.jpg?strip=all&amp;lossy=1&amp;w=1152&amp;ssl=1 1152w\" sizes=\"auto, (max-width: 1024px) 100vw, 1024px\" \/><\/figure>\n\n\n\n<p>Det h\u00e4r \u00e4r Bj\u00f6r\u00adn\u00f6ns mest avskilda grillplats \u2013 och kanske ocks\u00e5 den vackraste. Vindskyddet ligger h\u00f6gt upp p\u00e5 en klippa med utsikt \u00f6ver M\u00e4laren, om \u00e4n genom tr\u00e4dtopparna. H\u00e4r \u00e4r det tyst, enkelt och naturn\u00e4ra \u2013 perfekt f\u00f6r den som s\u00f6ker en vildmarksupplevelse utan att l\u00e4mna V\u00e4ster\u00e5s.<\/p>\n\n\n\n<p>Hit tar du dig via en kuperad vandringsled, s\u00e5 l\u00e4mna barnvagnen hemma och ta p\u00e5 rej\u00e4la skor. Men bel\u00f6ningen \u00e4r en plats som inte bara bjuder p\u00e5 en eldstad \u2013 utan ocks\u00e5 p\u00e5 m\u00f6jligheten att \u00f6vernatta i vindskyddet. En grillplats f\u00f6r friluftsentusiaster, natur\u00e4lskare och sm\u00e5 \u00e4ventyr med stor k\u00e4nsla.<\/p>\n\n\n\n<hr class=\"wp-block-separator has-alpha-channel-opacity\"\/>\n\n\n\n<div style=\"height:30px\" aria-hidden=\"true\" class=\"wp-block-spacer\"><\/div>\n\n\n\n<h3 class=\"wp-block-heading\"><strong>Milsp\u00e5ret<\/strong><\/h3>\n\n\n\n<p><strong>Utsikt:<\/strong> 9\/10<br><strong>Popularitet:<\/strong> 1\/10<br><strong>Tillg\u00e4nglighet:<\/strong> 5\/10<br><strong>Vedf\u00f6rr\u00e5d:<\/strong> ja<br><strong>Toalett\/dass:<\/strong> nej<br><strong>Papperskorg\/soptunnor:<\/strong> ja<br><strong>B\u00e4nkar\/bord:<\/strong> ja, b\u00e5de b\u00e4nkar och picknick-bord<br><strong>Eldst\u00e4der:<\/strong> 1 st<br><strong>Parkering:<\/strong> ja, avst\u00e5nd till grillplats ca 800 m<br><strong>Kartl\u00e4nk:<\/strong> <a href=\"https:\/\/maps.app.goo.gl\/1RGdeaRDZ4vRJ6vx9?g_st=com.google.maps.preview.copy\" target=\"_blank\" rel=\"noreferrer noopener\">Google Maps<\/a><\/p>\n\n\n\n<figure class=\"wp-block-image size-large\"><img loading=\"lazy\" decoding=\"async\" width=\"1024\" height=\"716\" src=\"https:\/\/e5gp8rwuod7.exactdn.com\/vasteras\/wp-content\/uploads\/sites\/4\/2025\/06\/grillplats-milsparet-1024x716.jpg?strip=all&lossy=1&ssl=1\" alt=\"grillplats milsp\u00e5ret\" class=\"wp-image-79585\" srcset=\"https:\/\/e5gp8rwuod7.exactdn.com\/vasteras\/wp-content\/uploads\/sites\/4\/2025\/06\/grillplats-milsparet-1024x716.jpg?strip=all&amp;lossy=1&amp;ssl=1 1024w, https:\/\/e5gp8rwuod7.exactdn.com\/vasteras\/wp-content\/uploads\/sites\/4\/2025\/06\/grillplats-milsparet-300x210.jpg?strip=all&amp;lossy=1&amp;ssl=1 300w, https:\/\/e5gp8rwuod7.exactdn.com\/vasteras\/wp-content\/uploads\/sites\/4\/2025\/06\/grillplats-milsparet-768x537.jpg?strip=all&amp;lossy=1&amp;ssl=1 768w, https:\/\/e5gp8rwuod7.exactdn.com\/vasteras\/wp-content\/uploads\/sites\/4\/2025\/06\/grillplats-milsparet-1536x1074.jpg?strip=all&amp;lossy=1&amp;ssl=1 1536w, https:\/\/e5gp8rwuod7.exactdn.com\/vasteras\/wp-content\/uploads\/sites\/4\/2025\/06\/grillplats-milsparet-2048x1432.jpg?strip=all&amp;lossy=1&amp;ssl=1 2048w, https:\/\/e5gp8rwuod7.exactdn.com\/vasteras\/wp-content\/uploads\/sites\/4\/2025\/06\/grillplats-milsparet-503x352.jpg?strip=all&amp;lossy=1&amp;ssl=1 503w, https:\/\/e5gp8rwuod7.exactdn.com\/vasteras\/wp-content\/uploads\/sites\/4\/2025\/06\/grillplats-milsparet-343x240.jpg?strip=all&amp;lossy=1&amp;ssl=1 343w, https:\/\/e5gp8rwuod7.exactdn.com\/vasteras\/wp-content\/uploads\/sites\/4\/2025\/06\/grillplats-milsparet-1920x1343.jpg?strip=all&amp;lossy=1&amp;ssl=1 1920w, https:\/\/e5gp8rwuod7.exactdn.com\/vasteras\/wp-content\/uploads\/sites\/4\/2025\/06\/grillplats-milsparet-600x420.jpg?strip=all&amp;lossy=1&amp;ssl=1 600w, https:\/\/e5gp8rwuod7.exactdn.com\/vasteras\/wp-content\/uploads\/sites\/4\/2025\/06\/grillplats-milsparet.jpg?strip=all&amp;lossy=1&amp;w=1152&amp;ssl=1 1152w\" sizes=\"auto, (max-width: 1024px) 100vw, 1024px\" \/><\/figure>\n\n\n\n<p>Vill du slippa tr\u00e4ngas runt elden? D\u00e5 \u00e4r Milsp\u00e5ret din grillplats. H\u00e4r \u00e4r det lugnt, natursk\u00f6nt och ofta alldeles tomt. Utsikten \u00f6ver M\u00e4laren \u00e4r riktigt fin \u2013 och du f\u00e5r den n\u00e4stan alltid f\u00f6r dig sj\u00e4lv.<\/p>\n\n\n\n<p>Nackdelen? Det \u00e4r en lite l\u00e4ngre promenad fr\u00e5n n\u00e4rmaste parkering, men v\u00e4l framme v\u00e4ntar en stillsam plats med eldstad, b\u00e4nkar och picknickbord. Du f\u00e5r r\u00e4kna med att det passerar en och annan motion\u00e4r p\u00e5 sp\u00e5ret, men det \u00e4r inte m\u00e5nga. En perfekt plats f\u00f6r dig som vill njuta av tystnaden och elden i fred.<\/p>\n\n\n\n<hr class=\"wp-block-separator has-alpha-channel-opacity\"\/>\n\n\n\n<div style=\"height:30px\" aria-hidden=\"true\" class=\"wp-block-spacer\"><\/div>\n\n\n\n<h3 class=\"wp-block-heading\"><strong>S\u00f6dra Bj\u00f6rn\u00f6ns badplats<\/strong><\/h3>\n\n\n\n<p><strong>Utsikt:<\/strong> 7\/10<br><strong>Popularitet:<\/strong> 7\/10<br><strong>Tillg\u00e4nglighet:<\/strong> 8\/10<br><strong>Vedf\u00f6rr\u00e5d:<\/strong> ja<br><strong>Toalett\/dass:<\/strong> ja<br><strong>Papperskorg\/soptunnor:<\/strong> ja, vid parkeringen<br><strong>B\u00e4nkar\/bord:<\/strong> ja, b\u00e5de b\u00e4nkar och picknick-bord<br><strong>Eldst\u00e4der:<\/strong> 2 st, en med galler<br><strong>Parkering:<\/strong> ja, avst\u00e5nd till grillplats ca 200 m<br><strong>Kartl\u00e4nk:<\/strong> <a href=\"https:\/\/maps.app.goo.gl\/pgw6GVaMmAxPZRyP7?g_st=com.google.maps.preview.copy\" target=\"_blank\" rel=\"noreferrer noopener\">Google Maps<\/a><\/p>\n\n\n\n<figure class=\"wp-block-image size-large\"><img loading=\"lazy\" decoding=\"async\" width=\"1024\" height=\"716\" src=\"https:\/\/e5gp8rwuod7.exactdn.com\/vasteras\/wp-content\/uploads\/sites\/4\/2025\/06\/grillplats-sodra-bjornons-b-1024x716.jpg?strip=all&lossy=1&ssl=1\" alt=\"grillplats s\u00f6dra bj\u00f6rn\u00f6ns badplats\" class=\"wp-image-79586\" srcset=\"https:\/\/e5gp8rwuod7.exactdn.com\/vasteras\/wp-content\/uploads\/sites\/4\/2025\/06\/grillplats-sodra-bjornons-b-1024x716.jpg?strip=all&amp;lossy=1&amp;ssl=1 1024w, https:\/\/e5gp8rwuod7.exactdn.com\/vasteras\/wp-content\/uploads\/sites\/4\/2025\/06\/grillplats-sodra-bjornons-b-300x210.jpg?strip=all&amp;lossy=1&amp;ssl=1 300w, https:\/\/e5gp8rwuod7.exactdn.com\/vasteras\/wp-content\/uploads\/sites\/4\/2025\/06\/grillplats-sodra-bjornons-b-768x537.jpg?strip=all&amp;lossy=1&amp;ssl=1 768w, https:\/\/e5gp8rwuod7.exactdn.com\/vasteras\/wp-content\/uploads\/sites\/4\/2025\/06\/grillplats-sodra-bjornons-b-1536x1074.jpg?strip=all&amp;lossy=1&amp;ssl=1 1536w, https:\/\/e5gp8rwuod7.exactdn.com\/vasteras\/wp-content\/uploads\/sites\/4\/2025\/06\/grillplats-sodra-bjornons-b-2048x1432.jpg?strip=all&amp;lossy=1&amp;ssl=1 2048w, https:\/\/e5gp8rwuod7.exactdn.com\/vasteras\/wp-content\/uploads\/sites\/4\/2025\/06\/grillplats-sodra-bjornons-b-503x352.jpg?strip=all&amp;lossy=1&amp;ssl=1 503w, https:\/\/e5gp8rwuod7.exactdn.com\/vasteras\/wp-content\/uploads\/sites\/4\/2025\/06\/grillplats-sodra-bjornons-b-343x240.jpg?strip=all&amp;lossy=1&amp;ssl=1 343w, https:\/\/e5gp8rwuod7.exactdn.com\/vasteras\/wp-content\/uploads\/sites\/4\/2025\/06\/grillplats-sodra-bjornons-b-1920x1343.jpg?strip=all&amp;lossy=1&amp;ssl=1 1920w, https:\/\/e5gp8rwuod7.exactdn.com\/vasteras\/wp-content\/uploads\/sites\/4\/2025\/06\/grillplats-sodra-bjornons-b-600x420.jpg?strip=all&amp;lossy=1&amp;ssl=1 600w, https:\/\/e5gp8rwuod7.exactdn.com\/vasteras\/wp-content\/uploads\/sites\/4\/2025\/06\/grillplats-sodra-bjornons-b.jpg?strip=all&amp;lossy=1&amp;w=1152&amp;ssl=1 1152w\" sizes=\"auto, (max-width: 1024px) 100vw, 1024px\" \/><\/figure>\n\n\n\n<p>Det h\u00e4r \u00e4r en grillplats med mycket utrymme och m\u00e5nga m\u00f6jligheter. En stor gr\u00e4splan leder hela v\u00e4gen ner till vattnet \u2013 och \u00e4ven om den gamla badstranden till viss del vuxit igen, \u00e4r k\u00e4nslan av sj\u00f6n\u00e4ra sommaridyll fortfarande stark.<\/p>\n\n\n\n<p>H\u00e4r finns plats f\u00f6r st\u00f6rre s\u00e4llskap, och den nyrenoverade bryggan \u00e4r ett stort plus, oavsett om du vill bada eller bara sitta med kaffekoppen. Det g\u00e5r \u00e4ven utm\u00e4rkt att ta sig hit med kanot eller kajak fr\u00e5n Bj\u00f6rn\u00f6g\u00e5rden, vilket g\u00f6r platsen perfekt som lunchstopp eller kv\u00e4llstur f\u00f6r paddlare.<\/p>\n","protected":false},"excerpt":{"rendered":"<p>Offentliga grillplatser i naturreservatet Bj\u00f6rn\u00f6 Grillplatser p\u00e5 Bj\u00f6rn\u00f6n, h\u00e4r hittar du den kompletta guiden. Att samlas runt en brasa och grilla ute i naturen \u00e4r n\u00e5got de flesta gillar. Att [&hellip;]<\/p>\n","protected":false},"author":83,"featured_media":71060,"comment_status":"closed","ping_status":"open","sticky":false,"template":"","format":"standard","meta":{"_acf_changed":false,"footnotes":""},"categories":[1234],"tags":[1358,1355,1357,1356],"class_list":["post-79575","post","type-post","status-publish","format-standard","has-post-thumbnail","hentry","category-utflyktstips","tag-grilla-pa-bjornon","tag-grillplatser-pa-bjornon","tag-grillplatser-vasteras","tag-offentliga-grillplatser-i-vasteras"],"acf":[],"yoast_head":"<!-- This site is optimized with the Yoast SEO plugin v23.0 - https:\/\/yoast.com\/wordpress\/plugins\/seo\/ -->\n<title>Grillplatser p\u00e5 Bj\u00f6rn\u00f6n \u2013 komplett guide i V\u00e4ster\u00e5s<\/title>\n<meta name=\"description\" content=\"Uppt\u00e4ck de b\u00e4sta grillplatserna p\u00e5 Bj\u00f6rn\u00f6n! V\u00e5r guide visar v\u00e4gen till eldplatser med utsikt, vedf\u00f6rr\u00e5d och picknickbord i V\u00e4ster\u00e5s natur.\" \/>\n<meta name=\"robots\" content=\"index, follow, max-snippet:-1, max-image-preview:large, max-video-preview:-1\" \/>\n<link rel=\"canonical\" href=\"https:\/\/aktivtuteliv.se\/vasteras\/grillplatser-pa-bjornon\/\" \/>\n<meta property=\"og:locale\" content=\"sv_SE\" \/>\n<meta property=\"og:type\" content=\"article\" \/>\n<meta property=\"og:title\" content=\"Grillplatser p\u00e5 Bj\u00f6rn\u00f6n \u2013 komplett guide i V\u00e4ster\u00e5s\" \/>\n<meta property=\"og:description\" content=\"Uppt\u00e4ck de b\u00e4sta grillplatserna p\u00e5 Bj\u00f6rn\u00f6n! V\u00e5r guide visar v\u00e4gen till eldplatser med utsikt, vedf\u00f6rr\u00e5d och picknickbord i V\u00e4ster\u00e5s natur.\" \/>\n<meta property=\"og:url\" content=\"https:\/\/aktivtuteliv.se\/vasteras\/grillplatser-pa-bjornon\/\" \/>\n<meta property=\"og:site_name\" content=\"V\u00e4ster\u00e5s\" \/>\n<meta property=\"article:publisher\" content=\"https:\/\/www.facebook.com\/aktivtutelivbjornogarden\" \/>\n<meta property=\"article:published_time\" content=\"2026-04-13T12:11:51+00:00\" \/>\n<meta property=\"article:modified_time\" content=\"2026-04-14T12:11:57+00:00\" \/>\n<meta property=\"og:image\" content=\"https:\/\/aktivtuteliv.se\/vasteras\/wp-content\/uploads\/sites\/4\/2024\/03\/Bjorno_Badelundaasen.jpg\" \/>\n\t<meta property=\"og:image:width\" content=\"2560\" \/>\n\t<meta property=\"og:image:height\" content=\"1790\" \/>\n\t<meta property=\"og:image:type\" content=\"image\/jpeg\" \/>\n<meta name=\"author\" content=\"perfredin\" \/>\n<meta name=\"twitter:card\" content=\"summary_large_image\" \/>\n<meta name=\"twitter:creator\" content=\"@aktivtuteliv\" \/>\n<meta name=\"twitter:site\" content=\"@aktivtuteliv\" \/>\n<meta name=\"twitter:label1\" content=\"Skriven av\" \/>\n\t<meta name=\"twitter:data1\" content=\"perfredin\" \/>\n\t<meta name=\"twitter:label2\" content=\"Ber\u00e4knad l\u00e4stid\" \/>\n\t<meta name=\"twitter:data2\" content=\"8 minuter\" \/>\n<script type=\"application\/ld+json\" class=\"yoast-schema-graph\">{\"@context\":\"https:\/\/schema.org\",\"@graph\":[{\"@type\":\"Article\",\"@id\":\"https:\/\/aktivtuteliv.se\/vasteras\/grillplatser-pa-bjornon\/#article\",\"isPartOf\":{\"@id\":\"https:\/\/aktivtuteliv.se\/vasteras\/grillplatser-pa-bjornon\/\"},\"author\":{\"name\":\"perfredin\",\"@id\":\"https:\/\/aktivtuteliv.se\/vasteras\/#\/schema\/person\/5a0d78c114b11725bc522ef122bf00fc\"},\"headline\":\"Grillplatser p\u00e5 Bj\u00f6rn\u00f6n\",\"datePublished\":\"2026-04-13T12:11:51+00:00\",\"dateModified\":\"2026-04-14T12:11:57+00:00\",\"mainEntityOfPage\":{\"@id\":\"https:\/\/aktivtuteliv.se\/vasteras\/grillplatser-pa-bjornon\/\"},\"wordCount\":1504,\"publisher\":{\"@id\":\"https:\/\/aktivtuteliv.se\/vasteras\/#organization\"},\"image\":{\"@id\":\"https:\/\/aktivtuteliv.se\/vasteras\/grillplatser-pa-bjornon\/#primaryimage\"},\"thumbnailUrl\":\"https:\/\/e5gp8rwuod7.exactdn.com\/vasteras\/wp-content\/uploads\/sites\/4\/2024\/03\/Bjorno_Badelundaasen.jpg?strip=all&lossy=1&ssl=1\",\"keywords\":[\"grilla p\u00e5 bj\u00f6rn\u00f6n\",\"grillplatser p\u00e5 Bj\u00f6rn\u00f6n\",\"grillplatser v\u00e4ster\u00e5s\",\"offentliga grillplatser i V\u00e4ster\u00e5s\"],\"articleSection\":[\"5. Tur- och utflyktstips\"],\"inLanguage\":\"sv-SE\"},{\"@type\":\"WebPage\",\"@id\":\"https:\/\/aktivtuteliv.se\/vasteras\/grillplatser-pa-bjornon\/\",\"url\":\"https:\/\/aktivtuteliv.se\/vasteras\/grillplatser-pa-bjornon\/\",\"name\":\"Grillplatser p\u00e5 Bj\u00f6rn\u00f6n \u2013 komplett guide i V\u00e4ster\u00e5s\",\"isPartOf\":{\"@id\":\"https:\/\/aktivtuteliv.se\/vasteras\/#website\"},\"primaryImageOfPage\":{\"@id\":\"https:\/\/aktivtuteliv.se\/vasteras\/grillplatser-pa-bjornon\/#primaryimage\"},\"image\":{\"@id\":\"https:\/\/aktivtuteliv.se\/vasteras\/grillplatser-pa-bjornon\/#primaryimage\"},\"thumbnailUrl\":\"https:\/\/e5gp8rwuod7.exactdn.com\/vasteras\/wp-content\/uploads\/sites\/4\/2024\/03\/Bjorno_Badelundaasen.jpg?strip=all&lossy=1&ssl=1\",\"datePublished\":\"2026-04-13T12:11:51+00:00\",\"dateModified\":\"2026-04-14T12:11:57+00:00\",\"description\":\"Uppt\u00e4ck de b\u00e4sta grillplatserna p\u00e5 Bj\u00f6rn\u00f6n! V\u00e5r guide visar v\u00e4gen till eldplatser med utsikt, vedf\u00f6rr\u00e5d och picknickbord i V\u00e4ster\u00e5s natur.\",\"breadcrumb\":{\"@id\":\"https:\/\/aktivtuteliv.se\/vasteras\/grillplatser-pa-bjornon\/#breadcrumb\"},\"inLanguage\":\"sv-SE\",\"potentialAction\":[{\"@type\":\"ReadAction\",\"target\":[\"https:\/\/aktivtuteliv.se\/vasteras\/grillplatser-pa-bjornon\/\"]}]},{\"@type\":\"ImageObject\",\"inLanguage\":\"sv-SE\",\"@id\":\"https:\/\/aktivtuteliv.se\/vasteras\/grillplatser-pa-bjornon\/#primaryimage\",\"url\":\"https:\/\/e5gp8rwuod7.exactdn.com\/vasteras\/wp-content\/uploads\/sites\/4\/2024\/03\/Bjorno_Badelundaasen.jpg?strip=all&lossy=1&ssl=1\",\"contentUrl\":\"https:\/\/e5gp8rwuod7.exactdn.com\/vasteras\/wp-content\/uploads\/sites\/4\/2024\/03\/Bjorno_Badelundaasen.jpg?strip=all&lossy=1&ssl=1\",\"width\":2560,\"height\":1790,\"caption\":\"Mountainbike p\u00e5 Bj\u00f6rn\u00f6n\"},{\"@type\":\"BreadcrumbList\",\"@id\":\"https:\/\/aktivtuteliv.se\/vasteras\/grillplatser-pa-bjornon\/#breadcrumb\",\"itemListElement\":[{\"@type\":\"ListItem\",\"position\":1,\"name\":\"Home\",\"item\":\"https:\/\/aktivtuteliv.se\/vasteras\/\"},{\"@type\":\"ListItem\",\"position\":2,\"name\":\"Grillplatser p\u00e5 Bj\u00f6rn\u00f6n\"}]},{\"@type\":\"WebSite\",\"@id\":\"https:\/\/aktivtuteliv.se\/vasteras\/#website\",\"url\":\"https:\/\/aktivtuteliv.se\/vasteras\/\",\"name\":\"Aktivt Uteliv Bj\u00f6rn\u00f6g\u00e5rden\",\"description\":\"Ett friluftscenter i V\u00e4ster\u00e5s\",\"publisher\":{\"@id\":\"https:\/\/aktivtuteliv.se\/vasteras\/#organization\"},\"potentialAction\":[{\"@type\":\"SearchAction\",\"target\":{\"@type\":\"EntryPoint\",\"urlTemplate\":\"https:\/\/aktivtuteliv.se\/vasteras\/?s={search_term_string}\"},\"query-input\":\"required name=search_term_string\"}],\"inLanguage\":\"sv-SE\"},{\"@type\":\"Organization\",\"@id\":\"https:\/\/aktivtuteliv.se\/vasteras\/#organization\",\"name\":\"Aktivt Uteliv Bj\u00f6rn\u00f6g\u00e5rden\",\"url\":\"https:\/\/aktivtuteliv.se\/vasteras\/\",\"logo\":{\"@type\":\"ImageObject\",\"inLanguage\":\"sv-SE\",\"@id\":\"https:\/\/aktivtuteliv.se\/vasteras\/#\/schema\/logo\/image\/\",\"url\":\"https:\/\/e5gp8rwuod7.exactdn.com\/vasteras\/wp-content\/uploads\/sites\/4\/2025\/01\/AUB-pms.png?strip=all&lossy=1&ssl=1\",\"contentUrl\":\"https:\/\/e5gp8rwuod7.exactdn.com\/vasteras\/wp-content\/uploads\/sites\/4\/2025\/01\/AUB-pms.png?strip=all&lossy=1&ssl=1\",\"width\":1894,\"height\":1165,\"caption\":\"Aktivt Uteliv Bj\u00f6rn\u00f6g\u00e5rden\"},\"image\":{\"@id\":\"https:\/\/aktivtuteliv.se\/vasteras\/#\/schema\/logo\/image\/\"},\"sameAs\":[\"https:\/\/www.facebook.com\/aktivtutelivbjornogarden\",\"https:\/\/x.com\/aktivtuteliv\",\"https:\/\/www.instagram.com\/aktivtuteliv_bjornogarden\"]},{\"@type\":\"Person\",\"@id\":\"https:\/\/aktivtuteliv.se\/vasteras\/#\/schema\/person\/5a0d78c114b11725bc522ef122bf00fc\",\"name\":\"perfredin\",\"image\":{\"@type\":\"ImageObject\",\"inLanguage\":\"sv-SE\",\"@id\":\"https:\/\/aktivtuteliv.se\/vasteras\/#\/schema\/person\/image\/\",\"url\":\"https:\/\/secure.gravatar.com\/avatar\/af5dfcbc5c60de90445ac4fc6143ab5e6e5b29e865d803c0ed41f7f05ab2f44e?s=96&d=mm&r=g\",\"contentUrl\":\"https:\/\/secure.gravatar.com\/avatar\/af5dfcbc5c60de90445ac4fc6143ab5e6e5b29e865d803c0ed41f7f05ab2f44e?s=96&d=mm&r=g\",\"caption\":\"perfredin\"},\"url\":\"https:\/\/aktivtuteliv.se\/vasteras\/author\/perfredin\/\"}]}<\/script>\n<!-- \/ Yoast SEO plugin. -->","yoast_head_json":{"title":"Grillplatser p\u00e5 Bj\u00f6rn\u00f6n \u2013 komplett guide i V\u00e4ster\u00e5s","description":"Uppt\u00e4ck de b\u00e4sta grillplatserna p\u00e5 Bj\u00f6rn\u00f6n! V\u00e5r guide visar v\u00e4gen till eldplatser med utsikt, vedf\u00f6rr\u00e5d och picknickbord i V\u00e4ster\u00e5s natur.","robots":{"index":"index","follow":"follow","max-snippet":"max-snippet:-1","max-image-preview":"max-image-preview:large","max-video-preview":"max-video-preview:-1"},"canonical":"https:\/\/aktivtuteliv.se\/vasteras\/grillplatser-pa-bjornon\/","og_locale":"sv_SE","og_type":"article","og_title":"Grillplatser p\u00e5 Bj\u00f6rn\u00f6n \u2013 komplett guide i V\u00e4ster\u00e5s","og_description":"Uppt\u00e4ck de b\u00e4sta grillplatserna p\u00e5 Bj\u00f6rn\u00f6n! V\u00e5r guide visar v\u00e4gen till eldplatser med utsikt, vedf\u00f6rr\u00e5d och picknickbord i V\u00e4ster\u00e5s natur.","og_url":"https:\/\/aktivtuteliv.se\/vasteras\/grillplatser-pa-bjornon\/","og_site_name":"V\u00e4ster\u00e5s","article_publisher":"https:\/\/www.facebook.com\/aktivtutelivbjornogarden","article_published_time":"2026-04-13T12:11:51+00:00","article_modified_time":"2026-04-14T12:11:57+00:00","og_image":[{"width":2560,"height":1790,"url":"https:\/\/aktivtuteliv.se\/vasteras\/wp-content\/uploads\/sites\/4\/2024\/03\/Bjorno_Badelundaasen.jpg","type":"image\/jpeg"}],"author":"perfredin","twitter_card":"summary_large_image","twitter_creator":"@aktivtuteliv","twitter_site":"@aktivtuteliv","twitter_misc":{"Skriven av":"perfredin","Ber\u00e4knad l\u00e4stid":"8 minuter"},"schema":{"@context":"https:\/\/schema.org","@graph":[{"@type":"Article","@id":"https:\/\/aktivtuteliv.se\/vasteras\/grillplatser-pa-bjornon\/#article","isPartOf":{"@id":"https:\/\/aktivtuteliv.se\/vasteras\/grillplatser-pa-bjornon\/"},"author":{"name":"perfredin","@id":"https:\/\/aktivtuteliv.se\/vasteras\/#\/schema\/person\/5a0d78c114b11725bc522ef122bf00fc"},"headline":"Grillplatser p\u00e5 Bj\u00f6rn\u00f6n","datePublished":"2026-04-13T12:11:51+00:00","dateModified":"2026-04-14T12:11:57+00:00","mainEntityOfPage":{"@id":"https:\/\/aktivtuteliv.se\/vasteras\/grillplatser-pa-bjornon\/"},"wordCount":1504,"publisher":{"@id":"https:\/\/aktivtuteliv.se\/vasteras\/#organization"},"image":{"@id":"https:\/\/aktivtuteliv.se\/vasteras\/grillplatser-pa-bjornon\/#primaryimage"},"thumbnailUrl":"https:\/\/e5gp8rwuod7.exactdn.com\/vasteras\/wp-content\/uploads\/sites\/4\/2024\/03\/Bjorno_Badelundaasen.jpg?strip=all&lossy=1&ssl=1","keywords":["grilla p\u00e5 bj\u00f6rn\u00f6n","grillplatser p\u00e5 Bj\u00f6rn\u00f6n","grillplatser v\u00e4ster\u00e5s","offentliga grillplatser i V\u00e4ster\u00e5s"],"articleSection":["5. Tur- och utflyktstips"],"inLanguage":"sv-SE"},{"@type":"WebPage","@id":"https:\/\/aktivtuteliv.se\/vasteras\/grillplatser-pa-bjornon\/","url":"https:\/\/aktivtuteliv.se\/vasteras\/grillplatser-pa-bjornon\/","name":"Grillplatser p\u00e5 Bj\u00f6rn\u00f6n \u2013 komplett guide i V\u00e4ster\u00e5s","isPartOf":{"@id":"https:\/\/aktivtuteliv.se\/vasteras\/#website"},"primaryImageOfPage":{"@id":"https:\/\/aktivtuteliv.se\/vasteras\/grillplatser-pa-bjornon\/#primaryimage"},"image":{"@id":"https:\/\/aktivtuteliv.se\/vasteras\/grillplatser-pa-bjornon\/#primaryimage"},"thumbnailUrl":"https:\/\/e5gp8rwuod7.exactdn.com\/vasteras\/wp-content\/uploads\/sites\/4\/2024\/03\/Bjorno_Badelundaasen.jpg?strip=all&lossy=1&ssl=1","datePublished":"2026-04-13T12:11:51+00:00","dateModified":"2026-04-14T12:11:57+00:00","description":"Uppt\u00e4ck de b\u00e4sta grillplatserna p\u00e5 Bj\u00f6rn\u00f6n! V\u00e5r guide visar v\u00e4gen till eldplatser med utsikt, vedf\u00f6rr\u00e5d och picknickbord i V\u00e4ster\u00e5s natur.","breadcrumb":{"@id":"https:\/\/aktivtuteliv.se\/vasteras\/grillplatser-pa-bjornon\/#breadcrumb"},"inLanguage":"sv-SE","potentialAction":[{"@type":"ReadAction","target":["https:\/\/aktivtuteliv.se\/vasteras\/grillplatser-pa-bjornon\/"]}]},{"@type":"ImageObject","inLanguage":"sv-SE","@id":"https:\/\/aktivtuteliv.se\/vasteras\/grillplatser-pa-bjornon\/#primaryimage","url":"https:\/\/e5gp8rwuod7.exactdn.com\/vasteras\/wp-content\/uploads\/sites\/4\/2024\/03\/Bjorno_Badelundaasen.jpg?strip=all&lossy=1&ssl=1","contentUrl":"https:\/\/e5gp8rwuod7.exactdn.com\/vasteras\/wp-content\/uploads\/sites\/4\/2024\/03\/Bjorno_Badelundaasen.jpg?strip=all&lossy=1&ssl=1","width":2560,"height":1790,"caption":"Mountainbike p\u00e5 Bj\u00f6rn\u00f6n"},{"@type":"BreadcrumbList","@id":"https:\/\/aktivtuteliv.se\/vasteras\/grillplatser-pa-bjornon\/#breadcrumb","itemListElement":[{"@type":"ListItem","position":1,"name":"Home","item":"https:\/\/aktivtuteliv.se\/vasteras\/"},{"@type":"ListItem","position":2,"name":"Grillplatser p\u00e5 Bj\u00f6rn\u00f6n"}]},{"@type":"WebSite","@id":"https:\/\/aktivtuteliv.se\/vasteras\/#website","url":"https:\/\/aktivtuteliv.se\/vasteras\/","name":"Aktivt Uteliv Bj\u00f6rn\u00f6g\u00e5rden","description":"Ett friluftscenter i V\u00e4ster\u00e5s","publisher":{"@id":"https:\/\/aktivtuteliv.se\/vasteras\/#organization"},"potentialAction":[{"@type":"SearchAction","target":{"@type":"EntryPoint","urlTemplate":"https:\/\/aktivtuteliv.se\/vasteras\/?s={search_term_string}"},"query-input":"required name=search_term_string"}],"inLanguage":"sv-SE"},{"@type":"Organization","@id":"https:\/\/aktivtuteliv.se\/vasteras\/#organization","name":"Aktivt Uteliv Bj\u00f6rn\u00f6g\u00e5rden","url":"https:\/\/aktivtuteliv.se\/vasteras\/","logo":{"@type":"ImageObject","inLanguage":"sv-SE","@id":"https:\/\/aktivtuteliv.se\/vasteras\/#\/schema\/logo\/image\/","url":"https:\/\/e5gp8rwuod7.exactdn.com\/vasteras\/wp-content\/uploads\/sites\/4\/2025\/01\/AUB-pms.png?strip=all&lossy=1&ssl=1","contentUrl":"https:\/\/e5gp8rwuod7.exactdn.com\/vasteras\/wp-content\/uploads\/sites\/4\/2025\/01\/AUB-pms.png?strip=all&lossy=1&ssl=1","width":1894,"height":1165,"caption":"Aktivt Uteliv Bj\u00f6rn\u00f6g\u00e5rden"},"image":{"@id":"https:\/\/aktivtuteliv.se\/vasteras\/#\/schema\/logo\/image\/"},"sameAs":["https:\/\/www.facebook.com\/aktivtutelivbjornogarden","https:\/\/x.com\/aktivtuteliv","https:\/\/www.instagram.com\/aktivtuteliv_bjornogarden"]},{"@type":"Person","@id":"https:\/\/aktivtuteliv.se\/vasteras\/#\/schema\/person\/5a0d78c114b11725bc522ef122bf00fc","name":"perfredin","image":{"@type":"ImageObject","inLanguage":"sv-SE","@id":"https:\/\/aktivtuteliv.se\/vasteras\/#\/schema\/person\/image\/","url":"https:\/\/secure.gravatar.com\/avatar\/af5dfcbc5c60de90445ac4fc6143ab5e6e5b29e865d803c0ed41f7f05ab2f44e?s=96&d=mm&r=g","contentUrl":"https:\/\/secure.gravatar.com\/avatar\/af5dfcbc5c60de90445ac4fc6143ab5e6e5b29e865d803c0ed41f7f05ab2f44e?s=96&d=mm&r=g","caption":"perfredin"},"url":"https:\/\/aktivtuteliv.se\/vasteras\/author\/perfredin\/"}]}},"_links":{"self":[{"href":"https:\/\/aktivtuteliv.se\/vasteras\/wp-json\/wp\/v2\/posts\/79575","targetHints":{"allow":["GET"]}}],"collection":[{"href":"https:\/\/aktivtuteliv.se\/vasteras\/wp-json\/wp\/v2\/posts"}],"about":[{"href":"https:\/\/aktivtuteliv.se\/vasteras\/wp-json\/wp\/v2\/types\/post"}],"author":[{"embeddable":true,"href":"https:\/\/aktivtuteliv.se\/vasteras\/wp-json\/wp\/v2\/users\/83"}],"replies":[{"embeddable":true,"href":"https:\/\/aktivtuteliv.se\/vasteras\/wp-json\/wp\/v2\/comments?post=79575"}],"version-history":[{"count":0,"href":"https:\/\/aktivtuteliv.se\/vasteras\/wp-json\/wp\/v2\/posts\/79575\/revisions"}],"wp:featuredmedia":[{"embeddable":true,"href":"https:\/\/aktivtuteliv.se\/vasteras\/wp-json\/wp\/v2\/media\/71060"}],"wp:attachment":[{"href":"https:\/\/aktivtuteliv.se\/vasteras\/wp-json\/wp\/v2\/media?parent=79575"}],"wp:term":[{"taxonomy":"category","embeddable":true,"href":"https:\/\/aktivtuteliv.se\/vasteras\/wp-json\/wp\/v2\/categories?post=79575"},{"taxonomy":"post_tag","embeddable":true,"href":"https:\/\/aktivtuteliv.se\/vasteras\/wp-json\/wp\/v2\/tags?post=79575"}],"curies":[{"name":"wp","href":"https:\/\/api.w.org\/{rel}","templated":true}]}}