{"id":81382,"date":"2025-10-08T13:37:45","date_gmt":"2025-10-08T11:37:45","guid":{"rendered":"https:\/\/aktivtuteliv.se\/vasteras\/?p=81382"},"modified":"2025-10-09T08:46:50","modified_gmt":"2025-10-09T06:46:50","slug":"paddeltur-till-birka-pa-bjorko","status":"publish","type":"post","link":"https:\/\/aktivtuteliv.se\/vasteras\/paddeltur-till-birka-pa-bjorko\/","title":{"rendered":"Paddeltur till Birka p\u00e5 Bj\u00f6rk\u00f6"},"content":{"rendered":"\n<h2 class=\"wp-block-heading\">En historisk paddeltur till Sveriges f\u00f6rsta stad<\/h2>\n\n\n\n<div style=\"height:20px\" aria-hidden=\"true\" class=\"wp-block-spacer\"><\/div>\n\n\n\n<p><strong>Startpunkt:<\/strong> Bro, strax utanf\u00f6r Stockholm<br><strong>Distans:<\/strong> cirka 19\u201320 km enkel v\u00e4g<br><strong>Sv\u00e5righetsgrad:<\/strong> Medel\/avancerad \u2013 erfaren paddlare rekommenderas<br><strong>Tids\u00e5tg\u00e5ng:<\/strong> 4\u20136 timmar enkel v\u00e4g, inklusive paus<br><strong>Faciliteter:<\/strong> servicehus med dusch och toaletter i g\u00e4sthamnen, restaurang, kiosk och caf\u00e9.<br><strong>Sev\u00e4rdheter:<\/strong> Birkas vikingaby, Svarta jorden, f\u00f6rsvarsborgen, Ansgars monumentet och Vikingamus\u00e9et<\/p>\n\n\n\n<figure class=\"wp-block-image size-large\"><img loading=\"lazy\" decoding=\"async\" width=\"1024\" height=\"768\" src=\"https:\/\/e5gp8rwuod7.exactdn.com\/vasteras\/wp-content\/uploads\/sites\/4\/2025\/10\/2025-08-30-11.43.38-1024x768.jpg?strip=all&lossy=1&ssl=1\" alt=\"paddla till Birka\" class=\"wp-image-81384\" srcset=\"https:\/\/e5gp8rwuod7.exactdn.com\/vasteras\/wp-content\/uploads\/sites\/4\/2025\/10\/2025-08-30-11.43.38-1024x768.jpg?strip=all&amp;lossy=1&amp;ssl=1 1024w, https:\/\/e5gp8rwuod7.exactdn.com\/vasteras\/wp-content\/uploads\/sites\/4\/2025\/10\/2025-08-30-11.43.38-300x225.jpg?strip=all&amp;lossy=1&amp;ssl=1 300w, https:\/\/e5gp8rwuod7.exactdn.com\/vasteras\/wp-content\/uploads\/sites\/4\/2025\/10\/2025-08-30-11.43.38-768x576.jpg?strip=all&amp;lossy=1&amp;ssl=1 768w, https:\/\/e5gp8rwuod7.exactdn.com\/vasteras\/wp-content\/uploads\/sites\/4\/2025\/10\/2025-08-30-11.43.38-1536x1152.jpg?strip=all&amp;lossy=1&amp;ssl=1 1536w, https:\/\/e5gp8rwuod7.exactdn.com\/vasteras\/wp-content\/uploads\/sites\/4\/2025\/10\/2025-08-30-11.43.38-2048x1536.jpg?strip=all&amp;lossy=1&amp;ssl=1 2048w, https:\/\/e5gp8rwuod7.exactdn.com\/vasteras\/wp-content\/uploads\/sites\/4\/2025\/10\/2025-08-30-11.43.38-469x352.jpg?strip=all&amp;lossy=1&amp;ssl=1 469w, https:\/\/e5gp8rwuod7.exactdn.com\/vasteras\/wp-content\/uploads\/sites\/4\/2025\/10\/2025-08-30-11.43.38-320x240.jpg?strip=all&amp;lossy=1&amp;ssl=1 320w, https:\/\/e5gp8rwuod7.exactdn.com\/vasteras\/wp-content\/uploads\/sites\/4\/2025\/10\/2025-08-30-11.43.38-1920x1440.jpg?strip=all&amp;lossy=1&amp;ssl=1 1920w, https:\/\/e5gp8rwuod7.exactdn.com\/vasteras\/wp-content\/uploads\/sites\/4\/2025\/10\/2025-08-30-11.43.38-600x450.jpg?strip=all&amp;lossy=1&amp;ssl=1 600w, https:\/\/e5gp8rwuod7.exactdn.com\/vasteras\/wp-content\/uploads\/sites\/4\/2025\/10\/2025-08-30-11.43.38.jpg?strip=all&amp;lossy=1&amp;w=384&amp;ssl=1 384w, https:\/\/e5gp8rwuod7.exactdn.com\/vasteras\/wp-content\/uploads\/sites\/4\/2025\/10\/2025-08-30-11.43.38.jpg?strip=all&amp;lossy=1&amp;w=1152&amp;ssl=1 1152w\" sizes=\"auto, (max-width: 1024px) 100vw, 1024px\" \/><\/figure>\n\n\n\n<p>I slutet av augusti paddlade jag (Per F) och min bror till Birka p\u00e5 Bj\u00f6rk\u00f6 i M\u00e4laren, ett av Unescos v\u00e4rldsarv. Jag hade aldrig bes\u00f6kt &#8221;Sveriges f\u00f6rsta stad&#8221; tidigare, men platsen \u00e4r v\u00e4lbekant fr\u00e5n historielektionerna i skolan och det var ett st\u00e4lle som jag sett fram emot att f\u00e5 bes\u00f6ka. Paddelturen var hans 40-\u00e5rspresent fr\u00e5n mig och inkluderade boende i glampingt\u00e4lt samt middag p\u00e5 restaurang S\u00e4rimner.<\/p>\n\n\n\n<p>Vi f\u00e5r ofta fr\u00e5gor fr\u00e5n kunder, s\u00e4rskilt utl\u00e4ndska turister, om det g\u00e5r att paddla fr\u00e5n V\u00e4ster\u00e5s till Birka. Sj\u00e4lvklart g\u00e5r det, men det \u00e4r ingen tur vi rekommenderar och det \u00e4r definitivt ingen tur f\u00f6r nyb\u00f6rjare. Att paddla hela str\u00e4ckan fr\u00e5n V\u00e4ster\u00e5s inneb\u00e4r att m\u00e5nga stora fj\u00e4rdar ska passeras med trafikerade farleder och det kr\u00e4ver minst tre hela paddeldagar.<\/p>\n\n\n\n<p>Ist\u00e4llet rekommenderar vi att du transporterar kajakerna med bil och startar i den \u00f6stra delen av M\u00e4laren, till exempel fr\u00e5n Eker\u00f6 eller Enh\u00f6rna utanf\u00f6r S\u00f6dert\u00e4lje. D\u00e5 blir paddlingen bara 5\u201310 km, beroende p\u00e5 startpunkt.<\/p>\n\n\n\n<p>Vi valde d\u00e4remot att h\u00e5lla oss p\u00e5 norra sidan av M\u00e4laren och utgick fr\u00e5n Bro, strax utanf\u00f6r Stockholm. Det inneb\u00e4r en kortare bilresa, men l\u00e4ngre paddling. Nedanf\u00f6r Bro finns en halv\u00f6 med en liten b\u00e5thamn f\u00f6r fritidsb\u00e5tar som passade perfekt som startplats. H\u00e4r kunde vi parkera bilen \u00f6ver natten och l\u00e4gga i kajakerna vid en flytbrygga intill parkeringen.<\/p>\n\n\n\n<h3 class=\"wp-block-heading\"><strong>Paddlingen<\/strong><\/h3>\n\n\n\n<p>Fr\u00e5n Bro blev det en paddling p\u00e5 cirka 19\u201320 km ner till Birka \u2013 i princip korsade vi hela M\u00e4laren. Vi paddlade tv\u00e5manskajak, vilket var b\u00e5de socialt och gav m\u00f6jlighet till h\u00f6gre marschfart med mindre anstr\u00e4ngning. Men det f\u00f6ruts\u00e4tter att du v\u00e4ljer en tv\u00e5manskajak av god kvalitet, som v\u00e5r <a href=\"https:\/\/aktivtuteliv.se\/vasteras\/hyra-kajak-eller-kanot-i-vasteras\/#k2-roligare\">tv\u00e5manskajak roligare<\/a>, som \u00e4r minst sex meter l\u00e5ng och gjord i glasfiber.<\/p>\n\n\n\n<p>Under den f\u00f6rsta delen av paddlingen fanns det gott om mindre \u00f6ar som gav skydd mot vind och v\u00e5gor innan vi n\u00e5dde norra Bj\u00f6rkfj\u00e4rden. Naturen h\u00e4r skiljer sig en hel del fr\u00e5n v\u00e5r del av M\u00e4laren: h\u00f6ga, branta klippor stupar mot vattnet som dessutom \u00e4r klart med ett siktdjup p\u00e5 omkring en till en och en halv meter.<\/p>\n\n\n\n<p>Vi stannade f\u00f6r lunch p\u00e5 en liten \u00f6 med runda sk\u00e4rg\u00e5rdsliknande klippor, d\u00e4r vi kunde njuta av utsikten \u00f6ver fj\u00e4rden och str\u00e4cka p\u00e5 benen innan vi gav oss ut p\u00e5 det st\u00f6rre \u00f6ppna vattnet ner mot Birka.<\/p>\n\n\n\n<figure class=\"wp-block-image size-large\"><img loading=\"lazy\" decoding=\"async\" width=\"1024\" height=\"768\" src=\"https:\/\/e5gp8rwuod7.exactdn.com\/vasteras\/wp-content\/uploads\/sites\/4\/2025\/10\/2025-08-29-12.08.30-1024x768.jpg?strip=all&lossy=1&ssl=1\" alt=\"Lunchstopp\" class=\"wp-image-81385\" srcset=\"https:\/\/e5gp8rwuod7.exactdn.com\/vasteras\/wp-content\/uploads\/sites\/4\/2025\/10\/2025-08-29-12.08.30-1024x768.jpg?strip=all&amp;lossy=1&amp;ssl=1 1024w, https:\/\/e5gp8rwuod7.exactdn.com\/vasteras\/wp-content\/uploads\/sites\/4\/2025\/10\/2025-08-29-12.08.30-300x225.jpg?strip=all&amp;lossy=1&amp;ssl=1 300w, https:\/\/e5gp8rwuod7.exactdn.com\/vasteras\/wp-content\/uploads\/sites\/4\/2025\/10\/2025-08-29-12.08.30-768x576.jpg?strip=all&amp;lossy=1&amp;ssl=1 768w, https:\/\/e5gp8rwuod7.exactdn.com\/vasteras\/wp-content\/uploads\/sites\/4\/2025\/10\/2025-08-29-12.08.30-1536x1152.jpg?strip=all&amp;lossy=1&amp;ssl=1 1536w, https:\/\/e5gp8rwuod7.exactdn.com\/vasteras\/wp-content\/uploads\/sites\/4\/2025\/10\/2025-08-29-12.08.30-2048x1536.jpg?strip=all&amp;lossy=1&amp;ssl=1 2048w, https:\/\/e5gp8rwuod7.exactdn.com\/vasteras\/wp-content\/uploads\/sites\/4\/2025\/10\/2025-08-29-12.08.30-469x352.jpg?strip=all&amp;lossy=1&amp;ssl=1 469w, https:\/\/e5gp8rwuod7.exactdn.com\/vasteras\/wp-content\/uploads\/sites\/4\/2025\/10\/2025-08-29-12.08.30-320x240.jpg?strip=all&amp;lossy=1&amp;ssl=1 320w, https:\/\/e5gp8rwuod7.exactdn.com\/vasteras\/wp-content\/uploads\/sites\/4\/2025\/10\/2025-08-29-12.08.30-1920x1440.jpg?strip=all&amp;lossy=1&amp;ssl=1 1920w, https:\/\/e5gp8rwuod7.exactdn.com\/vasteras\/wp-content\/uploads\/sites\/4\/2025\/10\/2025-08-29-12.08.30-600x450.jpg?strip=all&amp;lossy=1&amp;ssl=1 600w, https:\/\/e5gp8rwuod7.exactdn.com\/vasteras\/wp-content\/uploads\/sites\/4\/2025\/10\/2025-08-29-12.08.30.jpg?strip=all&amp;lossy=1&amp;w=384&amp;ssl=1 384w, https:\/\/e5gp8rwuod7.exactdn.com\/vasteras\/wp-content\/uploads\/sites\/4\/2025\/10\/2025-08-29-12.08.30.jpg?strip=all&amp;lossy=1&amp;w=1152&amp;ssl=1 1152w\" sizes=\"auto, (max-width: 1024px) 100vw, 1024px\" \/><\/figure>\n\n\n\n<p>Bj\u00f6rkfj\u00e4rden \u00e4r en stor fj\u00e4rd och \u00e4ven med m\u00e5ttlig vind byggs v\u00e5gorna upp ordentligt. Vi hade turen att ha dem i ryggen och med erfarenhet och r\u00e4tt kajak var det inga problem, men rutten kr\u00e4ver paddelvana. Mellan Eker\u00f6 och Adels\u00f6 \u00e4r landskapet mer monotont \u2013 inga sm\u00e5 \u00f6ar att s\u00f6ka skydd vid, h\u00f6ga klippor, vass eller bebyggelse g\u00f6r det sv\u00e5rt att g\u00e5 i land. H\u00e4r finns d\u00e4remot bofasta inv\u00e5nare p\u00e5 \u00f6arna och en bilf\u00e4rja att h\u00e5lla koll p\u00e5 s\u00e5 att man inte hamnar i v\u00e4gen f\u00f6r den.<\/p>\n\n\n\n<h3 class=\"wp-block-heading\"><strong>Ankomst till Birka<\/strong><\/h3>\n\n\n\n<p>N\u00e4r vi anl\u00e4nde hade sista passagerarb\u00e5ten g\u00e5tt och \u00f6n var lugn. Sj\u00e4lva bes\u00f6kscentrumet \u00e4r mycket kajakv\u00e4nligt, med en badplats med sandstrand och gr\u00e4sytor d\u00e4r kajaker l\u00e4tt kan dras upp. Stranden ligger mitt emellan g\u00e4sthamnsbyggnaden och glampingt\u00e4lten \u2013 perfekt l\u00e4ge efter 20 km paddling.<\/p>\n\n\n\n<p>Glampingt\u00e4ltet stod p\u00e5 en upph\u00f6jd altan med utsikt \u00f6ver M\u00e4laren. Inne i t\u00e4ltet med st\u00e5h\u00f6jd fanns det tv\u00e5 bekv\u00e4ma 90-s\u00e4ngar med dunt\u00e4cken och kuddar, ett litet bord med pallar och mattor p\u00e5 golvet. En annorlunda och mycket bekv\u00e4mare upplevelse \u00e4n att sova i traditionellt friluftst\u00e4lt. Packningen kunde h\u00e5llas minimal \u2013 vi beh\u00f6vde bara kl\u00e4der och utrustning f\u00f6r lunch.<\/p>\n\n\n\n<p>Det g\u00e5r givetvis att bo i eget t\u00e4lt p\u00e5 Bj\u00f6rk\u00f6, men d\u00e5 rekommenderas kontakt med museet om man vill anv\u00e4nda servicehusets faciliteter. En del av \u00f6n \u00e4r naturreservat, men det finns inget t\u00e4ltf\u00f6rbud.<\/p>\n\n\n\n<figure class=\"wp-block-image size-large\"><img loading=\"lazy\" decoding=\"async\" width=\"1024\" height=\"768\" src=\"https:\/\/e5gp8rwuod7.exactdn.com\/vasteras\/wp-content\/uploads\/sites\/4\/2025\/10\/2025-08-29-20.07.12-1024x768.jpg?strip=all&lossy=1&ssl=1\" alt=\"glamping p\u00e5 Birka\" class=\"wp-image-81388\" srcset=\"https:\/\/e5gp8rwuod7.exactdn.com\/vasteras\/wp-content\/uploads\/sites\/4\/2025\/10\/2025-08-29-20.07.12-1024x768.jpg?strip=all&amp;lossy=1&amp;ssl=1 1024w, https:\/\/e5gp8rwuod7.exactdn.com\/vasteras\/wp-content\/uploads\/sites\/4\/2025\/10\/2025-08-29-20.07.12-300x225.jpg?strip=all&amp;lossy=1&amp;ssl=1 300w, https:\/\/e5gp8rwuod7.exactdn.com\/vasteras\/wp-content\/uploads\/sites\/4\/2025\/10\/2025-08-29-20.07.12-768x576.jpg?strip=all&amp;lossy=1&amp;ssl=1 768w, https:\/\/e5gp8rwuod7.exactdn.com\/vasteras\/wp-content\/uploads\/sites\/4\/2025\/10\/2025-08-29-20.07.12-1536x1152.jpg?strip=all&amp;lossy=1&amp;ssl=1 1536w, https:\/\/e5gp8rwuod7.exactdn.com\/vasteras\/wp-content\/uploads\/sites\/4\/2025\/10\/2025-08-29-20.07.12-2048x1536.jpg?strip=all&amp;lossy=1&amp;ssl=1 2048w, https:\/\/e5gp8rwuod7.exactdn.com\/vasteras\/wp-content\/uploads\/sites\/4\/2025\/10\/2025-08-29-20.07.12-469x352.jpg?strip=all&amp;lossy=1&amp;ssl=1 469w, https:\/\/e5gp8rwuod7.exactdn.com\/vasteras\/wp-content\/uploads\/sites\/4\/2025\/10\/2025-08-29-20.07.12-320x240.jpg?strip=all&amp;lossy=1&amp;ssl=1 320w, https:\/\/e5gp8rwuod7.exactdn.com\/vasteras\/wp-content\/uploads\/sites\/4\/2025\/10\/2025-08-29-20.07.12-1920x1440.jpg?strip=all&amp;lossy=1&amp;ssl=1 1920w, https:\/\/e5gp8rwuod7.exactdn.com\/vasteras\/wp-content\/uploads\/sites\/4\/2025\/10\/2025-08-29-20.07.12-600x450.jpg?strip=all&amp;lossy=1&amp;ssl=1 600w, https:\/\/e5gp8rwuod7.exactdn.com\/vasteras\/wp-content\/uploads\/sites\/4\/2025\/10\/2025-08-29-20.07.12.jpg?strip=all&amp;lossy=1&amp;w=384&amp;ssl=1 384w, https:\/\/e5gp8rwuod7.exactdn.com\/vasteras\/wp-content\/uploads\/sites\/4\/2025\/10\/2025-08-29-20.07.12.jpg?strip=all&amp;lossy=1&amp;w=1152&amp;ssl=1 1152w\" sizes=\"auto, (max-width: 1024px) 100vw, 1024px\" \/><\/figure>\n\n\n\n<h3 class=\"wp-block-heading\"><strong>Middag och vila<\/strong><\/h3>\n\n\n\n<p>P\u00e5 kv\u00e4llen \u00e5t vi middag p\u00e5 restaurang S\u00e4rimner, vikingakrogen p\u00e5 \u00f6n. Maten och inredningen var rustik och vikingainspirerad, och eftersom vi bara var tv\u00e5 f\u00f6rbokade s\u00e4llskap k\u00e4ndes det mycket personligt. Efter middagen blev det en god natts s\u00f6mn i mjuka s\u00e4ngar, f\u00f6ljt av frukost levererad i korg vid t\u00e4ltet \u2013 en perfekt start p\u00e5 n\u00e4sta dag.<\/p>\n\n\n\n<h3 class=\"wp-block-heading\"><strong>Sev\u00e4rdheter p\u00e5 Birka<\/strong><\/h3>\n\n\n\n<p>Efter frukost promenerade vi runt \u00f6n och bes\u00f6kte \u201cSvarta jorden\u201d d\u00e4r vikingastaden en g\u00e5ng l\u00e5g, f\u00f6rsvarsborgen p\u00e5 toppen av \u00f6n och de rekonstruerade byggnaderna i Birkas vikingaby. F\u00f6r historieintresserade \u00e4r detta ett m\u00e5ste \u2013 fr\u00e5n toppen f\u00e5r man fantastisk utsikt \u00f6ver de \u00f6ppna f\u00e4lten och informationsskyltarna ber\u00e4ttar om utgr\u00e4vningar och fynd.<\/p>\n\n\n\n<p>Museet p\u00e5 Birka \u00e4r litet men intressant, med fokus p\u00e5 stadens historia och vikingatidens liv. De flesta autentiska f\u00f6rem\u00e5len fr\u00e5n utrgr\u00e4vningarna finns p\u00e5 andra museer, men replikor och informationsskyltar ger \u00e4nd\u00e5 en god inblick i hur livet var f\u00f6rr. Annars var museibutiken v\u00e4lfylld med vikingainspirerade produkter och v\u00e4rt ett bes\u00f6k bara den.<\/p>\n\n\n\n<figure class=\"wp-block-gallery has-nested-images columns-default is-cropped wp-block-gallery-1 is-layout-flex wp-block-gallery-is-layout-flex\">\n<figure class=\"wp-block-image size-large\"><img loading=\"lazy\" decoding=\"async\" width=\"1024\" height=\"768\" data-id=\"81387\" src=\"https:\/\/e5gp8rwuod7.exactdn.com\/vasteras\/wp-content\/uploads\/sites\/4\/2025\/10\/2025-08-29-17.56.06-1024x768.jpg?strip=all&lossy=1&ssl=1\" alt=\"\" class=\"wp-image-81387\" srcset=\"https:\/\/e5gp8rwuod7.exactdn.com\/vasteras\/wp-content\/uploads\/sites\/4\/2025\/10\/2025-08-29-17.56.06-1024x768.jpg?strip=all&amp;lossy=1&amp;ssl=1 1024w, https:\/\/e5gp8rwuod7.exactdn.com\/vasteras\/wp-content\/uploads\/sites\/4\/2025\/10\/2025-08-29-17.56.06-300x225.jpg?strip=all&amp;lossy=1&amp;ssl=1 300w, https:\/\/e5gp8rwuod7.exactdn.com\/vasteras\/wp-content\/uploads\/sites\/4\/2025\/10\/2025-08-29-17.56.06-768x576.jpg?strip=all&amp;lossy=1&amp;ssl=1 768w, https:\/\/e5gp8rwuod7.exactdn.com\/vasteras\/wp-content\/uploads\/sites\/4\/2025\/10\/2025-08-29-17.56.06-1536x1152.jpg?strip=all&amp;lossy=1&amp;ssl=1 1536w, https:\/\/e5gp8rwuod7.exactdn.com\/vasteras\/wp-content\/uploads\/sites\/4\/2025\/10\/2025-08-29-17.56.06-2048x1536.jpg?strip=all&amp;lossy=1&amp;ssl=1 2048w, https:\/\/e5gp8rwuod7.exactdn.com\/vasteras\/wp-content\/uploads\/sites\/4\/2025\/10\/2025-08-29-17.56.06-469x352.jpg?strip=all&amp;lossy=1&amp;ssl=1 469w, https:\/\/e5gp8rwuod7.exactdn.com\/vasteras\/wp-content\/uploads\/sites\/4\/2025\/10\/2025-08-29-17.56.06-320x240.jpg?strip=all&amp;lossy=1&amp;ssl=1 320w, https:\/\/e5gp8rwuod7.exactdn.com\/vasteras\/wp-content\/uploads\/sites\/4\/2025\/10\/2025-08-29-17.56.06-1920x1440.jpg?strip=all&amp;lossy=1&amp;ssl=1 1920w, https:\/\/e5gp8rwuod7.exactdn.com\/vasteras\/wp-content\/uploads\/sites\/4\/2025\/10\/2025-08-29-17.56.06-600x450.jpg?strip=all&amp;lossy=1&amp;ssl=1 600w, https:\/\/e5gp8rwuod7.exactdn.com\/vasteras\/wp-content\/uploads\/sites\/4\/2025\/10\/2025-08-29-17.56.06.jpg?strip=all&amp;lossy=1&amp;w=384&amp;ssl=1 384w, https:\/\/e5gp8rwuod7.exactdn.com\/vasteras\/wp-content\/uploads\/sites\/4\/2025\/10\/2025-08-29-17.56.06.jpg?strip=all&amp;lossy=1&amp;w=1152&amp;ssl=1 1152w\" sizes=\"auto, (max-width: 1024px) 100vw, 1024px\" \/><\/figure>\n\n\n\n<figure class=\"wp-block-image size-large\"><img loading=\"lazy\" decoding=\"async\" width=\"1024\" height=\"768\" data-id=\"81389\" src=\"https:\/\/e5gp8rwuod7.exactdn.com\/vasteras\/wp-content\/uploads\/sites\/4\/2025\/10\/2025-08-30-09.44.37-1024x768.jpg?strip=all&lossy=1&ssl=1\" alt=\"\" class=\"wp-image-81389\" srcset=\"https:\/\/e5gp8rwuod7.exactdn.com\/vasteras\/wp-content\/uploads\/sites\/4\/2025\/10\/2025-08-30-09.44.37-1024x768.jpg?strip=all&amp;lossy=1&amp;ssl=1 1024w, https:\/\/e5gp8rwuod7.exactdn.com\/vasteras\/wp-content\/uploads\/sites\/4\/2025\/10\/2025-08-30-09.44.37-300x225.jpg?strip=all&amp;lossy=1&amp;ssl=1 300w, https:\/\/e5gp8rwuod7.exactdn.com\/vasteras\/wp-content\/uploads\/sites\/4\/2025\/10\/2025-08-30-09.44.37-768x576.jpg?strip=all&amp;lossy=1&amp;ssl=1 768w, https:\/\/e5gp8rwuod7.exactdn.com\/vasteras\/wp-content\/uploads\/sites\/4\/2025\/10\/2025-08-30-09.44.37-1536x1152.jpg?strip=all&amp;lossy=1&amp;ssl=1 1536w, https:\/\/e5gp8rwuod7.exactdn.com\/vasteras\/wp-content\/uploads\/sites\/4\/2025\/10\/2025-08-30-09.44.37-2048x1536.jpg?strip=all&amp;lossy=1&amp;ssl=1 2048w, https:\/\/e5gp8rwuod7.exactdn.com\/vasteras\/wp-content\/uploads\/sites\/4\/2025\/10\/2025-08-30-09.44.37-469x352.jpg?strip=all&amp;lossy=1&amp;ssl=1 469w, https:\/\/e5gp8rwuod7.exactdn.com\/vasteras\/wp-content\/uploads\/sites\/4\/2025\/10\/2025-08-30-09.44.37-320x240.jpg?strip=all&amp;lossy=1&amp;ssl=1 320w, https:\/\/e5gp8rwuod7.exactdn.com\/vasteras\/wp-content\/uploads\/sites\/4\/2025\/10\/2025-08-30-09.44.37-1920x1440.jpg?strip=all&amp;lossy=1&amp;ssl=1 1920w, https:\/\/e5gp8rwuod7.exactdn.com\/vasteras\/wp-content\/uploads\/sites\/4\/2025\/10\/2025-08-30-09.44.37-600x450.jpg?strip=all&amp;lossy=1&amp;ssl=1 600w, https:\/\/e5gp8rwuod7.exactdn.com\/vasteras\/wp-content\/uploads\/sites\/4\/2025\/10\/2025-08-30-09.44.37.jpg?strip=all&amp;lossy=1&amp;w=384&amp;ssl=1 384w, https:\/\/e5gp8rwuod7.exactdn.com\/vasteras\/wp-content\/uploads\/sites\/4\/2025\/10\/2025-08-30-09.44.37.jpg?strip=all&amp;lossy=1&amp;w=1152&amp;ssl=1 1152w\" sizes=\"auto, (max-width: 1024px) 100vw, 1024px\" \/><\/figure>\n\n\n\n<figure class=\"wp-block-image size-large\"><img loading=\"lazy\" decoding=\"async\" width=\"1024\" height=\"768\" data-id=\"81390\" src=\"https:\/\/e5gp8rwuod7.exactdn.com\/vasteras\/wp-content\/uploads\/sites\/4\/2025\/10\/2025-08-30-11.06.02-1024x768.jpg?strip=all&lossy=1&ssl=1\" alt=\"\" class=\"wp-image-81390\" srcset=\"https:\/\/e5gp8rwuod7.exactdn.com\/vasteras\/wp-content\/uploads\/sites\/4\/2025\/10\/2025-08-30-11.06.02-1024x768.jpg?strip=all&amp;lossy=1&amp;ssl=1 1024w, https:\/\/e5gp8rwuod7.exactdn.com\/vasteras\/wp-content\/uploads\/sites\/4\/2025\/10\/2025-08-30-11.06.02-300x225.jpg?strip=all&amp;lossy=1&amp;ssl=1 300w, https:\/\/e5gp8rwuod7.exactdn.com\/vasteras\/wp-content\/uploads\/sites\/4\/2025\/10\/2025-08-30-11.06.02-768x576.jpg?strip=all&amp;lossy=1&amp;ssl=1 768w, https:\/\/e5gp8rwuod7.exactdn.com\/vasteras\/wp-content\/uploads\/sites\/4\/2025\/10\/2025-08-30-11.06.02-1536x1152.jpg?strip=all&amp;lossy=1&amp;ssl=1 1536w, https:\/\/e5gp8rwuod7.exactdn.com\/vasteras\/wp-content\/uploads\/sites\/4\/2025\/10\/2025-08-30-11.06.02-2048x1536.jpg?strip=all&amp;lossy=1&amp;ssl=1 2048w, https:\/\/e5gp8rwuod7.exactdn.com\/vasteras\/wp-content\/uploads\/sites\/4\/2025\/10\/2025-08-30-11.06.02-469x352.jpg?strip=all&amp;lossy=1&amp;ssl=1 469w, https:\/\/e5gp8rwuod7.exactdn.com\/vasteras\/wp-content\/uploads\/sites\/4\/2025\/10\/2025-08-30-11.06.02-320x240.jpg?strip=all&amp;lossy=1&amp;ssl=1 320w, https:\/\/e5gp8rwuod7.exactdn.com\/vasteras\/wp-content\/uploads\/sites\/4\/2025\/10\/2025-08-30-11.06.02-1920x1440.jpg?strip=all&amp;lossy=1&amp;ssl=1 1920w, https:\/\/e5gp8rwuod7.exactdn.com\/vasteras\/wp-content\/uploads\/sites\/4\/2025\/10\/2025-08-30-11.06.02-600x450.jpg?strip=all&amp;lossy=1&amp;ssl=1 600w, https:\/\/e5gp8rwuod7.exactdn.com\/vasteras\/wp-content\/uploads\/sites\/4\/2025\/10\/2025-08-30-11.06.02.jpg?strip=all&amp;lossy=1&amp;w=384&amp;ssl=1 384w, https:\/\/e5gp8rwuod7.exactdn.com\/vasteras\/wp-content\/uploads\/sites\/4\/2025\/10\/2025-08-30-11.06.02.jpg?strip=all&amp;lossy=1&amp;w=1152&amp;ssl=1 1152w\" sizes=\"auto, (max-width: 1024px) 100vw, 1024px\" \/><\/figure>\n\n\n\n<figure class=\"wp-block-image size-large\"><img loading=\"lazy\" decoding=\"async\" width=\"1024\" height=\"768\" data-id=\"81386\" src=\"https:\/\/e5gp8rwuod7.exactdn.com\/vasteras\/wp-content\/uploads\/sites\/4\/2025\/10\/2025-08-29-16.55.30-1024x768.jpg?strip=all&lossy=1&ssl=1\" alt=\"\" class=\"wp-image-81386\" srcset=\"https:\/\/e5gp8rwuod7.exactdn.com\/vasteras\/wp-content\/uploads\/sites\/4\/2025\/10\/2025-08-29-16.55.30-1024x768.jpg?strip=all&amp;lossy=1&amp;ssl=1 1024w, https:\/\/e5gp8rwuod7.exactdn.com\/vasteras\/wp-content\/uploads\/sites\/4\/2025\/10\/2025-08-29-16.55.30-300x225.jpg?strip=all&amp;lossy=1&amp;ssl=1 300w, https:\/\/e5gp8rwuod7.exactdn.com\/vasteras\/wp-content\/uploads\/sites\/4\/2025\/10\/2025-08-29-16.55.30-768x576.jpg?strip=all&amp;lossy=1&amp;ssl=1 768w, https:\/\/e5gp8rwuod7.exactdn.com\/vasteras\/wp-content\/uploads\/sites\/4\/2025\/10\/2025-08-29-16.55.30-1536x1152.jpg?strip=all&amp;lossy=1&amp;ssl=1 1536w, https:\/\/e5gp8rwuod7.exactdn.com\/vasteras\/wp-content\/uploads\/sites\/4\/2025\/10\/2025-08-29-16.55.30-2048x1536.jpg?strip=all&amp;lossy=1&amp;ssl=1 2048w, https:\/\/e5gp8rwuod7.exactdn.com\/vasteras\/wp-content\/uploads\/sites\/4\/2025\/10\/2025-08-29-16.55.30-469x352.jpg?strip=all&amp;lossy=1&amp;ssl=1 469w, https:\/\/e5gp8rwuod7.exactdn.com\/vasteras\/wp-content\/uploads\/sites\/4\/2025\/10\/2025-08-29-16.55.30-320x240.jpg?strip=all&amp;lossy=1&amp;ssl=1 320w, https:\/\/e5gp8rwuod7.exactdn.com\/vasteras\/wp-content\/uploads\/sites\/4\/2025\/10\/2025-08-29-16.55.30-1920x1440.jpg?strip=all&amp;lossy=1&amp;ssl=1 1920w, https:\/\/e5gp8rwuod7.exactdn.com\/vasteras\/wp-content\/uploads\/sites\/4\/2025\/10\/2025-08-29-16.55.30-600x450.jpg?strip=all&amp;lossy=1&amp;ssl=1 600w, https:\/\/e5gp8rwuod7.exactdn.com\/vasteras\/wp-content\/uploads\/sites\/4\/2025\/10\/2025-08-29-16.55.30.jpg?strip=all&amp;lossy=1&amp;w=384&amp;ssl=1 384w, https:\/\/e5gp8rwuod7.exactdn.com\/vasteras\/wp-content\/uploads\/sites\/4\/2025\/10\/2025-08-29-16.55.30.jpg?strip=all&amp;lossy=1&amp;w=1152&amp;ssl=1 1152w\" sizes=\"auto, (max-width: 1024px) 100vw, 1024px\" \/><\/figure>\n<\/figure>\n\n\n\n<h3 class=\"wp-block-heading\"><strong>Hemf\u00e4rd<\/strong><\/h3>\n\n\n\n<p>P\u00e5 hemv\u00e4gen paddlade vi samma str\u00e4cka tillbaka, med lunchstopp p\u00e5 Adels\u00f6 och ett bes\u00f6k vid kyrkan fr\u00e5n 1100-talet d\u00e4r Hovg\u00e5rden en g\u00e5ng l\u00e5g. Det \u00e4r ocks\u00e5 ett Unesco-v\u00e4rldsarv och det var d\u00e4r kungen som grundade Birka en g\u00e5ng bodde.<\/p>\n\n\n\n<h3 class=\"wp-block-heading\"><strong>Sammanfattning<\/strong><\/h3>\n\n\n\n<p>Birka \u00e4r ett fantastiskt m\u00e5l f\u00f6r paddling och historiska upplevelser. Turen dit \u00e4r inte den mest natursk\u00f6na, och paddlingen kan vara utmanande, men bel\u00f6ningen \u00e4r stor. Historien, glampingt\u00e4lten och naturen p\u00e5 Bj\u00f6rk\u00f6 g\u00f6r det till en upplevelse jag varmt kan rekommendera, s\u00e4rskilt f\u00f6r den som vill kombinera paddling med kultur.<\/p>\n\n\n\n<p>Under h\u00f6gs\u00e4song n\u00e4r vikingabyn lever upp med dramatiserade vandringar \u00e4r upplevelsen \u00e4nnu st\u00f6rre, men d\u00e5 \u00e4r det ocks\u00e5 fler bes\u00f6kare och mindre lugn \u00e4n vad vi hade.<\/p>\n\n\n\n<p>Om du hyr kajak hos oss \u00e4r det till\u00e5tet att transportera kajaken med bil f\u00f6r att paddla p\u00e5 annan plats. Du beh\u00f6ver egna lasth\u00e5llare\/takr\u00e4cken men fr\u00e5n oss f\u00e5r du l\u00e5na skumblock som kajaken ligger p\u00e5 samt sp\u00e4nnband f\u00f6r att sp\u00e4nna fast den. Du f\u00e5r sj\u00e4lvklart hj\u00e4lp att lasta den ocks\u00e5 s\u00e5 att den blir lastad och fastsp\u00e4nd p\u00e5 r\u00e4tt s\u00e4tt.<\/p>\n","protected":false},"excerpt":{"rendered":"<p>En historisk paddeltur till Sveriges f\u00f6rsta stad Startpunkt: Bro, strax utanf\u00f6r StockholmDistans: cirka 19\u201320 km enkel v\u00e4gSv\u00e5righetsgrad: Medel\/avancerad \u2013 erfaren paddlare rekommenderasTids\u00e5tg\u00e5ng: 4\u20136 timmar enkel v\u00e4g, inklusive pausFaciliteter: servicehus med [&hellip;]<\/p>\n","protected":false},"author":83,"featured_media":81383,"comment_status":"closed","ping_status":"open","sticky":false,"template":"","format":"standard","meta":{"_acf_changed":false,"footnotes":""},"categories":[1234,1235],"tags":[1388,1389,1390,237,226,1392,1391],"class_list":["post-81382","post","type-post","status-publish","format-standard","has-post-thumbnail","hentry","category-utflyktstips","category-havskajak","tag-birka","tag-birka-vikingastaden","tag-bjorko","tag-malaren","tag-paddla-kajak","tag-paddla-till-birka","tag-vikingar"],"acf":[],"yoast_head":"<!-- This site is optimized with the Yoast SEO plugin v23.0 - https:\/\/yoast.com\/wordpress\/plugins\/seo\/ -->\n<title>Paddeltur till Birka p\u00e5 Bj\u00f6rk\u00f6 - V\u00e4ster\u00e5s<\/title>\n<meta name=\"robots\" content=\"index, follow, max-snippet:-1, max-image-preview:large, max-video-preview:-1\" \/>\n<link rel=\"canonical\" href=\"https:\/\/aktivtuteliv.se\/vasteras\/paddeltur-till-birka-pa-bjorko\/\" \/>\n<meta property=\"og:locale\" content=\"sv_SE\" \/>\n<meta property=\"og:type\" content=\"article\" \/>\n<meta property=\"og:title\" content=\"Paddeltur till Birka p\u00e5 Bj\u00f6rk\u00f6 - V\u00e4ster\u00e5s\" \/>\n<meta property=\"og:description\" content=\"En historisk paddeltur till Sveriges f\u00f6rsta stad Startpunkt: Bro, strax utanf\u00f6r StockholmDistans: cirka 19\u201320 km enkel v\u00e4gSv\u00e5righetsgrad: Medel\/avancerad \u2013 erfaren paddlare rekommenderasTids\u00e5tg\u00e5ng: 4\u20136 timmar enkel v\u00e4g, inklusive pausFaciliteter: servicehus med [&hellip;]\" \/>\n<meta property=\"og:url\" content=\"https:\/\/aktivtuteliv.se\/vasteras\/paddeltur-till-birka-pa-bjorko\/\" \/>\n<meta property=\"og:site_name\" content=\"V\u00e4ster\u00e5s\" \/>\n<meta property=\"article:publisher\" content=\"https:\/\/www.facebook.com\/aktivtutelivbjornogarden\" \/>\n<meta property=\"article:published_time\" content=\"2025-10-08T11:37:45+00:00\" \/>\n<meta property=\"article:modified_time\" content=\"2025-10-09T06:46:50+00:00\" \/>\n<meta property=\"og:image\" content=\"https:\/\/aktivtuteliv.se\/vasteras\/wp-content\/uploads\/sites\/4\/2025\/10\/2025-08-29-17.22.37.jpg\" \/>\n\t<meta property=\"og:image:width\" content=\"2560\" \/>\n\t<meta property=\"og:image:height\" content=\"1920\" \/>\n\t<meta property=\"og:image:type\" content=\"image\/jpeg\" \/>\n<meta name=\"author\" content=\"perfredin\" \/>\n<meta name=\"twitter:card\" content=\"summary_large_image\" \/>\n<meta name=\"twitter:creator\" content=\"@aktivtuteliv\" \/>\n<meta name=\"twitter:site\" content=\"@aktivtuteliv\" \/>\n<meta name=\"twitter:label1\" content=\"Skriven av\" \/>\n\t<meta name=\"twitter:data1\" content=\"perfredin\" \/>\n\t<meta name=\"twitter:label2\" content=\"Ber\u00e4knad l\u00e4stid\" \/>\n\t<meta name=\"twitter:data2\" content=\"7 minuter\" \/>\n<script type=\"application\/ld+json\" class=\"yoast-schema-graph\">{\"@context\":\"https:\/\/schema.org\",\"@graph\":[{\"@type\":\"Article\",\"@id\":\"https:\/\/aktivtuteliv.se\/vasteras\/paddeltur-till-birka-pa-bjorko\/#article\",\"isPartOf\":{\"@id\":\"https:\/\/aktivtuteliv.se\/vasteras\/paddeltur-till-birka-pa-bjorko\/\"},\"author\":{\"name\":\"perfredin\",\"@id\":\"https:\/\/aktivtuteliv.se\/vasteras\/#\/schema\/person\/5a0d78c114b11725bc522ef122bf00fc\"},\"headline\":\"Paddeltur till Birka p\u00e5 Bj\u00f6rk\u00f6\",\"datePublished\":\"2025-10-08T11:37:45+00:00\",\"dateModified\":\"2025-10-09T06:46:50+00:00\",\"mainEntityOfPage\":{\"@id\":\"https:\/\/aktivtuteliv.se\/vasteras\/paddeltur-till-birka-pa-bjorko\/\"},\"wordCount\":1211,\"publisher\":{\"@id\":\"https:\/\/aktivtuteliv.se\/vasteras\/#organization\"},\"image\":{\"@id\":\"https:\/\/aktivtuteliv.se\/vasteras\/paddeltur-till-birka-pa-bjorko\/#primaryimage\"},\"thumbnailUrl\":\"https:\/\/e5gp8rwuod7.exactdn.com\/vasteras\/wp-content\/uploads\/sites\/4\/2025\/10\/2025-08-29-17.22.37.jpg?strip=all&lossy=1&ssl=1\",\"keywords\":[\"Birka\",\"birka vikingastaden\",\"bj\u00f6rk\u00f6\",\"m\u00e4laren\",\"paddla kajak\",\"paddla till birka\",\"vikingar\"],\"articleSection\":[\"5. Tur- och utflyktstips\",\"Havskajak\"],\"inLanguage\":\"sv-SE\"},{\"@type\":\"WebPage\",\"@id\":\"https:\/\/aktivtuteliv.se\/vasteras\/paddeltur-till-birka-pa-bjorko\/\",\"url\":\"https:\/\/aktivtuteliv.se\/vasteras\/paddeltur-till-birka-pa-bjorko\/\",\"name\":\"Paddeltur till Birka p\u00e5 Bj\u00f6rk\u00f6 - V\u00e4ster\u00e5s\",\"isPartOf\":{\"@id\":\"https:\/\/aktivtuteliv.se\/vasteras\/#website\"},\"primaryImageOfPage\":{\"@id\":\"https:\/\/aktivtuteliv.se\/vasteras\/paddeltur-till-birka-pa-bjorko\/#primaryimage\"},\"image\":{\"@id\":\"https:\/\/aktivtuteliv.se\/vasteras\/paddeltur-till-birka-pa-bjorko\/#primaryimage\"},\"thumbnailUrl\":\"https:\/\/e5gp8rwuod7.exactdn.com\/vasteras\/wp-content\/uploads\/sites\/4\/2025\/10\/2025-08-29-17.22.37.jpg?strip=all&lossy=1&ssl=1\",\"datePublished\":\"2025-10-08T11:37:45+00:00\",\"dateModified\":\"2025-10-09T06:46:50+00:00\",\"breadcrumb\":{\"@id\":\"https:\/\/aktivtuteliv.se\/vasteras\/paddeltur-till-birka-pa-bjorko\/#breadcrumb\"},\"inLanguage\":\"sv-SE\",\"potentialAction\":[{\"@type\":\"ReadAction\",\"target\":[\"https:\/\/aktivtuteliv.se\/vasteras\/paddeltur-till-birka-pa-bjorko\/\"]}]},{\"@type\":\"ImageObject\",\"inLanguage\":\"sv-SE\",\"@id\":\"https:\/\/aktivtuteliv.se\/vasteras\/paddeltur-till-birka-pa-bjorko\/#primaryimage\",\"url\":\"https:\/\/e5gp8rwuod7.exactdn.com\/vasteras\/wp-content\/uploads\/sites\/4\/2025\/10\/2025-08-29-17.22.37.jpg?strip=all&lossy=1&ssl=1\",\"contentUrl\":\"https:\/\/e5gp8rwuod7.exactdn.com\/vasteras\/wp-content\/uploads\/sites\/4\/2025\/10\/2025-08-29-17.22.37.jpg?strip=all&lossy=1&ssl=1\",\"width\":2560,\"height\":1920,\"caption\":\"Birka vikingastaden\"},{\"@type\":\"BreadcrumbList\",\"@id\":\"https:\/\/aktivtuteliv.se\/vasteras\/paddeltur-till-birka-pa-bjorko\/#breadcrumb\",\"itemListElement\":[{\"@type\":\"ListItem\",\"position\":1,\"name\":\"Home\",\"item\":\"https:\/\/aktivtuteliv.se\/vasteras\/\"},{\"@type\":\"ListItem\",\"position\":2,\"name\":\"Paddeltur till Birka p\u00e5 Bj\u00f6rk\u00f6\"}]},{\"@type\":\"WebSite\",\"@id\":\"https:\/\/aktivtuteliv.se\/vasteras\/#website\",\"url\":\"https:\/\/aktivtuteliv.se\/vasteras\/\",\"name\":\"Aktivt Uteliv Bj\u00f6rn\u00f6g\u00e5rden\",\"description\":\"Ett friluftscenter i V\u00e4ster\u00e5s\",\"publisher\":{\"@id\":\"https:\/\/aktivtuteliv.se\/vasteras\/#organization\"},\"potentialAction\":[{\"@type\":\"SearchAction\",\"target\":{\"@type\":\"EntryPoint\",\"urlTemplate\":\"https:\/\/aktivtuteliv.se\/vasteras\/?s={search_term_string}\"},\"query-input\":\"required name=search_term_string\"}],\"inLanguage\":\"sv-SE\"},{\"@type\":\"Organization\",\"@id\":\"https:\/\/aktivtuteliv.se\/vasteras\/#organization\",\"name\":\"Aktivt Uteliv Bj\u00f6rn\u00f6g\u00e5rden\",\"url\":\"https:\/\/aktivtuteliv.se\/vasteras\/\",\"logo\":{\"@type\":\"ImageObject\",\"inLanguage\":\"sv-SE\",\"@id\":\"https:\/\/aktivtuteliv.se\/vasteras\/#\/schema\/logo\/image\/\",\"url\":\"https:\/\/e5gp8rwuod7.exactdn.com\/vasteras\/wp-content\/uploads\/sites\/4\/2025\/01\/AUB-pms.png?strip=all&lossy=1&ssl=1\",\"contentUrl\":\"https:\/\/e5gp8rwuod7.exactdn.com\/vasteras\/wp-content\/uploads\/sites\/4\/2025\/01\/AUB-pms.png?strip=all&lossy=1&ssl=1\",\"width\":1894,\"height\":1165,\"caption\":\"Aktivt Uteliv Bj\u00f6rn\u00f6g\u00e5rden\"},\"image\":{\"@id\":\"https:\/\/aktivtuteliv.se\/vasteras\/#\/schema\/logo\/image\/\"},\"sameAs\":[\"https:\/\/www.facebook.com\/aktivtutelivbjornogarden\",\"https:\/\/x.com\/aktivtuteliv\",\"https:\/\/www.instagram.com\/aktivtuteliv_bjornogarden\"]},{\"@type\":\"Person\",\"@id\":\"https:\/\/aktivtuteliv.se\/vasteras\/#\/schema\/person\/5a0d78c114b11725bc522ef122bf00fc\",\"name\":\"perfredin\",\"image\":{\"@type\":\"ImageObject\",\"inLanguage\":\"sv-SE\",\"@id\":\"https:\/\/aktivtuteliv.se\/vasteras\/#\/schema\/person\/image\/\",\"url\":\"https:\/\/secure.gravatar.com\/avatar\/af5dfcbc5c60de90445ac4fc6143ab5e6e5b29e865d803c0ed41f7f05ab2f44e?s=96&d=mm&r=g\",\"contentUrl\":\"https:\/\/secure.gravatar.com\/avatar\/af5dfcbc5c60de90445ac4fc6143ab5e6e5b29e865d803c0ed41f7f05ab2f44e?s=96&d=mm&r=g\",\"caption\":\"perfredin\"},\"url\":\"https:\/\/aktivtuteliv.se\/vasteras\/author\/perfredin\/\"}]}<\/script>\n<!-- \/ Yoast SEO plugin. -->","yoast_head_json":{"title":"Paddeltur till Birka p\u00e5 Bj\u00f6rk\u00f6 - V\u00e4ster\u00e5s","robots":{"index":"index","follow":"follow","max-snippet":"max-snippet:-1","max-image-preview":"max-image-preview:large","max-video-preview":"max-video-preview:-1"},"canonical":"https:\/\/aktivtuteliv.se\/vasteras\/paddeltur-till-birka-pa-bjorko\/","og_locale":"sv_SE","og_type":"article","og_title":"Paddeltur till Birka p\u00e5 Bj\u00f6rk\u00f6 - V\u00e4ster\u00e5s","og_description":"En historisk paddeltur till Sveriges f\u00f6rsta stad Startpunkt: Bro, strax utanf\u00f6r StockholmDistans: cirka 19\u201320 km enkel v\u00e4gSv\u00e5righetsgrad: Medel\/avancerad \u2013 erfaren paddlare rekommenderasTids\u00e5tg\u00e5ng: 4\u20136 timmar enkel v\u00e4g, inklusive pausFaciliteter: servicehus med [&hellip;]","og_url":"https:\/\/aktivtuteliv.se\/vasteras\/paddeltur-till-birka-pa-bjorko\/","og_site_name":"V\u00e4ster\u00e5s","article_publisher":"https:\/\/www.facebook.com\/aktivtutelivbjornogarden","article_published_time":"2025-10-08T11:37:45+00:00","article_modified_time":"2025-10-09T06:46:50+00:00","og_image":[{"width":2560,"height":1920,"url":"https:\/\/aktivtuteliv.se\/vasteras\/wp-content\/uploads\/sites\/4\/2025\/10\/2025-08-29-17.22.37.jpg","type":"image\/jpeg"}],"author":"perfredin","twitter_card":"summary_large_image","twitter_creator":"@aktivtuteliv","twitter_site":"@aktivtuteliv","twitter_misc":{"Skriven av":"perfredin","Ber\u00e4knad l\u00e4stid":"7 minuter"},"schema":{"@context":"https:\/\/schema.org","@graph":[{"@type":"Article","@id":"https:\/\/aktivtuteliv.se\/vasteras\/paddeltur-till-birka-pa-bjorko\/#article","isPartOf":{"@id":"https:\/\/aktivtuteliv.se\/vasteras\/paddeltur-till-birka-pa-bjorko\/"},"author":{"name":"perfredin","@id":"https:\/\/aktivtuteliv.se\/vasteras\/#\/schema\/person\/5a0d78c114b11725bc522ef122bf00fc"},"headline":"Paddeltur till Birka p\u00e5 Bj\u00f6rk\u00f6","datePublished":"2025-10-08T11:37:45+00:00","dateModified":"2025-10-09T06:46:50+00:00","mainEntityOfPage":{"@id":"https:\/\/aktivtuteliv.se\/vasteras\/paddeltur-till-birka-pa-bjorko\/"},"wordCount":1211,"publisher":{"@id":"https:\/\/aktivtuteliv.se\/vasteras\/#organization"},"image":{"@id":"https:\/\/aktivtuteliv.se\/vasteras\/paddeltur-till-birka-pa-bjorko\/#primaryimage"},"thumbnailUrl":"https:\/\/e5gp8rwuod7.exactdn.com\/vasteras\/wp-content\/uploads\/sites\/4\/2025\/10\/2025-08-29-17.22.37.jpg?strip=all&lossy=1&ssl=1","keywords":["Birka","birka vikingastaden","bj\u00f6rk\u00f6","m\u00e4laren","paddla kajak","paddla till birka","vikingar"],"articleSection":["5. Tur- och utflyktstips","Havskajak"],"inLanguage":"sv-SE"},{"@type":"WebPage","@id":"https:\/\/aktivtuteliv.se\/vasteras\/paddeltur-till-birka-pa-bjorko\/","url":"https:\/\/aktivtuteliv.se\/vasteras\/paddeltur-till-birka-pa-bjorko\/","name":"Paddeltur till Birka p\u00e5 Bj\u00f6rk\u00f6 - V\u00e4ster\u00e5s","isPartOf":{"@id":"https:\/\/aktivtuteliv.se\/vasteras\/#website"},"primaryImageOfPage":{"@id":"https:\/\/aktivtuteliv.se\/vasteras\/paddeltur-till-birka-pa-bjorko\/#primaryimage"},"image":{"@id":"https:\/\/aktivtuteliv.se\/vasteras\/paddeltur-till-birka-pa-bjorko\/#primaryimage"},"thumbnailUrl":"https:\/\/e5gp8rwuod7.exactdn.com\/vasteras\/wp-content\/uploads\/sites\/4\/2025\/10\/2025-08-29-17.22.37.jpg?strip=all&lossy=1&ssl=1","datePublished":"2025-10-08T11:37:45+00:00","dateModified":"2025-10-09T06:46:50+00:00","breadcrumb":{"@id":"https:\/\/aktivtuteliv.se\/vasteras\/paddeltur-till-birka-pa-bjorko\/#breadcrumb"},"inLanguage":"sv-SE","potentialAction":[{"@type":"ReadAction","target":["https:\/\/aktivtuteliv.se\/vasteras\/paddeltur-till-birka-pa-bjorko\/"]}]},{"@type":"ImageObject","inLanguage":"sv-SE","@id":"https:\/\/aktivtuteliv.se\/vasteras\/paddeltur-till-birka-pa-bjorko\/#primaryimage","url":"https:\/\/e5gp8rwuod7.exactdn.com\/vasteras\/wp-content\/uploads\/sites\/4\/2025\/10\/2025-08-29-17.22.37.jpg?strip=all&lossy=1&ssl=1","contentUrl":"https:\/\/e5gp8rwuod7.exactdn.com\/vasteras\/wp-content\/uploads\/sites\/4\/2025\/10\/2025-08-29-17.22.37.jpg?strip=all&lossy=1&ssl=1","width":2560,"height":1920,"caption":"Birka vikingastaden"},{"@type":"BreadcrumbList","@id":"https:\/\/aktivtuteliv.se\/vasteras\/paddeltur-till-birka-pa-bjorko\/#breadcrumb","itemListElement":[{"@type":"ListItem","position":1,"name":"Home","item":"https:\/\/aktivtuteliv.se\/vasteras\/"},{"@type":"ListItem","position":2,"name":"Paddeltur till Birka p\u00e5 Bj\u00f6rk\u00f6"}]},{"@type":"WebSite","@id":"https:\/\/aktivtuteliv.se\/vasteras\/#website","url":"https:\/\/aktivtuteliv.se\/vasteras\/","name":"Aktivt Uteliv Bj\u00f6rn\u00f6g\u00e5rden","description":"Ett friluftscenter i V\u00e4ster\u00e5s","publisher":{"@id":"https:\/\/aktivtuteliv.se\/vasteras\/#organization"},"potentialAction":[{"@type":"SearchAction","target":{"@type":"EntryPoint","urlTemplate":"https:\/\/aktivtuteliv.se\/vasteras\/?s={search_term_string}"},"query-input":"required name=search_term_string"}],"inLanguage":"sv-SE"},{"@type":"Organization","@id":"https:\/\/aktivtuteliv.se\/vasteras\/#organization","name":"Aktivt Uteliv Bj\u00f6rn\u00f6g\u00e5rden","url":"https:\/\/aktivtuteliv.se\/vasteras\/","logo":{"@type":"ImageObject","inLanguage":"sv-SE","@id":"https:\/\/aktivtuteliv.se\/vasteras\/#\/schema\/logo\/image\/","url":"https:\/\/e5gp8rwuod7.exactdn.com\/vasteras\/wp-content\/uploads\/sites\/4\/2025\/01\/AUB-pms.png?strip=all&lossy=1&ssl=1","contentUrl":"https:\/\/e5gp8rwuod7.exactdn.com\/vasteras\/wp-content\/uploads\/sites\/4\/2025\/01\/AUB-pms.png?strip=all&lossy=1&ssl=1","width":1894,"height":1165,"caption":"Aktivt Uteliv Bj\u00f6rn\u00f6g\u00e5rden"},"image":{"@id":"https:\/\/aktivtuteliv.se\/vasteras\/#\/schema\/logo\/image\/"},"sameAs":["https:\/\/www.facebook.com\/aktivtutelivbjornogarden","https:\/\/x.com\/aktivtuteliv","https:\/\/www.instagram.com\/aktivtuteliv_bjornogarden"]},{"@type":"Person","@id":"https:\/\/aktivtuteliv.se\/vasteras\/#\/schema\/person\/5a0d78c114b11725bc522ef122bf00fc","name":"perfredin","image":{"@type":"ImageObject","inLanguage":"sv-SE","@id":"https:\/\/aktivtuteliv.se\/vasteras\/#\/schema\/person\/image\/","url":"https:\/\/secure.gravatar.com\/avatar\/af5dfcbc5c60de90445ac4fc6143ab5e6e5b29e865d803c0ed41f7f05ab2f44e?s=96&d=mm&r=g","contentUrl":"https:\/\/secure.gravatar.com\/avatar\/af5dfcbc5c60de90445ac4fc6143ab5e6e5b29e865d803c0ed41f7f05ab2f44e?s=96&d=mm&r=g","caption":"perfredin"},"url":"https:\/\/aktivtuteliv.se\/vasteras\/author\/perfredin\/"}]}},"_links":{"self":[{"href":"https:\/\/aktivtuteliv.se\/vasteras\/wp-json\/wp\/v2\/posts\/81382","targetHints":{"allow":["GET"]}}],"collection":[{"href":"https:\/\/aktivtuteliv.se\/vasteras\/wp-json\/wp\/v2\/posts"}],"about":[{"href":"https:\/\/aktivtuteliv.se\/vasteras\/wp-json\/wp\/v2\/types\/post"}],"author":[{"embeddable":true,"href":"https:\/\/aktivtuteliv.se\/vasteras\/wp-json\/wp\/v2\/users\/83"}],"replies":[{"embeddable":true,"href":"https:\/\/aktivtuteliv.se\/vasteras\/wp-json\/wp\/v2\/comments?post=81382"}],"version-history":[{"count":0,"href":"https:\/\/aktivtuteliv.se\/vasteras\/wp-json\/wp\/v2\/posts\/81382\/revisions"}],"wp:featuredmedia":[{"embeddable":true,"href":"https:\/\/aktivtuteliv.se\/vasteras\/wp-json\/wp\/v2\/media\/81383"}],"wp:attachment":[{"href":"https:\/\/aktivtuteliv.se\/vasteras\/wp-json\/wp\/v2\/media?parent=81382"}],"wp:term":[{"taxonomy":"category","embeddable":true,"href":"https:\/\/aktivtuteliv.se\/vasteras\/wp-json\/wp\/v2\/categories?post=81382"},{"taxonomy":"post_tag","embeddable":true,"href":"https:\/\/aktivtuteliv.se\/vasteras\/wp-json\/wp\/v2\/tags?post=81382"}],"curies":[{"name":"wp","href":"https:\/\/api.w.org\/{rel}","templated":true}]}}