{"id":95340,"date":"2026-01-09T15:43:32","date_gmt":"2026-01-09T14:43:32","guid":{"rendered":"https:\/\/aktivtuteliv.se\/vasteras\/?p=95340"},"modified":"2026-01-14T09:28:08","modified_gmt":"2026-01-14T08:28:08","slug":"hyr-testa-och-kop-langdskidor","status":"publish","type":"post","link":"https:\/\/aktivtuteliv.se\/vasteras\/hyr-testa-och-kop-langdskidor\/","title":{"rendered":"Hyr, testa och k\u00f6p l\u00e4ngdskidor"},"content":{"rendered":"\n<h2 class=\"wp-block-heading\"><strong>Det enda s\u00e4kra s\u00e4ttet att k\u00f6pa r\u00e4tt skidor!<\/strong><\/h2>\n\n\n\n<p><strong>Det enda s\u00e4kra s\u00e4ttet att k\u00f6pa r\u00e4tt l\u00e4ngdskidor \u2013 s\u00e4rskilt skinskidor \u2013 \u00e4r att testa dem f\u00f6rst. Med v\u00e5r metod <em>hyr, testa och k\u00f6p<\/em> kan du prova olika spann i sp\u00e5ret innan k\u00f6p och dra av hela hyreskostnaden n\u00e4r du best\u00e4mmer dig. Resultatet? Skidor med r\u00e4tt glid, r\u00e4tt f\u00e4ste och en mycket b\u00e4ttre skidupplevelse.<\/strong><\/p>\n\n\n\n<p>L\u00e4ngdskidor \u00e4r en komplex aktivitet d\u00e4r material, teknik och sn\u00f6f\u00f6rh\u00e5llanden p\u00e5verkar upplevelsen. F\u00f6r att f\u00f6ruts\u00e4ttningarna ska bli s\u00e5 bra som m\u00f6jligt g\u00e4ller det att utrustningen \u00e4r personligt utprovad och anpassad efter din l\u00e4ngd, vikt och f\u00f6rm\u00e5ga.<\/p>\n\n\n\n<p>Det \u00e4r fyra faktorer som avg\u00f6r vilka skidor som \u00e4r r\u00e4tt f\u00f6r dig, det vill s\u00e4ga hur h\u00e5rt spann skidorna ska ha: vikt, teknik, kondition och styrka. Men den enda faktor som med s\u00e4kerhet g\u00e5r att f\u00f6rh\u00e5lla sig till f\u00f6r en s\u00e4ljare i en butik \u00e4r din vikt. Alla andra faktorer blir uppskattningar.<\/p>\n\n\n\n<p>Det finns allts\u00e5 ett visst utrymme f\u00f6r felmarginal h\u00e4r. Det g\u00f6r inte s\u00e5 mycket n\u00e4r du k\u00f6per vallningsbara skidor, eftersom du d\u00e5 kan kompensera genom att l\u00e4gga vallan lite l\u00e4ngre eller kortare \u00e4n det uppm\u00e4tta spannet.<\/p>\n\n\n\n<h3 class=\"wp-block-heading\"><strong>M\u00e5nga upplever att skinskidor glider d\u00e5ligt<\/strong><\/h3>\n\n\n\n<p>N\u00e4r du k\u00f6per skinskidor d\u00e4remot \u2013 vilket de allra flesta g\u00f6r i dag \u2013 kan denna felmarginal f\u00f6rst\u00f6ra hela skidupplevelsen, och det finns ingenting du kan g\u00f6ra \u00e5t det.<\/p>\n\n\n\n<p>Det absolut vanligaste \u00e4r att du upplever att dina nya skinskidor glider d\u00e5ligt, att \u201dhuden ligger i sn\u00f6n\u201d. Det r\u00e4cker med att den ligger i ytterst lite f\u00f6r att det ska bli m\u00e4rkbart s\u00e4mre glid. Marginalerna \u00e4r s\u00e5 sm\u00e5 att n\u00e4r du st\u00e5r p\u00e5 en spannbr\u00e4da n\u00e4r du provar ut skidorna, med tyngden f\u00f6rdelat p\u00e5 b\u00e5da skidorna kan bladm\u00e5ttet g\u00e5 fritt, f\u00f6r d\u00e5 har du oftast tyngden mitt p\u00e5 foten. Men n\u00e4r du \u00e5ker skidor och l\u00e4gger vikten p\u00e5 fr\u00e4mre delen av foten snuddar huden vid sn\u00f6n och glidet f\u00f6rs\u00e4mras \u2013 trots att utprovningen visade att det var r\u00e4tt skidor!<\/p>\n\n\n\n<p>Vi tr\u00e4ffar ofta personer med detta problem, b\u00e5de p\u00e5 v\u00e5ra teknikkurser och som kommer in i v\u00e5r sport- och friluftsbutik. I butiken \u00e4r det m\u00e5nga som kommer in och vill r\u00e5dfr\u00e5ga oss i skidverkstan om vad vi kan g\u00f6ra \u00e5t deras skinskidor som glider d\u00e5ligt.<\/p>\n\n\n\n<p>Vi har jobbat med skinskidor sedan de slog igenom p\u00e5 marknaden och framf\u00f6r allt \u00e5ker vi mycket p\u00e5 skinskidor sj\u00e4lva. V\u00e5r uppfattning \u00e4r att skinskidor inte glider d\u00e5ligt \u2013 det handlar bara om att hitta r\u00e4tt spann. Om du upplever att dina skinskidor glider d\u00e5ligt \u00e4r det tyv\u00e4rr oftast s\u00e5 att du har k\u00f6pt skidor med fel spann, f\u00f6r mjuka skidor helt enkelt.<\/p>\n\n\n\n<p>H\u00e4r pratar vi om hur de glider generellt, i normala vinterf\u00f6rh\u00e5llanden och i preparerade sp\u00e5r. Det finns sj\u00e4lvklart f\u00f6rh\u00e5llanden d\u00e4r skinskidor glider s\u00e4mre, till exempel i bl\u00f6ta sp\u00e5r, vid nysn\u00f6 eller n\u00e4r det \u00e4r v\u00e4ldigt kallt.<\/p>\n\n\n\n<h3 class=\"wp-block-heading\"><strong>Flytta bindningen vid d\u00e5ligt glid<\/strong><\/h3>\n\n\n\n<p>Idag s\u00e4ljs alla skinskidor med flyttbara bindningar, det vill s\u00e4ga att du kan flytta bindningen fram\u00e5t eller bak\u00e5t f\u00f6r att f\u00e5 b\u00e4ttre f\u00e4ste eller b\u00e4ttre glid. Detta sker genom att du flyttar kroppsvikten p\u00e5 skidans spann och d\u00e4rmed flyttar trycket mot sn\u00f6n.<\/p>\n\n\n\n<p>Tanken med detta \u00e4r att du ska kunna f\u00f6r\u00e4ndra glid och f\u00e4ste utifr\u00e5n r\u00e5dande f\u00f6rh\u00e5llanden, du vill kanske ha b\u00e4ttre f\u00e4ste om det \u00e4r isiga sp\u00e5r eller b\u00e4ttre glid om det \u00e4r sn\u00f6ar till exempel.<\/p>\n\n\n\n<p>Att flytta bindningen hj\u00e4lper inte om du k\u00f6pt skidor med fel spann. F\u00f6r om du m\u00e5ste flytta bindningen f\u00f6r att skidorna ska glid bra i normala vinterf\u00f6rh\u00e5llanden har du ingenting att ta till n\u00e4r f\u00f6rh\u00e5llandena blir utmanande.<\/p>\n\n\n\n<h3 class=\"wp-block-heading\"><strong>Hur ska du g\u00f6ra f\u00f6r att k\u00f6pa r\u00e4tt skidor?<\/strong><\/h3>\n\n\n\n<p>F\u00f6rst och fr\u00e4mst ska du k\u00f6pa skidor hos en etablerad l\u00e4ngdbutik med kunnig personal som sj\u00e4lva \u00e5ker l\u00e4ngdskidor. Annars blir det garanterat \u00e4nnu mer fel. Men inte ens det r\u00e4cker alltid. F\u00f6r \u00e4ven d\u00e5 \u00e4r det fortfarande bara din vikt som g\u00e5r att ta st\u00e4llning till \u2013 de andra faktorerna blir kvalificerade gissningar baserade p\u00e5 vad du ber\u00e4ttar och personalens erfarenhet.<\/p>\n\n\n\n<p>Det enda s\u00e4kra s\u00e4ttet att garanterat k\u00f6pa r\u00e4tt skinskidor p\u00e5 \u00e4r att du testar dem f\u00f6rst. Att prov\u00e5ka skidorna innan k\u00f6pet \u00e4r det inte bara vi som erbjuder, utan det finns p\u00e5 flera h\u00e5ll i landet.<\/p>\n\n\n\n<p>Genom att testa skidorna kan du s\u00e4kerst\u00e4lla att du har bra f\u00e4ste \u2013 vilket s\u00e4llan \u00e4r ett problem \u2013 samtidigt som att \u201dhuden inte tar i\u201d n\u00e4r du stakar offensivt med vikten p\u00e5 framfoten. Det vill s\u00e4ga att skidorna glider bra och att f\u00e4stzonen med stighuden ligger i luften n\u00e4r du st\u00e5r med vikten j\u00e4mnt f\u00f6rdelad p\u00e5 b\u00e5da skidorna.<\/p>\n\n\n\n<figure class=\"wp-block-image size-large\"><img loading=\"lazy\" decoding=\"async\" width=\"1024\" height=\"768\" src=\"https:\/\/e5gp8rwuod7.exactdn.com\/vasteras\/wp-content\/uploads\/sites\/4\/2026\/01\/2026-01-09-13.32.25-1024x768.jpg?strip=all&lossy=1&ssl=1\" alt=\"l\u00e4ngdbutik\" class=\"wp-image-95343\" srcset=\"https:\/\/e5gp8rwuod7.exactdn.com\/vasteras\/wp-content\/uploads\/sites\/4\/2026\/01\/2026-01-09-13.32.25-1024x768.jpg?strip=all&amp;lossy=1&amp;ssl=1 1024w, https:\/\/e5gp8rwuod7.exactdn.com\/vasteras\/wp-content\/uploads\/sites\/4\/2026\/01\/2026-01-09-13.32.25-300x225.jpg?strip=all&amp;lossy=1&amp;ssl=1 300w, https:\/\/e5gp8rwuod7.exactdn.com\/vasteras\/wp-content\/uploads\/sites\/4\/2026\/01\/2026-01-09-13.32.25-768x576.jpg?strip=all&amp;lossy=1&amp;ssl=1 768w, https:\/\/e5gp8rwuod7.exactdn.com\/vasteras\/wp-content\/uploads\/sites\/4\/2026\/01\/2026-01-09-13.32.25-1536x1152.jpg?strip=all&amp;lossy=1&amp;ssl=1 1536w, https:\/\/e5gp8rwuod7.exactdn.com\/vasteras\/wp-content\/uploads\/sites\/4\/2026\/01\/2026-01-09-13.32.25-2048x1536.jpg?strip=all&amp;lossy=1&amp;ssl=1 2048w, https:\/\/e5gp8rwuod7.exactdn.com\/vasteras\/wp-content\/uploads\/sites\/4\/2026\/01\/2026-01-09-13.32.25-469x352.jpg?strip=all&amp;lossy=1&amp;ssl=1 469w, https:\/\/e5gp8rwuod7.exactdn.com\/vasteras\/wp-content\/uploads\/sites\/4\/2026\/01\/2026-01-09-13.32.25-320x240.jpg?strip=all&amp;lossy=1&amp;ssl=1 320w, https:\/\/e5gp8rwuod7.exactdn.com\/vasteras\/wp-content\/uploads\/sites\/4\/2026\/01\/2026-01-09-13.32.25-1920x1440.jpg?strip=all&amp;lossy=1&amp;ssl=1 1920w, https:\/\/e5gp8rwuod7.exactdn.com\/vasteras\/wp-content\/uploads\/sites\/4\/2026\/01\/2026-01-09-13.32.25-600x450.jpg?strip=all&amp;lossy=1&amp;ssl=1 600w, https:\/\/e5gp8rwuod7.exactdn.com\/vasteras\/wp-content\/uploads\/sites\/4\/2026\/01\/2026-01-09-13.32.25.jpg?strip=all&amp;lossy=1&amp;w=384&amp;ssl=1 384w, https:\/\/e5gp8rwuod7.exactdn.com\/vasteras\/wp-content\/uploads\/sites\/4\/2026\/01\/2026-01-09-13.32.25.jpg?strip=all&amp;lossy=1&amp;w=1152&amp;ssl=1 1152w\" sizes=\"auto, (max-width: 1024px) 100vw, 1024px\" \/><\/figure>\n\n\n\n<h2 class=\"wp-block-heading\"><strong>Hyr, testa och k\u00f6p l\u00e4ngdskidor<\/strong><\/h2>\n\n\n\n<p>F\u00f6r att s\u00e4kerst\u00e4lla att v\u00e5ra kunder <a href=\"https:\/\/aktivtuteliv.se\/vasteras\/produkt-kategori\/forsaljning\/langdskidor\/\">k\u00f6per r\u00e4tt skidor<\/a> och blir n\u00f6jda med b\u00e5de glid och f\u00e4ste arbetar vi med en metod som vi kallar \u201dhyr, testa och k\u00f6p\u201d. Det inneb\u00e4r att du kan <a href=\"https:\/\/aktivtuteliv.se\/vasteras\/hyra-langdskidor\/\">hyra l\u00e4ngdskidor<\/a> f\u00f6r att testa dem ordentligt innan k\u00f6pet. Hyresperioden kan vara allt fr\u00e5n tv\u00e5 timmar upp till en vecka.<\/p>\n\n\n\n<p>Vi rekommenderar att du \u00e5tminstone hyr skidorna \u00f6ver en helg. D\u00e5 hinner du testa dem ordentligt och framf\u00f6r allt byta skidor om det f\u00f6rsta paret inte fungerar helt tillfredsst\u00e4llande. Detta g\u00e5r givetvis att g\u00f6ra flera g\u00e5nger under samma vinters\u00e4song \u2013 testa, byt och j\u00e4mf\u00f6ra tills du \u00e4r helt n\u00f6jd. I v\u00e5rt hyrsystem har vi full koll p\u00e5 vilka skidor du har hyrt och vilken h\u00e5rdhet p\u00e5 spannet de haft.<\/p>\n\n\n\n<p>N\u00e4r du har hittat r\u00e4tt skidor, det vill s\u00e4ga r\u00e4tt spann, f\u00e5r du dra av hela hyreskostnaden n\u00e4r du k\u00f6per nya skidor fr\u00e5n oss. Du k\u00f6per allts\u00e5 inte loss det skidpar du testat, utan vi plockar ut ett likadant par \u2013 med exakt samma spann \u2013 direkt fr\u00e5n lagret. Skidorna har s\u00e5 exakta m\u00e4tv\u00e4rden p\u00e5 spannen att vi kan s\u00e4kerst\u00e4lla en perfekt matchning.<\/p>\n\n\n\n<h3 class=\"wp-block-heading\"><strong>Spanngaranti \u2013 n\u00e4r det \u00e4nd\u00e5 blir fel<\/strong><\/h3>\n\n\n\n<p>Vissa kunder upplever att de inte har tid att testa skidor, utan vill k\u00f6pa direkt och litar p\u00e5 att vi v\u00e4ljer r\u00e4tt. Det g\u00f6r vi oftast. Men ibland h\u00e4nder det \u00e4nd\u00e5 att kunden \u00e5ker p\u00e5 sina nya skidor och upplever att de glider d\u00e5ligt \u2013 eller i mer s\u00e4llsynta fall att de har d\u00e5ligt f\u00e4ste.<\/p>\n\n\n\n<p>I dessa fall l\u00e5nar vi ut ett referenspar: ett par hyrskidor av samma modell, men med mjukare eller h\u00e5rdare spann beroende p\u00e5 vilket problem som upplevts. Kunden kan d\u00e5 ta med b\u00e5da paren ut i skidsp\u00e5ret och testa och j\u00e4mf\u00f6ra.<\/p>\n\n\n\n<p>I de allra flesta fall visar det sig att kunden beh\u00e5ller det f\u00f6rsta paret som k\u00f6ptes \u2013 det var helt enkelt de yttre f\u00f6rh\u00e5llandena, som sn\u00f6 och sp\u00e5r, som p\u00e5verkade den f\u00f6rsta upplevelsen.<\/p>\n\n\n\n<p>Om kunden d\u00e4remot upplever att referensparet fungerar b\u00e4ttre, tar vi tillbaka de skidor som f\u00f6rst s\u00e5ldes och byter dem mot ett nytt par som motsvarar referensparet. Skidorna vi f\u00e5r tillbaka g\u00e5r d\u00e4refter in i uthyrningen.<\/p>\n\n\n\n<p><strong>Allt detta syftar till att f\u00e5 n\u00f6jda kunder.<\/strong> Det tar lite l\u00e4ngre tid att s\u00e4lja skidor p\u00e5 det h\u00e4r s\u00e4ttet, men vi har hellre f\u00e4rre kunder som \u00e4r helt n\u00f6jda \u00e4n m\u00e5nga kunder d\u00e4r n\u00e5gra \u00e4r missn\u00f6jda.<\/p>\n\n\n\n<h2><b>Vanliga fr\u00e5gor om skinskidor &#038; hyr, testa, k\u00f6p<\/b><\/h2>\n<p>H\u00e4r har vi samlat de vanligaste fr\u00e5gorna vi f\u00e5r kring skinskidor, spann och hur v\u00e5r metod hyr, testa och k\u00f6p fungerar. F\u00f6rhoppningsvis ger det dig svar p\u00e5 dina funderingar \u2013 annars \u00e4r du alltid v\u00e4lkommen att h\u00f6ra av dig.<\/p>\n\n<details>\n<summary style=\"cursor: pointer;background-color: #f57c00;color: white;padding: 10px;border: none;border-radius: 5px;font-weight: bold;text-align: center;max-width: 180px;margin-bottom:1rem\">\n<b>Visa fr\u00e5gor &#038; svar<\/b>\n<\/summary>\n\n<h3><b>Glider skinskidor d\u00e5ligt?<\/b><\/h3>\n<p>Nej, r\u00e4tt utprovade skinskidor glider bra i normala vinterf\u00f6rh\u00e5llanden. Upplever du d\u00e5ligt glid beror det n\u00e4stan alltid p\u00e5 att spannet \u00e4r fel \u2013 oftast f\u00f6r mjukt.<\/p>\n\n<h3><b>Glider skinskidor s\u00e4mre \u00e4n vallningsbara skidor?<\/b><\/h3>\n<p>Inte generellt. I m\u00e5nga f\u00f6rh\u00e5llanden \u00e4r skillnaden liten, men skinskidor \u00e4r betydligt mer k\u00e4nsliga f\u00f6r fel spann. Vallningsbara skidor kan till viss del kompenseras med valla \u2013 det kan inte skinskidor.<\/p>\n\n<h3><b>Varf\u00f6r glider mina skinskidor d\u00e5ligt?<\/b><\/h3>\n<p>Den vanligaste orsaken \u00e4r att spannet \u00e4r f\u00f6r mjukt. D\u00e5 ligger stighuden i sn\u00f6n \u00e4ven n\u00e4r du st\u00e5r med vikten j\u00e4mnt f\u00f6rdelad, vilket bromsar skidan hela tiden.<\/p>\n\n<h3><b>Hur vet jag om spannet \u00e4r r\u00e4tt p\u00e5 mina skinskidor?<\/b><\/h3>\n<p>N\u00e4r du st\u00e5r med vikten j\u00e4mnt f\u00f6rdelad p\u00e5 b\u00e5da skidorna ska stighuden ligga i luften. N\u00e4r du kliver \u00f6ver till en skida ska huden f\u00e5 kontakt och ge f\u00e4ste.<\/p>\n\n<h3><b>Finns det f\u00f6rh\u00e5llanden d\u00e4r skinskidor glider s\u00e4mre?<\/b><\/h3>\n<p>Ja. Vid bl\u00f6ta sp\u00e5r, nysn\u00f6 eller extrem kyla kan skinskidor glida s\u00e4mre \u00e4ven med r\u00e4tt spann. I normala preparerade sp\u00e5r ska de d\u00e4remot fungera mycket bra.<\/p>\n\n<h3><b>Hur undviker jag att k\u00f6pa skinskidor som glider d\u00e5ligt?<\/b><\/h3>\n<p>Genom att testa dem f\u00f6rst. Det \u00e4r det enda s\u00e4ttet att s\u00e4kert veta att spannet fungerar f\u00f6r just dig.<\/p>\n\n<h3><b>Varf\u00f6r ska jag hyra skidor innan jag k\u00f6per?<\/b><\/h3>\n<p>F\u00f6r att spannet ska bli r\u00e4tt. Vikt \u00e4r den enda faktor som g\u00e5r att m\u00e4ta exakt i butik \u2013 teknik, styrka och kondition \u00e4r uppskattningar. N\u00e4r du testar skidorna i sp\u00e5ret ser du direkt hur de fungerar i verkligheten.<\/p>\n\n<h3><b>Vad \u00e4r det vanligaste felet n\u00e4r man k\u00f6per skinskidor?<\/b><\/h3>\n<p>Att spannet \u00e4r f\u00f6r mjukt. Det leder ofta till d\u00e5ligt glid eftersom stighuden ligger i sn\u00f6n hela tiden, n\u00e5got som inte g\u00e5r att justera i efterhand.<\/p>\n\n<h3><b>Hur l\u00e4nge kan jag hyra skidorna vid hyr, testa, k\u00f6p?<\/b><\/h3>\n<p>Hyresperioden kan vara allt fr\u00e5n tv\u00e5 timmar upp till en vecka. Vi rekommenderar minst en helg, s\u00e5 att du hinner testa ordentligt och byta om det beh\u00f6vs.<\/p>\n\n<h3><b>Kan jag byta skidor under hyresperioden?<\/b><\/h3>\n<p>Ja. Du kan byta b\u00e5de spann och modell tills du hittar ett par som fungerar helt tillfredsst\u00e4llande. Vi har full koll p\u00e5 vilka skidor och spann du testat.<\/p>\n\n<h3><b>Dras hyran av om jag k\u00f6per skidorna?<\/b><\/h3>\n<p>Ja. N\u00e4r du k\u00f6per nya skidor hos oss drar vi av hela hyreskostnaden du lagt ut.<\/p>\n\n<h3><b>K\u00f6per jag loss det par jag hyrt?<\/b><\/h3>\n<p>Nej. N\u00e4r du hittat r\u00e4tt spann plockar vi ut ett nytt, likv\u00e4rdigt skidpar direkt fr\u00e5n lagret med exakt samma spannv\u00e4rden.<\/p>\n\n<\/details>\n\n\n\n<p><\/p>\n","protected":false},"excerpt":{"rendered":"<p>Det enda s\u00e4kra s\u00e4ttet att k\u00f6pa r\u00e4tt skidor! Det enda s\u00e4kra s\u00e4ttet att k\u00f6pa r\u00e4tt l\u00e4ngdskidor \u2013 s\u00e4rskilt skinskidor \u2013 \u00e4r att testa dem f\u00f6rst. Med v\u00e5r metod hyr, testa [&hellip;]<\/p>\n","protected":false},"author":83,"featured_media":95462,"comment_status":"closed","ping_status":"open","sticky":false,"template":"","format":"standard","meta":{"_acf_changed":false,"footnotes":""},"categories":[1238,1253,1222],"tags":[1419,1420,1417,1418,172,1416],"class_list":["post-95340","post","type-post","status-publish","format-standard","has-post-thumbnail","hentry","category-tips-trix","category-produkttips","category-langdskidor","tag-daligt-glid","tag-hyr-testa-kop","tag-kopa-langdskidor","tag-langdbutik","tag-langdskidor","tag-skinskidor"],"acf":[],"yoast_head":"<!-- This site is optimized with the Yoast SEO plugin v23.0 - https:\/\/yoast.com\/wordpress\/plugins\/seo\/ -->\n<title>Hyr, testa och k\u00f6p l\u00e4ngdskidor - V\u00e4ster\u00e5s<\/title>\n<meta name=\"description\" content=\"Hyr, testa och k\u00f6p l\u00e4ngdskidor \u2013 det s\u00e4kra s\u00e4ttet att hitta r\u00e4tt spann p\u00e5 skinskidor. Testa i sp\u00e5ret och dra av hyran vid k\u00f6p.\" \/>\n<meta name=\"robots\" content=\"index, follow, max-snippet:-1, max-image-preview:large, max-video-preview:-1\" \/>\n<link rel=\"canonical\" href=\"https:\/\/aktivtuteliv.se\/vasteras\/hyr-testa-och-kop-langdskidor\/\" \/>\n<meta property=\"og:locale\" content=\"sv_SE\" \/>\n<meta property=\"og:type\" content=\"article\" \/>\n<meta property=\"og:title\" content=\"Hyr, testa och k\u00f6p l\u00e4ngdskidor - V\u00e4ster\u00e5s\" \/>\n<meta property=\"og:description\" content=\"Hyr, testa och k\u00f6p l\u00e4ngdskidor \u2013 det s\u00e4kra s\u00e4ttet att hitta r\u00e4tt spann p\u00e5 skinskidor. Testa i sp\u00e5ret och dra av hyran vid k\u00f6p.\" \/>\n<meta property=\"og:url\" content=\"https:\/\/aktivtuteliv.se\/vasteras\/hyr-testa-och-kop-langdskidor\/\" \/>\n<meta property=\"og:site_name\" content=\"V\u00e4ster\u00e5s\" \/>\n<meta property=\"article:publisher\" content=\"https:\/\/www.facebook.com\/aktivtutelivbjornogarden\" \/>\n<meta property=\"article:published_time\" content=\"2026-01-09T14:43:32+00:00\" \/>\n<meta property=\"article:modified_time\" content=\"2026-01-14T08:28:08+00:00\" \/>\n<meta property=\"og:image\" content=\"https:\/\/aktivtuteliv.se\/vasteras\/wp-content\/uploads\/sites\/4\/2026\/01\/hyra-testa-kopa-langdskidor.jpg\" \/>\n\t<meta property=\"og:image:width\" content=\"2560\" \/>\n\t<meta property=\"og:image:height\" content=\"1433\" \/>\n\t<meta property=\"og:image:type\" content=\"image\/jpeg\" \/>\n<meta name=\"author\" content=\"perfredin\" \/>\n<meta name=\"twitter:card\" content=\"summary_large_image\" \/>\n<meta name=\"twitter:creator\" content=\"@aktivtuteliv\" \/>\n<meta name=\"twitter:site\" content=\"@aktivtuteliv\" \/>\n<meta name=\"twitter:label1\" content=\"Skriven av\" \/>\n\t<meta name=\"twitter:data1\" content=\"perfredin\" \/>\n\t<meta name=\"twitter:label2\" content=\"Ber\u00e4knad l\u00e4stid\" \/>\n\t<meta name=\"twitter:data2\" content=\"9 minuter\" \/>\n<script type=\"application\/ld+json\" class=\"yoast-schema-graph\">{\"@context\":\"https:\/\/schema.org\",\"@graph\":[{\"@type\":\"Article\",\"@id\":\"https:\/\/aktivtuteliv.se\/vasteras\/hyr-testa-och-kop-langdskidor\/#article\",\"isPartOf\":{\"@id\":\"https:\/\/aktivtuteliv.se\/vasteras\/hyr-testa-och-kop-langdskidor\/\"},\"author\":{\"name\":\"perfredin\",\"@id\":\"https:\/\/aktivtuteliv.se\/vasteras\/#\/schema\/person\/5a0d78c114b11725bc522ef122bf00fc\"},\"headline\":\"Hyr, testa och k\u00f6p l\u00e4ngdskidor\",\"datePublished\":\"2026-01-09T14:43:32+00:00\",\"dateModified\":\"2026-01-14T08:28:08+00:00\",\"mainEntityOfPage\":{\"@id\":\"https:\/\/aktivtuteliv.se\/vasteras\/hyr-testa-och-kop-langdskidor\/\"},\"wordCount\":1940,\"publisher\":{\"@id\":\"https:\/\/aktivtuteliv.se\/vasteras\/#organization\"},\"image\":{\"@id\":\"https:\/\/aktivtuteliv.se\/vasteras\/hyr-testa-och-kop-langdskidor\/#primaryimage\"},\"thumbnailUrl\":\"https:\/\/e5gp8rwuod7.exactdn.com\/vasteras\/wp-content\/uploads\/sites\/4\/2026\/01\/hyra-testa-kopa-langdskidor.jpg?strip=all&lossy=1&ssl=1\",\"keywords\":[\"d\u00e5ligt glid\",\"hyr testa k\u00f6p\",\"k\u00f6pa l\u00e4ngdskidor\",\"l\u00e4ngdbutik\",\"l\u00e4ngdskidor\",\"skinskidor\"],\"articleSection\":[\"2. Tips och guider\",\"3. Produkttips och -recensioner\",\"L\u00e4ngdskidor\"],\"inLanguage\":\"sv-SE\"},{\"@type\":\"WebPage\",\"@id\":\"https:\/\/aktivtuteliv.se\/vasteras\/hyr-testa-och-kop-langdskidor\/\",\"url\":\"https:\/\/aktivtuteliv.se\/vasteras\/hyr-testa-och-kop-langdskidor\/\",\"name\":\"Hyr, testa och k\u00f6p l\u00e4ngdskidor - V\u00e4ster\u00e5s\",\"isPartOf\":{\"@id\":\"https:\/\/aktivtuteliv.se\/vasteras\/#website\"},\"primaryImageOfPage\":{\"@id\":\"https:\/\/aktivtuteliv.se\/vasteras\/hyr-testa-och-kop-langdskidor\/#primaryimage\"},\"image\":{\"@id\":\"https:\/\/aktivtuteliv.se\/vasteras\/hyr-testa-och-kop-langdskidor\/#primaryimage\"},\"thumbnailUrl\":\"https:\/\/e5gp8rwuod7.exactdn.com\/vasteras\/wp-content\/uploads\/sites\/4\/2026\/01\/hyra-testa-kopa-langdskidor.jpg?strip=all&lossy=1&ssl=1\",\"datePublished\":\"2026-01-09T14:43:32+00:00\",\"dateModified\":\"2026-01-14T08:28:08+00:00\",\"description\":\"Hyr, testa och k\u00f6p l\u00e4ngdskidor \u2013 det s\u00e4kra s\u00e4ttet att hitta r\u00e4tt spann p\u00e5 skinskidor. Testa i sp\u00e5ret och dra av hyran vid k\u00f6p.\",\"breadcrumb\":{\"@id\":\"https:\/\/aktivtuteliv.se\/vasteras\/hyr-testa-och-kop-langdskidor\/#breadcrumb\"},\"inLanguage\":\"sv-SE\",\"potentialAction\":[{\"@type\":\"ReadAction\",\"target\":[\"https:\/\/aktivtuteliv.se\/vasteras\/hyr-testa-och-kop-langdskidor\/\"]}]},{\"@type\":\"ImageObject\",\"inLanguage\":\"sv-SE\",\"@id\":\"https:\/\/aktivtuteliv.se\/vasteras\/hyr-testa-och-kop-langdskidor\/#primaryimage\",\"url\":\"https:\/\/e5gp8rwuod7.exactdn.com\/vasteras\/wp-content\/uploads\/sites\/4\/2026\/01\/hyra-testa-kopa-langdskidor.jpg?strip=all&lossy=1&ssl=1\",\"contentUrl\":\"https:\/\/e5gp8rwuod7.exactdn.com\/vasteras\/wp-content\/uploads\/sites\/4\/2026\/01\/hyra-testa-kopa-langdskidor.jpg?strip=all&lossy=1&ssl=1\",\"width\":2560,\"height\":1433,\"caption\":\"hyr testa k\u00f6p l\u00e4ngdskidor\"},{\"@type\":\"BreadcrumbList\",\"@id\":\"https:\/\/aktivtuteliv.se\/vasteras\/hyr-testa-och-kop-langdskidor\/#breadcrumb\",\"itemListElement\":[{\"@type\":\"ListItem\",\"position\":1,\"name\":\"Home\",\"item\":\"https:\/\/aktivtuteliv.se\/vasteras\/\"},{\"@type\":\"ListItem\",\"position\":2,\"name\":\"Hyr, testa och k\u00f6p l\u00e4ngdskidor\"}]},{\"@type\":\"WebSite\",\"@id\":\"https:\/\/aktivtuteliv.se\/vasteras\/#website\",\"url\":\"https:\/\/aktivtuteliv.se\/vasteras\/\",\"name\":\"Aktivt Uteliv Bj\u00f6rn\u00f6g\u00e5rden\",\"description\":\"Ett friluftscenter i V\u00e4ster\u00e5s\",\"publisher\":{\"@id\":\"https:\/\/aktivtuteliv.se\/vasteras\/#organization\"},\"potentialAction\":[{\"@type\":\"SearchAction\",\"target\":{\"@type\":\"EntryPoint\",\"urlTemplate\":\"https:\/\/aktivtuteliv.se\/vasteras\/?s={search_term_string}\"},\"query-input\":\"required name=search_term_string\"}],\"inLanguage\":\"sv-SE\"},{\"@type\":\"Organization\",\"@id\":\"https:\/\/aktivtuteliv.se\/vasteras\/#organization\",\"name\":\"Aktivt Uteliv Bj\u00f6rn\u00f6g\u00e5rden\",\"url\":\"https:\/\/aktivtuteliv.se\/vasteras\/\",\"logo\":{\"@type\":\"ImageObject\",\"inLanguage\":\"sv-SE\",\"@id\":\"https:\/\/aktivtuteliv.se\/vasteras\/#\/schema\/logo\/image\/\",\"url\":\"https:\/\/e5gp8rwuod7.exactdn.com\/vasteras\/wp-content\/uploads\/sites\/4\/2025\/01\/AUB-pms.png?strip=all&lossy=1&ssl=1\",\"contentUrl\":\"https:\/\/e5gp8rwuod7.exactdn.com\/vasteras\/wp-content\/uploads\/sites\/4\/2025\/01\/AUB-pms.png?strip=all&lossy=1&ssl=1\",\"width\":1894,\"height\":1165,\"caption\":\"Aktivt Uteliv Bj\u00f6rn\u00f6g\u00e5rden\"},\"image\":{\"@id\":\"https:\/\/aktivtuteliv.se\/vasteras\/#\/schema\/logo\/image\/\"},\"sameAs\":[\"https:\/\/www.facebook.com\/aktivtutelivbjornogarden\",\"https:\/\/x.com\/aktivtuteliv\",\"https:\/\/www.instagram.com\/aktivtuteliv_bjornogarden\"]},{\"@type\":\"Person\",\"@id\":\"https:\/\/aktivtuteliv.se\/vasteras\/#\/schema\/person\/5a0d78c114b11725bc522ef122bf00fc\",\"name\":\"perfredin\",\"image\":{\"@type\":\"ImageObject\",\"inLanguage\":\"sv-SE\",\"@id\":\"https:\/\/aktivtuteliv.se\/vasteras\/#\/schema\/person\/image\/\",\"url\":\"https:\/\/secure.gravatar.com\/avatar\/af5dfcbc5c60de90445ac4fc6143ab5e6e5b29e865d803c0ed41f7f05ab2f44e?s=96&d=mm&r=g\",\"contentUrl\":\"https:\/\/secure.gravatar.com\/avatar\/af5dfcbc5c60de90445ac4fc6143ab5e6e5b29e865d803c0ed41f7f05ab2f44e?s=96&d=mm&r=g\",\"caption\":\"perfredin\"},\"url\":\"https:\/\/aktivtuteliv.se\/vasteras\/author\/perfredin\/\"}]}<\/script>\n<!-- \/ Yoast SEO plugin. -->","yoast_head_json":{"title":"Hyr, testa och k\u00f6p l\u00e4ngdskidor - V\u00e4ster\u00e5s","description":"Hyr, testa och k\u00f6p l\u00e4ngdskidor \u2013 det s\u00e4kra s\u00e4ttet att hitta r\u00e4tt spann p\u00e5 skinskidor. Testa i sp\u00e5ret och dra av hyran vid k\u00f6p.","robots":{"index":"index","follow":"follow","max-snippet":"max-snippet:-1","max-image-preview":"max-image-preview:large","max-video-preview":"max-video-preview:-1"},"canonical":"https:\/\/aktivtuteliv.se\/vasteras\/hyr-testa-och-kop-langdskidor\/","og_locale":"sv_SE","og_type":"article","og_title":"Hyr, testa och k\u00f6p l\u00e4ngdskidor - V\u00e4ster\u00e5s","og_description":"Hyr, testa och k\u00f6p l\u00e4ngdskidor \u2013 det s\u00e4kra s\u00e4ttet att hitta r\u00e4tt spann p\u00e5 skinskidor. Testa i sp\u00e5ret och dra av hyran vid k\u00f6p.","og_url":"https:\/\/aktivtuteliv.se\/vasteras\/hyr-testa-och-kop-langdskidor\/","og_site_name":"V\u00e4ster\u00e5s","article_publisher":"https:\/\/www.facebook.com\/aktivtutelivbjornogarden","article_published_time":"2026-01-09T14:43:32+00:00","article_modified_time":"2026-01-14T08:28:08+00:00","og_image":[{"width":2560,"height":1433,"url":"https:\/\/aktivtuteliv.se\/vasteras\/wp-content\/uploads\/sites\/4\/2026\/01\/hyra-testa-kopa-langdskidor.jpg","type":"image\/jpeg"}],"author":"perfredin","twitter_card":"summary_large_image","twitter_creator":"@aktivtuteliv","twitter_site":"@aktivtuteliv","twitter_misc":{"Skriven av":"perfredin","Ber\u00e4knad l\u00e4stid":"9 minuter"},"schema":{"@context":"https:\/\/schema.org","@graph":[{"@type":"Article","@id":"https:\/\/aktivtuteliv.se\/vasteras\/hyr-testa-och-kop-langdskidor\/#article","isPartOf":{"@id":"https:\/\/aktivtuteliv.se\/vasteras\/hyr-testa-och-kop-langdskidor\/"},"author":{"name":"perfredin","@id":"https:\/\/aktivtuteliv.se\/vasteras\/#\/schema\/person\/5a0d78c114b11725bc522ef122bf00fc"},"headline":"Hyr, testa och k\u00f6p l\u00e4ngdskidor","datePublished":"2026-01-09T14:43:32+00:00","dateModified":"2026-01-14T08:28:08+00:00","mainEntityOfPage":{"@id":"https:\/\/aktivtuteliv.se\/vasteras\/hyr-testa-och-kop-langdskidor\/"},"wordCount":1940,"publisher":{"@id":"https:\/\/aktivtuteliv.se\/vasteras\/#organization"},"image":{"@id":"https:\/\/aktivtuteliv.se\/vasteras\/hyr-testa-och-kop-langdskidor\/#primaryimage"},"thumbnailUrl":"https:\/\/e5gp8rwuod7.exactdn.com\/vasteras\/wp-content\/uploads\/sites\/4\/2026\/01\/hyra-testa-kopa-langdskidor.jpg?strip=all&lossy=1&ssl=1","keywords":["d\u00e5ligt glid","hyr testa k\u00f6p","k\u00f6pa l\u00e4ngdskidor","l\u00e4ngdbutik","l\u00e4ngdskidor","skinskidor"],"articleSection":["2. Tips och guider","3. Produkttips och -recensioner","L\u00e4ngdskidor"],"inLanguage":"sv-SE"},{"@type":"WebPage","@id":"https:\/\/aktivtuteliv.se\/vasteras\/hyr-testa-och-kop-langdskidor\/","url":"https:\/\/aktivtuteliv.se\/vasteras\/hyr-testa-och-kop-langdskidor\/","name":"Hyr, testa och k\u00f6p l\u00e4ngdskidor - V\u00e4ster\u00e5s","isPartOf":{"@id":"https:\/\/aktivtuteliv.se\/vasteras\/#website"},"primaryImageOfPage":{"@id":"https:\/\/aktivtuteliv.se\/vasteras\/hyr-testa-och-kop-langdskidor\/#primaryimage"},"image":{"@id":"https:\/\/aktivtuteliv.se\/vasteras\/hyr-testa-och-kop-langdskidor\/#primaryimage"},"thumbnailUrl":"https:\/\/e5gp8rwuod7.exactdn.com\/vasteras\/wp-content\/uploads\/sites\/4\/2026\/01\/hyra-testa-kopa-langdskidor.jpg?strip=all&lossy=1&ssl=1","datePublished":"2026-01-09T14:43:32+00:00","dateModified":"2026-01-14T08:28:08+00:00","description":"Hyr, testa och k\u00f6p l\u00e4ngdskidor \u2013 det s\u00e4kra s\u00e4ttet att hitta r\u00e4tt spann p\u00e5 skinskidor. Testa i sp\u00e5ret och dra av hyran vid k\u00f6p.","breadcrumb":{"@id":"https:\/\/aktivtuteliv.se\/vasteras\/hyr-testa-och-kop-langdskidor\/#breadcrumb"},"inLanguage":"sv-SE","potentialAction":[{"@type":"ReadAction","target":["https:\/\/aktivtuteliv.se\/vasteras\/hyr-testa-och-kop-langdskidor\/"]}]},{"@type":"ImageObject","inLanguage":"sv-SE","@id":"https:\/\/aktivtuteliv.se\/vasteras\/hyr-testa-och-kop-langdskidor\/#primaryimage","url":"https:\/\/e5gp8rwuod7.exactdn.com\/vasteras\/wp-content\/uploads\/sites\/4\/2026\/01\/hyra-testa-kopa-langdskidor.jpg?strip=all&lossy=1&ssl=1","contentUrl":"https:\/\/e5gp8rwuod7.exactdn.com\/vasteras\/wp-content\/uploads\/sites\/4\/2026\/01\/hyra-testa-kopa-langdskidor.jpg?strip=all&lossy=1&ssl=1","width":2560,"height":1433,"caption":"hyr testa k\u00f6p l\u00e4ngdskidor"},{"@type":"BreadcrumbList","@id":"https:\/\/aktivtuteliv.se\/vasteras\/hyr-testa-och-kop-langdskidor\/#breadcrumb","itemListElement":[{"@type":"ListItem","position":1,"name":"Home","item":"https:\/\/aktivtuteliv.se\/vasteras\/"},{"@type":"ListItem","position":2,"name":"Hyr, testa och k\u00f6p l\u00e4ngdskidor"}]},{"@type":"WebSite","@id":"https:\/\/aktivtuteliv.se\/vasteras\/#website","url":"https:\/\/aktivtuteliv.se\/vasteras\/","name":"Aktivt Uteliv Bj\u00f6rn\u00f6g\u00e5rden","description":"Ett friluftscenter i V\u00e4ster\u00e5s","publisher":{"@id":"https:\/\/aktivtuteliv.se\/vasteras\/#organization"},"potentialAction":[{"@type":"SearchAction","target":{"@type":"EntryPoint","urlTemplate":"https:\/\/aktivtuteliv.se\/vasteras\/?s={search_term_string}"},"query-input":"required name=search_term_string"}],"inLanguage":"sv-SE"},{"@type":"Organization","@id":"https:\/\/aktivtuteliv.se\/vasteras\/#organization","name":"Aktivt Uteliv Bj\u00f6rn\u00f6g\u00e5rden","url":"https:\/\/aktivtuteliv.se\/vasteras\/","logo":{"@type":"ImageObject","inLanguage":"sv-SE","@id":"https:\/\/aktivtuteliv.se\/vasteras\/#\/schema\/logo\/image\/","url":"https:\/\/e5gp8rwuod7.exactdn.com\/vasteras\/wp-content\/uploads\/sites\/4\/2025\/01\/AUB-pms.png?strip=all&lossy=1&ssl=1","contentUrl":"https:\/\/e5gp8rwuod7.exactdn.com\/vasteras\/wp-content\/uploads\/sites\/4\/2025\/01\/AUB-pms.png?strip=all&lossy=1&ssl=1","width":1894,"height":1165,"caption":"Aktivt Uteliv Bj\u00f6rn\u00f6g\u00e5rden"},"image":{"@id":"https:\/\/aktivtuteliv.se\/vasteras\/#\/schema\/logo\/image\/"},"sameAs":["https:\/\/www.facebook.com\/aktivtutelivbjornogarden","https:\/\/x.com\/aktivtuteliv","https:\/\/www.instagram.com\/aktivtuteliv_bjornogarden"]},{"@type":"Person","@id":"https:\/\/aktivtuteliv.se\/vasteras\/#\/schema\/person\/5a0d78c114b11725bc522ef122bf00fc","name":"perfredin","image":{"@type":"ImageObject","inLanguage":"sv-SE","@id":"https:\/\/aktivtuteliv.se\/vasteras\/#\/schema\/person\/image\/","url":"https:\/\/secure.gravatar.com\/avatar\/af5dfcbc5c60de90445ac4fc6143ab5e6e5b29e865d803c0ed41f7f05ab2f44e?s=96&d=mm&r=g","contentUrl":"https:\/\/secure.gravatar.com\/avatar\/af5dfcbc5c60de90445ac4fc6143ab5e6e5b29e865d803c0ed41f7f05ab2f44e?s=96&d=mm&r=g","caption":"perfredin"},"url":"https:\/\/aktivtuteliv.se\/vasteras\/author\/perfredin\/"}]}},"_links":{"self":[{"href":"https:\/\/aktivtuteliv.se\/vasteras\/wp-json\/wp\/v2\/posts\/95340","targetHints":{"allow":["GET"]}}],"collection":[{"href":"https:\/\/aktivtuteliv.se\/vasteras\/wp-json\/wp\/v2\/posts"}],"about":[{"href":"https:\/\/aktivtuteliv.se\/vasteras\/wp-json\/wp\/v2\/types\/post"}],"author":[{"embeddable":true,"href":"https:\/\/aktivtuteliv.se\/vasteras\/wp-json\/wp\/v2\/users\/83"}],"replies":[{"embeddable":true,"href":"https:\/\/aktivtuteliv.se\/vasteras\/wp-json\/wp\/v2\/comments?post=95340"}],"version-history":[{"count":0,"href":"https:\/\/aktivtuteliv.se\/vasteras\/wp-json\/wp\/v2\/posts\/95340\/revisions"}],"wp:featuredmedia":[{"embeddable":true,"href":"https:\/\/aktivtuteliv.se\/vasteras\/wp-json\/wp\/v2\/media\/95462"}],"wp:attachment":[{"href":"https:\/\/aktivtuteliv.se\/vasteras\/wp-json\/wp\/v2\/media?parent=95340"}],"wp:term":[{"taxonomy":"category","embeddable":true,"href":"https:\/\/aktivtuteliv.se\/vasteras\/wp-json\/wp\/v2\/categories?post=95340"},{"taxonomy":"post_tag","embeddable":true,"href":"https:\/\/aktivtuteliv.se\/vasteras\/wp-json\/wp\/v2\/tags?post=95340"}],"curies":[{"name":"wp","href":"https:\/\/api.w.org\/{rel}","templated":true}]}}