{"id":767,"count":10,"description":"Att k\u00f6pa l\u00e4ngdskidor kan vara en fantastisk investering f\u00f6r den som \u00e4lskar vintersport och vill utforska de vackra sn\u00f6kl\u00e4dda landskapen runt V\u00e4ster\u00e5s. P\u00e5 v\u00e5rt friluftscenter p\u00e5 Bj\u00f6rn\u00f6 erbjuder vi ett brett sortiment av l\u00e4ngdskidor som passar b\u00e5de nyb\u00f6rjare och erfarna \u00e5kare. H\u00e4r kan du hitta skidor som \u00e4r anpassade f\u00f6r olika typer av sn\u00f6f\u00f6rh\u00e5llanden och \u00e5kstil, vilket g\u00f6r det l\u00e4ttare att njuta av naturen p\u00e5 b\u00e4sta s\u00e4tt.\r\n<p style=\"font-weight: bold;margin-top: 2rem\"><b>K\u00f6pa l\u00e4ngdskidor i V\u00e4ster\u00e5s \u2013 R\u00e4tt utrustning f\u00f6r vinterns \u00e4ventyr<\/b><\/p>\r\nAtt k\u00f6pa l\u00e4ngdskidor kan vara en fantastisk investering f\u00f6r den som \u00e4lskar vintersport och vill utforska de vackra sn\u00f6kl\u00e4dda landskapen runt V\u00e4ster\u00e5s.\r\n\r\n<details><summary style=\"cursor: pointer;background-color: #f57c00;color: white;padding: 10px;border: none;border-radius: 5px;font-weight: 300;text-align: center;max-width: 150px;margin-bottom: 1rem\"><b>L\u00e4s mer<\/b><\/summary>\r\n<div>\r\n\r\nP\u00e5 v\u00e5rt friluftscenter p\u00e5 Bj\u00f6rn\u00f6 erbjuder vi ett brett sortiment av l\u00e4ngdskidor som passar b\u00e5de nyb\u00f6rjare och erfarna \u00e5kare. H\u00e4r kan du hitta skidor som \u00e4r anpassade f\u00f6r olika typer av sn\u00f6f\u00f6rh\u00e5llanden och \u00e5kstil, vilket g\u00f6r det l\u00e4ttare att njuta av naturen p\u00e5 b\u00e4sta s\u00e4tt.\r\n\r\nGenom att v\u00e4lja att k\u00f6pa l\u00e4ngdskidor hos Aktivt Uteliv f\u00e5r du inte bara tillg\u00e5ng till h\u00f6gkvalitativ utrustning, utan ocks\u00e5 m\u00f6jlighet att ta del av v\u00e5r expertis och passion f\u00f6r vintersport. Vi hj\u00e4lper dig att hitta r\u00e4tt utrustning som passar just dina behov och f\u00f6ruts\u00e4ttningar, s\u00e5 att du kan f\u00e5 ut det mesta av din skidupplevelse. V\u00e5rt sortiment inkluderar b\u00e5de klassiska och moderna modeller, s\u00e5 att du kan v\u00e4lja de skidor som b\u00e4st matchar din \u00e5kstil och ambition.\r\n\r\nF\u00f6rutom v\u00e5rt utbud av l\u00e4ngdskidor erbjuder vi \u00e4ven tillbeh\u00f6r som stavar, pj\u00e4xor och skidv\u00e5rdsprodukter f\u00f6r att optimera din upplevelse. Efter en dag i sp\u00e5ret kan du koppla av i v\u00e5r vedeldade bastu med isvak, en perfekt avslutning p\u00e5 en aktiv dag i vinterlandskapet. V\u00e5rt friluftscenter \u00e4r mer \u00e4n bara en butik \u2013 det \u00e4r en plats d\u00e4r vinter\u00e4lskare kan samlas, dela tips och njuta av den fantastiska milj\u00f6n runt V\u00e4ster\u00e5s.\r\n\r\n<\/div>\r\n<h2 style=\"font-weight: bold;margin-top: 2rem;margin-bottom: 0.5rem\">K\u00f6pa l\u00e4ngdskidor i V\u00e4ster\u00e5s \u2013 Din guide till r\u00e4tt val<\/h2>\r\nAtt k\u00f6pa l\u00e4ngdskidor \u00e4r en utm\u00e4rkt investering f\u00f6r alla vintersportentusiaster som vill utforska de sn\u00f6kl\u00e4dda landskapen kring V\u00e4ster\u00e5s. P\u00e5 Aktivt Uteliv p\u00e5 Bj\u00f6rn\u00f6 erbjuder vi ett brett sortiment av l\u00e4ngdskidor som passar b\u00e5de nyb\u00f6rjare och erfarna \u00e5kare. H\u00e4r finns skidor anpassade f\u00f6r olika sn\u00f6f\u00f6rh\u00e5llanden och \u00e5kstilar, vilket g\u00f6r det enklare att njuta av naturen p\u00e5 b\u00e4sta s\u00e4tt.\r\n\r\nN\u00e4r du v\u00e4ljer att k\u00f6pa l\u00e4ngdskidor hos oss f\u00e5r du inte bara tillg\u00e5ng till h\u00f6gkvalitativ utrustning, utan ocks\u00e5 m\u00f6jlighet att dra nytta av v\u00e5r expertis och passion f\u00f6r vintersport. Vi hj\u00e4lper dig att hitta r\u00e4tt utrustning som passar just dina behov och f\u00f6ruts\u00e4ttningar, s\u00e5 att du kan f\u00e5 ut det mesta av din skidupplevelse.\r\n\r\nV\u00e5rt sortiment inkluderar b\u00e5de klassiska och moderna modeller, s\u00e5 att du kan v\u00e4lja de skidor som b\u00e4st matchar din \u00e5kstil och ambition. Ut\u00f6ver v\u00e5rt utbud av l\u00e4ngdskidor erbjuder vi \u00e4ven tillbeh\u00f6r som stavar, pj\u00e4xor och skidv\u00e5rdsprodukter f\u00f6r att optimera din upplevelse.\r\n\r\nEfter en dag i sp\u00e5ret kan du koppla av i v\u00e5r vedeldade bastu med isvak, en perfekt avslutning p\u00e5 en aktiv dag i vinterlandskapet. V\u00e5rt friluftscenter \u00e4r mer \u00e4n bara en butik \u2013 det \u00e4r en plats d\u00e4r vinter\u00e4lskare kan samlas, dela tips och njuta av den fantastiska milj\u00f6n runt V\u00e4ster\u00e5s.\r\n<h3 style=\"font-weight: bold;margin-top: 2rem;margin-bottom: 0.5rem\">Uppt\u00e4ck f\u00f6rdelarna med att k\u00f6pa l\u00e4ngdskidor hos oss.<\/h3>\r\nAtt k\u00f6pa l\u00e4ngdskidor hos Aktivt Uteliv inneb\u00e4r mer \u00e4n bara ett k\u00f6p \u2013 det \u00e4r en investering i din vintersportupplevelse. V\u00e5rt friluftscenter p\u00e5 Bj\u00f6rn\u00f6 erbjuder ett brett sortiment av l\u00e4ngdskidor anpassade f\u00f6r b\u00e5de nyb\u00f6rjare och erfarna \u00e5kare.\r\n\r\nOavsett om du f\u00f6redrar klassisk stil eller modern teknik, har vi skidor som passar dina behov och sn\u00f6f\u00f6rh\u00e5llanden. V\u00e5ra experter finns till hands f\u00f6r att guida dig till r\u00e4tt val, s\u00e5 att du kan njuta av de sn\u00f6kl\u00e4dda landskapen runt V\u00e4ster\u00e5s p\u00e5 b\u00e4sta s\u00e4tt. om du mot f\u00f6rmodan inte blir n\u00f6jd med skidorna s\u00e5 hj\u00e4lper vi dig sj\u00e4lvklart att hitta n\u00e5got annat. Efter en dag i sp\u00e5ret kan du koppla av i v\u00e5r vedeldade bastu med isvak, vilket g\u00f6r ditt bes\u00f6k hos oss till en komplett vinterupplevelse.\r\n<h3 style=\"font-weight: bold;margin-top: 2rem;margin-bottom: 0.5rem\">S\u00e5 v\u00e4ljer du r\u00e4tt l\u00e4ngdskidor f\u00f6r dig<\/h3>\r\nAtt k\u00f6pa l\u00e4ngdskidor handlar om att hitta utrustning som passar just din niv\u00e5 och dina m\u00e5l. Hos Aktivt Uteliv f\u00e5r du personlig r\u00e5dgivning f\u00f6r att v\u00e4lja skidor som matchar din \u00e5kstil och de sn\u00f6f\u00f6rh\u00e5llanden du oftast m\u00f6ter runt V\u00e4ster\u00e5s.\r\n\r\nOavsett om du \u00e4r nyb\u00f6rjare eller erfaren \u00e5kare hj\u00e4lper vi dig att hitta r\u00e4tt l\u00e4ngdskidor f\u00f6r att maximera din upplevelse i sp\u00e5ret. Vi erbjuder \u00e4ven tillbeh\u00f6r och tips f\u00f6r att du ska f\u00e5 ut det mesta av din skid\u00e5kning och njuta av vinterns alla m\u00f6jligheter.\r\n<br>\r\n<h3 style=\"font-weight: bold;margin-top: 2rem;margin-bottom: 0.5rem\">K\u00f6pa l\u00e4ngdskidor - Expertr\u00e5d f\u00f6r nyb\u00f6rjare<\/h3>\r\nAtt k\u00f6pa l\u00e4ngdskidor f\u00f6r f\u00f6rsta g\u00e5ngen kan k\u00e4nnas \u00f6verv\u00e4ldigande, men med r\u00e4tt v\u00e4gledning blir det enkelt och roligt. V\u00e5rt team p\u00e5 Aktivt Uteliv hj\u00e4lper dig att f\u00f6rst\u00e5 skillnaden mellan olika skidor, s\u00e5 att du hittar ett par som passar din niv\u00e5 och ambition. Vi f\u00f6rklarar grunderna kring l\u00e4ngd, spann och vallningsfria alternativ, vilket \u00e4r s\u00e4rskilt viktigt f\u00f6r nyb\u00f6rjare. Hos oss f\u00e5r du \u00e4ven prova olika modeller innan k\u00f6p, s\u00e5 att du kan k\u00e4nna dig trygg med ditt val. Vi delar g\u00e4rna med oss av tips om teknik och utrustningsv\u00e5rd, s\u00e5 att din f\u00f6rsta vinter p\u00e5 l\u00e4ngdskidor blir en positiv upplevelse. Kom f\u00f6rbi och uppt\u00e4ck hur enkelt det \u00e4r att k\u00f6pa l\u00e4ngdskidor med personlig service!\r\n<br>\r\n\r\n<img style=\"width: 100%;height: 400px;object-fit: cover;margin-top: 2rem\" src=\"https:\/\/aktivtuteliv.se\/vasteras\/wp-content\/uploads\/sites\/4\/2025\/07\/pexels-simon73-688660-scaled.jpg\" alt=\"K\u00f6pa l\u00e4ngdskidor hos Aktivt Uteliv i V\u00e4ster\u00e5s \u2013 stort utbud f\u00f6r b\u00e5de nyb\u00f6rjare och erfarna \u00e5kare.\" \/>\r\n\r\n<b><\/b>\r\n<h2 style=\"font-weight: bold;margin-top: 2rem;margin-bottom: 0.5rem\">Vinteraktiviteter och l\u00e4ngdskid\u00e5kning i V\u00e4ster\u00e5s<\/h2>\r\nHos oss i V\u00e4ster\u00e5s hittar du inte bara ett stort utbud av l\u00e4ngdskidor f\u00f6r b\u00e5de nyb\u00f6rjare och erfarna \u00e5kare, utan \u00e4ven massor av inspiration till vad du kan g\u00f6ra under vintern. F\u00f6rutom att k\u00f6pa r\u00e4tt utrustning f\u00f6r skid\u00e5kning kan du ta del av tips p\u00e5 <a href=\"https:\/\/aktivtuteliv.se\/vasteras\/event_cat\/aktivtiteter-all\/\">att g\u00f6ra i V\u00e4ster\u00e5s<\/a> \u2013 fr\u00e5n friluftsaktiviteter till evenemang f\u00f6r hela familjen. Efter en dag ute i sp\u00e5ret \u00e4r det perfekt att unna sig en paus och njuta av n\u00e5got gott p\u00e5 v\u00e5rt caf\u00e9. Om du vill f\u00f6rl\u00e4nga vistelsen kan du \u00e4ven boka <a href=\"https:\/\/aktivtuteliv.se\/vasteras\/hyra-stuga-i-vasteras\/\">stuguthyrning<\/a> och uppleva vinterlandskapet p\u00e5 riktigt n\u00e4ra h\u00e5ll. V\u00e4lkommen till ett vinter\u00e4ventyr d\u00e4r du f\u00e5r ut mer av b\u00e5de natur och gemenskap!\r\n<h2 style=\"font-weight: bold;margin-top: 2rem;margin-bottom: 0.5rem\">K\u00f6pa l\u00e4ngdskidor med personlig r\u00e5dgivning<\/h2>\r\nN\u00e4r du v\u00e4ljer att k\u00f6pa l\u00e4ngdskidor hos Aktivt Uteliv f\u00e5r du alltid personlig r\u00e5dgivning av erfarna vinterentusiaster. Vi tar oss tid att f\u00f6rst\u00e5 dina behov, erfarenhetsniv\u00e5 och m\u00e5l med skid\u00e5kningen. P\u00e5 s\u00e5 s\u00e4tt kan vi rekommendera r\u00e4tt modell och utrustning som passar just dig och de sn\u00f6f\u00f6rh\u00e5llanden du oftast m\u00f6ter. V\u00e5r passion f\u00f6r vintersport g\u00f6r att vi g\u00e4rna delar med oss av tips om vallning, sp\u00e5rval och teknik. Att k\u00f6pa l\u00e4ngdskidor ska vara enkelt och tryggt, och hos oss f\u00e5r du st\u00f6d hela v\u00e4gen fr\u00e5n f\u00f6rsta fr\u00e5ga till f\u00e4rdig utrustning. Vi ser till att du f\u00e5r en komplett och anpassad l\u00f6sning f\u00f6r b\u00e4sta m\u00f6jliga skidupplevelse. V\u00e4lkommen att uppt\u00e4cka skillnaden med personlig service!\r\n\r\n<p>\u00a0<br><\/p>\r\n<h4><strong>K\u00f6pa l\u00e4ngdskidor - tips f\u00f6r familjer och barn<\/strong><\/h4>\r\n<p>Ska hela familjen k\u00f6pa l\u00e4ngdskidor? Vi erbjuder r\u00e5dgivning f\u00f6r b\u00e5de vuxna och barn, s\u00e5 att alla f\u00e5r r\u00e4tt utrustning utifr\u00e5n \u00e5lder och niv\u00e5. Barn v\u00e4xer snabbt, s\u00e5 vi guidar kring storlekar och justeringar f\u00f6r att skidorna ska r\u00e4cka l\u00e4ngre. Med r\u00e4tt val blir skid\u00e5kningen roligare och tryggare f\u00f6r hela familjen. Vi har \u00e4ven tillbeh\u00f6r som g\u00f6r att du kan anpassa utrustningen efter barnens utveckling. Hos oss f\u00e5r du tips f\u00f6r att skapa positiva vinterminnen tillsammans.<\/p>\r\n\r\n<p>\u00a0<br><\/p>\r\n<h4><strong>K\u00f6pa l\u00e4ngdskidor - prova innan k\u00f6p p\u00e5 plats<\/strong><\/h4>\r\n<p>Hos oss kan du prova l\u00e4ngdskidor p\u00e5 plats innan du best\u00e4mmer dig, vilket ger en extra trygghet n\u00e4r du ska k\u00f6pa l\u00e4ngdskidor. Du f\u00e5r m\u00f6jlighet att k\u00e4nna p\u00e5 olika modeller och se vilken som passar b\u00e4st f\u00f6r din teknik och komfort. V\u00e5r n\u00e4rhet till skidsp\u00e5r g\u00f6r det enkelt att testa och j\u00e4mf\u00f6ra. Vi hj\u00e4lper dig att analysera din \u00e5kstil f\u00f6r att hitta det perfekta paret. Att prova innan k\u00f6p \u00e4r ett smart s\u00e4tt att s\u00e4kerst\u00e4lla att du blir n\u00f6jd med din investering.<\/p>\r\n<p>\u00a0<br><\/p>\r\n <h2 style=\"font-weight: bold;margin-top: 1rem;margin-bottom: 0.5rem\">K\u00f6pa l\u00e4ngdskidor - Upplev vinterparadiset p\u00e5 Bj\u00f6rn\u00f6<\/h2>\r\n<p>Att k\u00f6pa l\u00e4ngdskidor hos Aktivt Uteliv inneb\u00e4r mer \u00e4n bara utrustning - det \u00e4r en chans att utforska Bj\u00f6rn\u00f6s magiska vinterlandskap. V\u00e5rt friluftscenter ligger p\u00e5 en natursk\u00f6n \u00f6 strax utanf\u00f6r V\u00e4ster\u00e5s och erbjuder unika m\u00f6jligheter till skid\u00e5kning p\u00e5 plogade sp\u00e5r och sj\u00f6is. H\u00e4r kan du kombinera ditt k\u00f6p med en inspirerande dag p\u00e5 sn\u00f6n, f\u00e5 personlig service och prova skidorna direkt p\u00e5 plats. Efter turen v\u00e4ntar en vedeldad bastu och isvak f\u00f6r total avkoppling. Vi hj\u00e4lper dig att hitta r\u00e4tt skidor f\u00f6r b\u00e5de dagsutflykter och l\u00e4ngre \u00e4ventyr. V\u00e4lkommen till en plats d\u00e4r vinterdr\u00f6mmar blir verklighet och d\u00e4r r\u00e4tt utrustning \u00e4r b\u00f6rjan p\u00e5 nya minnen.<\/p>\r\n<br>\r\n<h3 style=\"font-weight: bold;margin-top: 2rem;margin-bottom: 0.5rem\">K\u00f6pa l\u00e4ngdskidor - Njut av naturen p\u00e5 Bj\u00f6rn\u00f6<\/h3>\r\nN\u00e4r du v\u00e4ljer att k\u00f6pa l\u00e4ngdskidor hos Aktivt Uteliv f\u00e5r du inte bara kvalitetsutrustning utan ocks\u00e5 m\u00f6jligheten att uppt\u00e4cka Bj\u00f6rn\u00f6s unika vinterlandskap. Med skidsp\u00e5r och isbanor precis utanf\u00f6r d\u00f6rren kan du direkt testa dina nya skidor i vacker natur. Den n\u00e4rhet till sp\u00e5r och friluftsliv g\u00f6r att du f\u00e5r ut det mesta av din investering. Upplev f\u00e5gelkvitter, sn\u00f6tyngda tr\u00e4d och frisk luft n\u00e4r du glider fram p\u00e5 dina nya l\u00e4ngdskidor. Att k\u00f6pa l\u00e4ngdskidor h\u00e4r inneb\u00e4r att du f\u00e5r personlig service och inspiration till att utforska naturen varje vinterdag. Vi guidar dig till r\u00e4tt val som passar just din upplevelse av Bj\u00f6rn\u00f6. Njut av helheten - utrustning, milj\u00f6 och gemenskap p\u00e5 ett och samma st\u00e4lle.\r\n<br>\r\n<h2 style=\"font-weight: bold;margin-top: 2rem;margin-bottom: 0.5rem\">Sammanfattning<\/h2>\r\nAktivt Uteliv i V\u00e4ster\u00e5s erbjuder ett brett sortiment av l\u00e4ngdskidor f\u00f6r b\u00e5de nyb\u00f6rjare och erfarna \u00e5kare. H\u00e4r hittar du skidor fr\u00e5n ledande m\u00e4rken som Fischer, Madshus och Rossignol, med modeller anpassade f\u00f6r olika sn\u00f6f\u00f6rh\u00e5llanden och \u00e5kstilar. Personlig r\u00e5dgivning hj\u00e4lper dig att v\u00e4lja r\u00e4tt utrustning, och du kan \u00e4ven komplettera med stavar, pj\u00e4xor och skidv\u00e5rdsprodukter. Efter en dag i sp\u00e5ret kan du koppla av i en vedeldad bastu med isvak eller bes\u00f6ka caf\u00e9et. Aktivt Uteliv \u00e4r mer \u00e4n bara en butik \u2013 det \u00e4r en m\u00f6tesplats f\u00f6r vinter\u00e4lskare d\u00e4r du f\u00e5r ut det mesta av din skidupplevelse i natursk\u00f6na V\u00e4ster\u00e5s.\r\n\r\n\u00a0\r\n<h4 style=\"font-weight: bold;margin-top: 2rem;margin-bottom: 0.5rem\">Vanliga fr\u00e5gor (FAQ)<\/h4>\r\n<details><summary>1. Varf\u00f6r \u00e4r det en bra id\u00e9 att k\u00f6pa l\u00e4ngdskidor i V\u00e4ster\u00e5s?<\/summary>\r\n<p style=\"margin-top: 1rem;margin-bottom: 1rem\">Att k\u00f6pa l\u00e4ngdskidor i V\u00e4ster\u00e5s \u00e4r ett utm\u00e4rkt val f\u00f6r vintersportentusiaster eftersom det erbjuder m\u00f6jligheten att utforska de vackra sn\u00f6kl\u00e4dda landskapen runt staden. Med r\u00e4tt utrustning kan du njuta av naturen och f\u00f6rb\u00e4ttra din skidupplevelse.<\/p>\r\n\r\n<\/details><details><summary>2. Vilka typer av l\u00e4ngdskidor finns tillg\u00e4ngliga f\u00f6r olika \u00e5kare?<\/summary>\r\n<p style=\"margin-top: 1rem;margin-bottom: 1rem\">Det finns ett brett sortiment av l\u00e4ngdskidor som passar b\u00e5de nyb\u00f6rjare och erfarna \u00e5kare. Du kan v\u00e4lja mellan klassiska och moderna modeller, anpassade f\u00f6r olika sn\u00f6f\u00f6rh\u00e5llanden och \u00e5kstilar, vilket g\u00f6r det l\u00e4ttare att njuta av din skidtur.<\/p>\r\n\r\n<\/details><details><summary>3. Hur kan jag optimera min skidupplevelse ut\u00f6ver att k\u00f6pa l\u00e4ngdskidor?<\/summary>\r\n<p style=\"margin-top: 1rem;margin-bottom: 1rem\">F\u00f6rutom att k\u00f6pa l\u00e4ngdskidor kan du optimera din upplevelse genom att anv\u00e4nda tillbeh\u00f6r som stavar, pj\u00e4xor och skidv\u00e5rdsprodukter. Efter en dag i sp\u00e5ret kan avkoppling i en vedeldad bastu med isvak ge en perfekt avslutning p\u00e5 din aktiva dag.<\/p>\r\n\r\n<\/details><details><summary>4. Vad kan jag f\u00f6rv\u00e4nta mig av ett friluftscenter i V\u00e4ster\u00e5s?<\/summary>\r\n<p style=\"margin-top: 1rem;margin-bottom: 1rem\">Ett friluftscenter i V\u00e4ster\u00e5s erbjuder mer \u00e4n bara f\u00f6rs\u00e4ljning av utrustning. Det \u00e4r en m\u00f6tesplats f\u00f6r vinter\u00e4lskare d\u00e4r du kan hyra skidor och skridskor, njuta av plogade skridskobanor och skidsp\u00e5r, samt koppla av i en vedeldad bastu med isvak.<\/p>\r\n\r\n<\/details><details><summary>5. Hur v\u00e4ljer jag r\u00e4tt l\u00e4ngdskidor f\u00f6r mina behov och \u00e5kstil?<\/summary>\u00a0\r\n<p style=\"padding: 10px 0\">F\u00f6r att v\u00e4lja r\u00e4tt l\u00e4ngdskidor b\u00f6r du utg\u00e5 fr\u00e5n din erfarenhetsniv\u00e5, \u00e5kstil och de sn\u00f6f\u00f6rh\u00e5llanden du oftast m\u00f6ter. Det finns b\u00e5de klassiska och moderna modeller att v\u00e4lja mellan. Personlig r\u00e5dgivning kan hj\u00e4lpa dig att hitta skidor som ger dig b\u00e4sta m\u00f6jliga skidupplevelse.<\/p>\r\n\r\n<\/details><details><summary>6. Vilka tillbeh\u00f6r rekommenderas n\u00e4r jag ska k\u00f6pa l\u00e4ngdskidor?<\/summary>\u00a0\r\n<p style=\"padding: 10px 0\">N\u00e4r du k\u00f6per l\u00e4ngdskidor \u00e4r det klokt att \u00e4ven investera i passande stavar, pj\u00e4xor och skidv\u00e5rdsprodukter. Dessa tillbeh\u00f6r f\u00f6rb\u00e4ttrar komforten och prestandan i sp\u00e5ret, samtidigt som de hj\u00e4lper till att f\u00f6rl\u00e4nga livsl\u00e4ngden p\u00e5 din skidutrustning.<\/p>\r\n\r\n<\/details><details><summary>7. Vad \u00e4r f\u00f6rdelarna med att k\u00f6pa l\u00e4ngdskidor i V\u00e4ster\u00e5s vintermilj\u00f6?<\/summary>\u00a0\r\n<p style=\"padding: 10px 0\">Att k\u00f6pa l\u00e4ngdskidor i V\u00e4ster\u00e5s inneb\u00e4r att du f\u00e5r tillg\u00e5ng till fina skidsp\u00e5r i natursk\u00f6na milj\u00f6er. Du kan \u00e5ka p\u00e5 plogade banor och njuta av vinteraktiviteter i en omgivning som passar b\u00e5de nyb\u00f6rjare och erfarna \u00e5kare.<\/p>\r\n\r\n<\/details><details><summary>8. Hur kombinerar jag l\u00e4ngdskid\u00e5kning med andra vinteraktiviteter?<\/summary>\u00a0\r\n<p style=\"padding: 10px 0\">F\u00f6rutom l\u00e4ngdskid\u00e5kning kan du hyra skridskor och \u00e5ka p\u00e5 plogade banor eller koppla av i en vedeldad bastu med isvak efter turen. Det ger en komplett vinterupplevelse med m\u00f6jlighet till variation och \u00e5terh\u00e4mtning efter aktiviteterna.<\/p>\r\n\r\n<\/details>\r\n<div class=\"subnavigation-wrapper\" style=\"justify-content: space-evenly;flex-wrap: wrap;padding: 24px;gap: 24px\"><a href=\"https:\/\/aktivtuteliv.se\/vasteras\/konferens\/\">Konferens i v\u00e4ster\u00e5s<\/a><a href=\"https:\/\/aktivtuteliv.se\/vasteras\/event_cat\/aktiviteter-sommar\/\">F\u00f6retagsaktivitet<\/a><a href=\"https:\/\/aktivtuteliv.se\/vasteras\/produkt-kategori\/forsaljning\/kajak\/\">Kajak<\/a><a href=\"https:\/\/aktivtuteliv.se\/vasteras\/hyra-stuga-i-vasteras\/\">Stuguthyrning<\/a><a href=\"https:\/\/aktivtuteliv.se\/vasteras\/produkt-kategori\/forsaljning-2\/langfardsskridskor\/\">L\u00e5ngf\u00e4rdsskridskor<\/a><a href=\"https:\/\/aktivtuteliv.se\/vasteras\/cafe\/\">Cafe v\u00e4ster\u00e5s<\/a><a href=\"https:\/\/aktivtuteliv.se\/vasteras\/event_cat\/klassresa\/\">Klassresor<\/a><a href=\"https:\/\/aktivtuteliv.se\/vasteras\/hyra-langdskidor\/\">L\u00e4ngdskidor<\/a><a href=\"https:\/\/aktivtuteliv.se\/vasteras\/event_cat\/aktivtiteter-all\/\">Att g\u00f6ra i v\u00e4ster\u00e5s<\/a><a href=\"https:\/\/aktivtuteliv.se\/vasteras\/hoghojdsbana\/\">Aktiviteter v\u00e4ster\u00e5s<\/a><a href=\"https:\/\/aktivtuteliv.se\/vasteras\/produkt-kategori\/forsaljning-2\/kajak\/kajaker\/\">K\u00f6pa kajak<\/a><a href=\"https:\/\/aktivtuteliv.se\/vasteras\/event\/klassresa\/\">Klassresa<\/a><a href=\"https:\/\/aktivtuteliv.se\/vasteras\/produkt-kategori\/forsaljning\/cykel\/\">Mountainbike v\u00e4ster\u00e5s<\/a><a href=\"https:\/\/aktivtuteliv.se\/vasteras\/produkt-kategori\/forsaljning-2\/langfardsskridskor\/skenor-langfardsskridskor\/\">K\u00f6pa l\u00e5ngf\u00e4rdsskridskor<\/a><a href=\"https:\/\/aktivtuteliv.se\/vasteras\/traningslager-i-vasteras\/\">Tr\u00e4ningsl\u00e4ger<\/a><a href=\"https:\/\/aktivtuteliv.se\/vasteras\/event\/bjornogardens-mastare\/\">Teambuilding<\/a><a href=\"https:\/\/aktivtuteliv.se\/vasteras\/bjornogardens-cafe\/\">Fika v\u00e4ster\u00e5s<\/a><a href=\"https:\/\/aktivtuteliv.se\/vasteras\/mat-i-grillkatan\/\">Kick off<\/a><a href=\"https:\/\/aktivtuteliv.se\/vasteras\/produkt-kategori\/forsaljning\/\">Friluftsbutik<\/a><\/div>\r\n<\/details>","link":"https:\/\/aktivtuteliv.se\/vasteras\/produkt-kategori\/forsaljning\/langdskidor\/skidor-langdskidor\/","name":"Skidor","slug":"skidor-langdskidor","taxonomy":"product_cat","parent":758,"meta":[],"acf":[],"yoast_head":"<!-- This site is optimized with the Yoast SEO plugin v23.0 - https:\/\/yoast.com\/wordpress\/plugins\/seo\/ -->\n<title>K\u00f6pa l\u00e4ngdskidor hos Aktivt Uteliv - stort utbud.<\/title>\n<meta name=\"description\" content=\"K\u00f6p l\u00e4ngdskidor hos Aktivt Uteliv f\u00f6r h\u00f6gkvalitativ utrustning och expertis. V\u00e4lj fr\u00e5n ett brett sortiment f\u00f6r alla \u00e5kare. Njut av vintern med r\u00e4tt skidor.\" \/>\n<meta name=\"robots\" content=\"index, follow, max-snippet:-1, max-image-preview:large, max-video-preview:-1\" \/>\n<link rel=\"canonical\" href=\"https:\/\/aktivtuteliv.se\/vasteras\/produkt-kategori\/forsaljning\/langdskidor\/skidor-langdskidor\/\" \/>\n<meta property=\"og:locale\" content=\"sv_SE\" \/>\n<meta property=\"og:type\" content=\"article\" \/>\n<meta property=\"og:title\" content=\"K\u00f6pa l\u00e4ngdskidor hos Aktivt Uteliv - stort utbud.\" \/>\n<meta property=\"og:description\" content=\"K\u00f6p l\u00e4ngdskidor hos Aktivt Uteliv f\u00f6r h\u00f6gkvalitativ utrustning och expertis. V\u00e4lj fr\u00e5n ett brett sortiment f\u00f6r alla \u00e5kare. Njut av vintern med r\u00e4tt skidor.\" \/>\n<meta property=\"og:url\" content=\"https:\/\/aktivtuteliv.se\/vasteras\/produkt-kategori\/forsaljning\/langdskidor\/skidor-langdskidor\/\" \/>\n<meta property=\"og:site_name\" content=\"V\u00e4ster\u00e5s\" \/>\n<meta property=\"og:image\" content=\"https:\/\/aktivtuteliv.se\/vasteras\/wp-content\/uploads\/sites\/4\/2025\/07\/pexels-simon73-688660-scaled.jpg\" \/>\n<meta name=\"twitter:card\" content=\"summary_large_image\" \/>\n<meta name=\"twitter:site\" content=\"@aktivtuteliv\" \/>\n<script type=\"application\/ld+json\" class=\"yoast-schema-graph\">{\"@context\":\"https:\/\/schema.org\",\"@graph\":[{\"@type\":\"CollectionPage\",\"@id\":\"https:\/\/aktivtuteliv.se\/vasteras\/produkt-kategori\/forsaljning\/langdskidor\/skidor-langdskidor\/\",\"url\":\"https:\/\/aktivtuteliv.se\/vasteras\/produkt-kategori\/forsaljning\/langdskidor\/skidor-langdskidor\/\",\"name\":\"K\u00f6pa l\u00e4ngdskidor hos Aktivt Uteliv - stort utbud.\",\"isPartOf\":{\"@id\":\"https:\/\/aktivtuteliv.se\/vasteras\/#website\"},\"description\":\"K\u00f6p l\u00e4ngdskidor hos Aktivt Uteliv f\u00f6r h\u00f6gkvalitativ utrustning och expertis. V\u00e4lj fr\u00e5n ett brett sortiment f\u00f6r alla \u00e5kare. Njut av vintern med r\u00e4tt skidor.\",\"breadcrumb\":{\"@id\":\"https:\/\/aktivtuteliv.se\/vasteras\/produkt-kategori\/forsaljning\/langdskidor\/skidor-langdskidor\/#breadcrumb\"},\"inLanguage\":\"sv-SE\"},{\"@type\":\"BreadcrumbList\",\"@id\":\"https:\/\/aktivtuteliv.se\/vasteras\/produkt-kategori\/forsaljning\/langdskidor\/skidor-langdskidor\/#breadcrumb\",\"itemListElement\":[{\"@type\":\"ListItem\",\"position\":1,\"name\":\"Home\",\"item\":\"https:\/\/aktivtuteliv.se\/vasteras\/\"},{\"@type\":\"ListItem\",\"position\":2,\"name\":\"F\u00f6rs\u00e4ljning\",\"item\":\"https:\/\/aktivtuteliv.se\/vasteras\/produkt-kategori\/forsaljning\/\"},{\"@type\":\"ListItem\",\"position\":3,\"name\":\"L\u00e4ngdskidor\",\"item\":\"https:\/\/aktivtuteliv.se\/vasteras\/produkt-kategori\/forsaljning\/langdskidor\/\"},{\"@type\":\"ListItem\",\"position\":4,\"name\":\"Skidor\"}]},{\"@type\":\"WebSite\",\"@id\":\"https:\/\/aktivtuteliv.se\/vasteras\/#website\",\"url\":\"https:\/\/aktivtuteliv.se\/vasteras\/\",\"name\":\"Aktivt Uteliv Bj\u00f6rn\u00f6g\u00e5rden\",\"description\":\"Ett friluftscenter i V\u00e4ster\u00e5s\",\"publisher\":{\"@id\":\"https:\/\/aktivtuteliv.se\/vasteras\/#organization\"},\"potentialAction\":[{\"@type\":\"SearchAction\",\"target\":{\"@type\":\"EntryPoint\",\"urlTemplate\":\"https:\/\/aktivtuteliv.se\/vasteras\/?s={search_term_string}\"},\"query-input\":\"required name=search_term_string\"}],\"inLanguage\":\"sv-SE\"},{\"@type\":\"Organization\",\"@id\":\"https:\/\/aktivtuteliv.se\/vasteras\/#organization\",\"name\":\"Aktivt Uteliv Bj\u00f6rn\u00f6g\u00e5rden\",\"url\":\"https:\/\/aktivtuteliv.se\/vasteras\/\",\"logo\":{\"@type\":\"ImageObject\",\"inLanguage\":\"sv-SE\",\"@id\":\"https:\/\/aktivtuteliv.se\/vasteras\/#\/schema\/logo\/image\/\",\"url\":\"https:\/\/e5gp8rwuod7.exactdn.com\/vasteras\/wp-content\/uploads\/sites\/4\/2025\/01\/AUB-pms.png?strip=all&lossy=1&ssl=1\",\"contentUrl\":\"https:\/\/e5gp8rwuod7.exactdn.com\/vasteras\/wp-content\/uploads\/sites\/4\/2025\/01\/AUB-pms.png?strip=all&lossy=1&ssl=1\",\"width\":1894,\"height\":1165,\"caption\":\"Aktivt Uteliv Bj\u00f6rn\u00f6g\u00e5rden\"},\"image\":{\"@id\":\"https:\/\/aktivtuteliv.se\/vasteras\/#\/schema\/logo\/image\/\"},\"sameAs\":[\"https:\/\/www.facebook.com\/aktivtutelivbjornogarden\",\"https:\/\/x.com\/aktivtuteliv\",\"https:\/\/www.instagram.com\/aktivtuteliv_bjornogarden\"]}]}<\/script>\n<!-- \/ Yoast SEO plugin. -->","yoast_head_json":{"title":"K\u00f6pa l\u00e4ngdskidor hos Aktivt Uteliv - stort utbud.","description":"K\u00f6p l\u00e4ngdskidor hos Aktivt Uteliv f\u00f6r h\u00f6gkvalitativ utrustning och expertis. V\u00e4lj fr\u00e5n ett brett sortiment f\u00f6r alla \u00e5kare. Njut av vintern med r\u00e4tt skidor.","robots":{"index":"index","follow":"follow","max-snippet":"max-snippet:-1","max-image-preview":"max-image-preview:large","max-video-preview":"max-video-preview:-1"},"canonical":"https:\/\/aktivtuteliv.se\/vasteras\/produkt-kategori\/forsaljning\/langdskidor\/skidor-langdskidor\/","og_locale":"sv_SE","og_type":"article","og_title":"K\u00f6pa l\u00e4ngdskidor hos Aktivt Uteliv - stort utbud.","og_description":"K\u00f6p l\u00e4ngdskidor hos Aktivt Uteliv f\u00f6r h\u00f6gkvalitativ utrustning och expertis. V\u00e4lj fr\u00e5n ett brett sortiment f\u00f6r alla \u00e5kare. Njut av vintern med r\u00e4tt skidor.","og_url":"https:\/\/aktivtuteliv.se\/vasteras\/produkt-kategori\/forsaljning\/langdskidor\/skidor-langdskidor\/","og_site_name":"V\u00e4ster\u00e5s","og_image":[{"url":"https:\/\/aktivtuteliv.se\/vasteras\/wp-content\/uploads\/sites\/4\/2025\/07\/pexels-simon73-688660-scaled.jpg"}],"twitter_card":"summary_large_image","twitter_site":"@aktivtuteliv","schema":{"@context":"https:\/\/schema.org","@graph":[{"@type":"CollectionPage","@id":"https:\/\/aktivtuteliv.se\/vasteras\/produkt-kategori\/forsaljning\/langdskidor\/skidor-langdskidor\/","url":"https:\/\/aktivtuteliv.se\/vasteras\/produkt-kategori\/forsaljning\/langdskidor\/skidor-langdskidor\/","name":"K\u00f6pa l\u00e4ngdskidor hos Aktivt Uteliv - stort utbud.","isPartOf":{"@id":"https:\/\/aktivtuteliv.se\/vasteras\/#website"},"description":"K\u00f6p l\u00e4ngdskidor hos Aktivt Uteliv f\u00f6r h\u00f6gkvalitativ utrustning och expertis. V\u00e4lj fr\u00e5n ett brett sortiment f\u00f6r alla \u00e5kare. Njut av vintern med r\u00e4tt skidor.","breadcrumb":{"@id":"https:\/\/aktivtuteliv.se\/vasteras\/produkt-kategori\/forsaljning\/langdskidor\/skidor-langdskidor\/#breadcrumb"},"inLanguage":"sv-SE"},{"@type":"BreadcrumbList","@id":"https:\/\/aktivtuteliv.se\/vasteras\/produkt-kategori\/forsaljning\/langdskidor\/skidor-langdskidor\/#breadcrumb","itemListElement":[{"@type":"ListItem","position":1,"name":"Home","item":"https:\/\/aktivtuteliv.se\/vasteras\/"},{"@type":"ListItem","position":2,"name":"F\u00f6rs\u00e4ljning","item":"https:\/\/aktivtuteliv.se\/vasteras\/produkt-kategori\/forsaljning\/"},{"@type":"ListItem","position":3,"name":"L\u00e4ngdskidor","item":"https:\/\/aktivtuteliv.se\/vasteras\/produkt-kategori\/forsaljning\/langdskidor\/"},{"@type":"ListItem","position":4,"name":"Skidor"}]},{"@type":"WebSite","@id":"https:\/\/aktivtuteliv.se\/vasteras\/#website","url":"https:\/\/aktivtuteliv.se\/vasteras\/","name":"Aktivt Uteliv Bj\u00f6rn\u00f6g\u00e5rden","description":"Ett friluftscenter i V\u00e4ster\u00e5s","publisher":{"@id":"https:\/\/aktivtuteliv.se\/vasteras\/#organization"},"potentialAction":[{"@type":"SearchAction","target":{"@type":"EntryPoint","urlTemplate":"https:\/\/aktivtuteliv.se\/vasteras\/?s={search_term_string}"},"query-input":"required name=search_term_string"}],"inLanguage":"sv-SE"},{"@type":"Organization","@id":"https:\/\/aktivtuteliv.se\/vasteras\/#organization","name":"Aktivt Uteliv Bj\u00f6rn\u00f6g\u00e5rden","url":"https:\/\/aktivtuteliv.se\/vasteras\/","logo":{"@type":"ImageObject","inLanguage":"sv-SE","@id":"https:\/\/aktivtuteliv.se\/vasteras\/#\/schema\/logo\/image\/","url":"https:\/\/e5gp8rwuod7.exactdn.com\/vasteras\/wp-content\/uploads\/sites\/4\/2025\/01\/AUB-pms.png?strip=all&lossy=1&ssl=1","contentUrl":"https:\/\/e5gp8rwuod7.exactdn.com\/vasteras\/wp-content\/uploads\/sites\/4\/2025\/01\/AUB-pms.png?strip=all&lossy=1&ssl=1","width":1894,"height":1165,"caption":"Aktivt Uteliv Bj\u00f6rn\u00f6g\u00e5rden"},"image":{"@id":"https:\/\/aktivtuteliv.se\/vasteras\/#\/schema\/logo\/image\/"},"sameAs":["https:\/\/www.facebook.com\/aktivtutelivbjornogarden","https:\/\/x.com\/aktivtuteliv","https:\/\/www.instagram.com\/aktivtuteliv_bjornogarden"]}]}},"_links":{"self":[{"href":"https:\/\/aktivtuteliv.se\/vasteras\/wp-json\/wp\/v2\/product_cat\/767","targetHints":{"allow":["GET"]}}],"collection":[{"href":"https:\/\/aktivtuteliv.se\/vasteras\/wp-json\/wp\/v2\/product_cat"}],"about":[{"href":"https:\/\/aktivtuteliv.se\/vasteras\/wp-json\/wp\/v2\/taxonomies\/product_cat"}],"up":[{"embeddable":true,"href":"https:\/\/aktivtuteliv.se\/vasteras\/wp-json\/wp\/v2\/product_cat\/758"}],"wp:post_type":[{"href":"https:\/\/aktivtuteliv.se\/vasteras\/wp-json\/wp\/v2\/product?product_cat=767"}],"curies":[{"name":"wp","href":"https:\/\/api.w.org\/{rel}","templated":true}]}}