{"id":771,"count":20,"description":"K\u00f6pa mountainbike i V\u00e4ster\u00e5s, det g\u00f6r du i v\u00e5r sport- och friluftsbutik p\u00e5 Bj\u00f6rn\u00f6g\u00e5rden. H\u00e4r f\u00e5r du goda r\u00e5d, och hj\u00e4lp, direkt fr\u00e5n en av v\u00e5ra erfarna mountainbikeinstrukt\u00f6rer. Vi har inte s\u00e4rskilt stort utbud, men det vi erbjuder \u00e4r noga utvalt och testat av oss. Detta f\u00f6r att v\u00e5rt sortiment ska uppfylla de krav vi har vid stigcykling.\r\n<h2 style=\"font-weight: bold;margin-top: 2rem;margin-bottom: 0.5rem\">Hyr, testa, k\u00f6p<\/h2>\r\nOm du vill k\u00f6pa en mountainbike i V\u00e4ster\u00e5s finns m\u00f6jligheten att hyra en mountainbike, testa den under valfri hyresperiod och sedan f\u00e5r du dra av hyran n\u00e4r du k\u00f6per ett ny, likadan cykel av oss. De cyklar vi s\u00e4ljer hittar du med andra ord i v\u00e5r uthyrning och det \u00e4r ett v\u00e4ldigt gott betyg - om cykeln h\u00e5ller i en uthyrning g\u00f6r den \u00e4ven det n\u00e4r du anv\u00e4nder den privat!\r\n<h2 data-start=\"113\" data-end=\"183\"><strong>V\u00e4lkommen till v\u00e5r e-handel \u2013 sport och friluftsliv, var du \u00e4n \u00e4r<\/strong><\/h2>\r\n<p data-start=\"185\" data-end=\"418\">Nu kan du ta del av v\u00e5r passion och kompetens \u00e4ven p\u00e5 distans! Alla produkter som finns i v\u00e5r sport- och friluftsbutik p\u00e5 Bj\u00f6rn\u00f6g\u00e5rden hittar du ocks\u00e5 h\u00e4r i v\u00e5r webshop \u2013 redo att skickas hem till dig, oavsett var i Sverige du bor.<\/p>\r\n<p data-start=\"420\" data-end=\"747\">Hos oss \u00e4r e-handel mer \u00e4n bara klick och leverans. Vi \u00e4r en butik som uppskattar kontakt med v\u00e5ra kunder, och vi ger dig g\u00e4rna samma tips och r\u00e5d \u00f6ver telefon som v\u00e5ra bes\u00f6kare f\u00e5r p\u00e5 plats i butiken. Tveka inte att ringa oss om du vill ha hj\u00e4lp att v\u00e4lja r\u00e4tt produkt \u2013 vi delar g\u00e4rna med oss av v\u00e5r erfarenhet och kunskap.<\/p>\r\n<p data-start=\"749\" data-end=\"841\"><strong>Handla enkelt online, men med tryggheten och den personliga servicen fr\u00e5n en riktig butik.<\/strong><\/p>\r\n\r\n\r\n<hr \/>\r\n<p style=\"font-weight: bold;margin-top: 2rem\"><b>Mountainbike i V\u00e4ster\u00e5s \u2013 Cykel\u00e4ventyr i naturen<\/b><\/p>\r\nMountainbike i V\u00e4ster\u00e5s erbjuder en sp\u00e4nnande m\u00f6jlighet att utforska den natursk\u00f6na terr\u00e4ngen kring Bj\u00f6rn\u00f6 och V\u00e4ster\u00e5s. V\u00e5rt friluftscenter, bel\u00e4get p\u00e5 Bj\u00f6rn\u00f6, utg\u00f6r den perfekta utg\u00e5ngspunkten f\u00f6r b\u00e5de nyb\u00f6rjare och erfarna cyklister som vill uppleva stigcykling i sitt esse. H\u00e4r kan du hyra mountainbikes av h\u00f6g kvalitet och testa dem p\u00e5 v\u00e5ra v\u00e4l underh\u00e5llna leder innan du best\u00e4mmer dig f\u00f6r att k\u00f6pa.\r\n\r\n<details><summary style=\"cursor: pointer;background-color: #f57c00;color: white;padding: 10px;border: none;border-radius: 5px;font-weight: bold;text-align: center;max-width: 150px;margin-bottom: 1rem\"><b>L\u00e4s mer<\/b><\/summary>Butiken erbjuder ett noga utvalt sortiment av cyklar som \u00e4r testade och godk\u00e4nda av v\u00e5ra erfarna instrukt\u00f6rer, vilket s\u00e4kerst\u00e4ller att du f\u00e5r en cykel som klarar av de utmaningar som stigcykling i V\u00e4ster\u00e5s inneb\u00e4r.\r\n<p style=\"margin-top: 1rem\">Dessutom finns m\u00f6jligheten att hyra en cykel och sedan dra av hyran vid k\u00f6p av en likadan ny cykel, vilket g\u00f6r det enkelt att hitta r\u00e4tt modell f\u00f6r just dina behov.<\/p>\r\n<p style=\"margin-top: 1rem\">Ut\u00f6ver cykling kan du njuta av andra friluftsaktiviteter i omr\u00e5det, som l\u00e4ngdskid\u00e5kning och skridsko\u00e5kning under vintern. Efter en dag fylld med \u00e4ventyr kan du koppla av i v\u00e5r vedeldade bastu med utsikt \u00f6ver isvaken. Oavsett s\u00e4song erbjuder v\u00e5rt friluftscenter en komplett upplevelse f\u00f6r alla natur- och sportentusiaster.<\/p>\r\n<p style=\"margin-top: 1rem\">V\u00e4ster\u00e5s \u00e4r en stad rik p\u00e5 m\u00f6jligheter f\u00f6r mountainbikecykling, med varierande terr\u00e4ng och vackra vyer. S\u00e5 oavsett om du \u00e4r ute efter en lugn tur eller en mer utmanande stig, finns det n\u00e5got f\u00f6r alla. V\u00e4lkommen att uppt\u00e4cka mountainbike i V\u00e4ster\u00e5s hos Aktivt Uteliv!<\/p>\r\n\r\n<h2 style=\"font-weight: bold;margin-top: 2rem;margin-bottom: 0.5rem\">Uppt\u00e4ck Mountainbike i V\u00e4ster\u00e5s<\/h2>\r\nMountainbike i V\u00e4ster\u00e5s erbjuder en unik m\u00f6jlighet att utforska den natursk\u00f6na terr\u00e4ngen kring Bj\u00f6rn\u00f6. V\u00e5rt friluftscenter \u00e4r den perfekta startpunkten f\u00f6r b\u00e5de nyb\u00f6rjare och erfarna cyklister som vill uppleva stigcykling i sitt esse. H\u00e4r kan du hyra mountainbikes av h\u00f6g kvalitet och testa dem p\u00e5 v\u00e5ra v\u00e4l underh\u00e5llna leder innan du best\u00e4mmer dig f\u00f6r att k\u00f6pa.\r\n<p style=\"margin-top: 1rem\">Vi erbjuder ett noga utvalt sortiment av cyklar som \u00e4r testade och godk\u00e4nda av v\u00e5ra erfarna instrukt\u00f6rer, vilket s\u00e4kerst\u00e4ller att du f\u00e5r en cykel som klarar av de utmaningar som stigcykling i V\u00e4ster\u00e5s inneb\u00e4r. Dessutom finns m\u00f6jligheten att hyra en cykel och sedan dra av hyran vid k\u00f6p av en likadan ny cykel, vilket g\u00f6r det enkelt att hitta r\u00e4tt modell f\u00f6r just dina behov.<\/p>\r\n<p style=\"margin-top: 1rem\">Ut\u00f6ver cykling kan du njuta av andra friluftsaktiviteter i omr\u00e5det, som l\u00e4ngdskid\u00e5kning och skridsko\u00e5kning under vintern. Efter en dag fylld med \u00e4ventyr kan du koppla av i v\u00e5r vedeldade bastu med utsikt \u00f6ver isvaken. Oavsett s\u00e4song erbjuder v\u00e5rt friluftscenter en komplett upplevelse f\u00f6r alla natur- och sportentusiaster.<\/p>\r\n<p style=\"margin-top: 1rem\">V\u00e4ster\u00e5s \u00e4r en stad rik p\u00e5 m\u00f6jligheter f\u00f6r mountainbikecykling, med varierande terr\u00e4ng och vackra vyer. S\u00e5 oavsett om du \u00e4r ute efter en lugn tur eller en mer utmanande stig, finns det n\u00e5got f\u00f6r alla. V\u00e4lkommen att uppt\u00e4cka mountainbike i V\u00e4ster\u00e5s!<\/p>\r\n\r\n<h3 style=\"font-weight: bold;margin-top: 2rem;margin-bottom: 0.5rem\">Uppt\u00e4ck stigcyklingens p\u00e4rlor i V\u00e4ster\u00e5s.<\/h3>\r\nMountainbike i V\u00e4ster\u00e5s erbjuder en unik chans att utforska den natursk\u00f6na terr\u00e4ngen kring Bj\u00f6rn\u00f6. Aktivt Uteliv \u00e4r en idealisk startpunkt f\u00f6r b\u00e5de nyb\u00f6rjare och erfarna cyklister som vill uppleva stigcykling i sitt esse.\r\n\r\nH\u00e4r finns m\u00f6jlighet att hyra mountainbikes av h\u00f6g kvalitet och prova dem p\u00e5 de v\u00e4l underh\u00e5llna lederna innan ett eventuellt k\u00f6p. Med ett noggrant utvalt sortiment av cyklar, testade och godk\u00e4nda av v\u00e5ra erfarna instrukt\u00f6rer, f\u00f6rs\u00e4krar vi att du f\u00e5r en cykel som klarar de utmaningar som stigcykling i V\u00e4ster\u00e5s inneb\u00e4r.\r\n\r\nDessutom kan man njuta av andra friluftsaktiviteter i omr\u00e5det, som l\u00e4ngdskid\u00e5kning och skridsko\u00e5kning under vintern. Efter en dag fylld med \u00e4ventyr finns m\u00f6jlighet att koppla av i den vedeldade bastun med utsikt \u00f6ver isvaken.\r\n\r\nOavsett s\u00e4song erbjuder Aktivt Uteliv en komplett upplevelse f\u00f6r alla natur- och sportentusiaster. V\u00e4lkommen att uppt\u00e4cka mountainbike i V\u00e4ster\u00e5s!\r\n<h3 style=\"font-weight: bold;margin-top: 2rem;margin-bottom: 0.5rem\">Uppt\u00e4ck mountainbikeleder i V\u00e4ster\u00e5s \u2013 cykla p\u00e5 Bj\u00f6rn\u00f6<\/h3>\r\nMountainbike i V\u00e4ster\u00e5s \u00e4r ett fantastiskt s\u00e4tt att uppleva naturen kring Bj\u00f6rn\u00f6 och M\u00e4laren. Hos Aktivt Uteliv kan du hyra moderna mountainbikes och ge dig ut p\u00e5 v\u00e4lsk\u00f6tta stigar som passar b\u00e5de nyb\u00f6rjare och erfarna cyklister.\r\n\r\nV\u00e5ra leder slingrar sig genom skog och \u00f6ver \u00f6ppna f\u00e4lt, med vackra vyer \u00f6ver vattnet. Vill du k\u00f6pa egen cykel kan du testa olika modeller innan du best\u00e4mmer dig. Kombinera din cykeltur med andra friluftsaktiviteter och avsluta dagen med ett bastubad \u2013 allt p\u00e5 ett och samma st\u00e4lle n\u00e4ra V\u00e4ster\u00e5s centrum.\r\n<br>\r\n<h3 style=\"font-weight: bold;margin-top: 2rem;margin-bottom: 0.5rem\">S\u00e5 v\u00e4ljer du r\u00e4tt mountainbike i V\u00e4ster\u00e5s<\/h3>\r\nAtt v\u00e4lja r\u00e4tt mountainbike i V\u00e4ster\u00e5s handlar om att hitta en cykel som passar b\u00e5de din kroppsstorlek och cykelvana. Fundera p\u00e5 vilken typ av terr\u00e4ng du vill cykla p\u00e5 och om du fr\u00e4mst ska anv\u00e4nda cykeln p\u00e5 lederna kring Bj\u00f6rn\u00f6 eller f\u00f6r l\u00e4ngre turer. Testa g\u00e4rna flera modeller innan du best\u00e4mmer dig - Aktivt Utelivs uthyrning g\u00f6r det enkelt. R\u00e4tt d\u00e4mpning, bromsar och v\u00e4xlar kan g\u00f6ra stor skillnad f\u00f6r din upplevelse. Aktivt Utelivs instrukt\u00f6rer ger g\u00e4rna r\u00e5d om vilka modeller som fungerar b\u00e4st f\u00f6r stigcykling i V\u00e4ster\u00e5s. Kom in och provcykla f\u00f6r att hitta din favorit. Vi hj\u00e4lper dig hela v\u00e4gen till r\u00e4tt val!\r\n<br>\r\n\r\n<img style=\"width: 100%;height: 400px;object-fit: cover;margin-top: 2rem\" src=\"https:\/\/aktivtuteliv.se\/vasteras\/wp-content\/uploads\/sites\/4\/2025\/07\/pexels-asphotograpy-172510-scaled.jpg\" alt=\"Mountainbike V\u00e4ster\u00e5s \u2013 testa och k\u00f6p kvalitetscyklar hos Aktivt Uteliv p\u00e5 Bj\u00f6rn\u00f6.\" \/>\r\n<h2 style=\"font-weight: bold;margin-top: 2rem;margin-bottom: 0.5rem\">Upplev friluftsliv och \u00e4ventyr \u00e5ret runt i V\u00e4ster\u00e5s<\/h2>\r\nHos Aktivt Uteliv i V\u00e4ster\u00e5s hittar du allt f\u00f6r ett aktivt och naturn\u00e4ra liv. V\u00e5r <a title=\"Friluftsbutik\" href=\"https:\/\/aktivtuteliv.se\/vasteras\/produkt-kategori\/forsaljning\/\">friluftsbutik<\/a> erbjuder ett noga utvalt sortiment f\u00f6r b\u00e5de nyb\u00f6rjare och erfarna friluftsentusiaster, oavsett om du vill cykla, \u00e5ka skridskor eller vandra. F\u00f6r dig som s\u00f6ker en l\u00e4ngre vistelse i naturen finns \u00e4ven m\u00f6jligheten till <a title=\"Stuguthyrning\" href=\"https:\/\/aktivtuteliv.se\/vasteras\/hyra-stuga-i-vasteras\/\">stuguthyrning<\/a> p\u00e5 Bj\u00f6rn\u00f6, d\u00e4r du kan njuta av lugnet och n\u00e4rheten till M\u00e4laren. Kombinera ditt \u00e4ventyr med bastubad, paddling eller cykeltur \u2013 hos oss finns upplevelser f\u00f6r alla \u00e5rstider och smaker.\r\n<br>\r\n<h2 style=\"font-weight: bold;margin-top: 2rem;margin-bottom: 0.5rem\">Guidade mountainbiketurer i V\u00e4ster\u00e5s natur<\/h2>\r\n<p>Uppt\u00e4ck mountainbike V\u00e4ster\u00e5s med hj\u00e4lp av kunniga guider som tar dig genom omr\u00e5dets b\u00e4sta stigar och leder. Oavsett om du \u00e4r nyb\u00f6rjare eller erfaren cyklist f\u00e5r du ut det mesta av din cykelupplevelse med guidning. Guiderna delar med sig av lokala tips, teknikr\u00e5d och visar v\u00e4gen till de mest natursk\u00f6na platserna runt Bj\u00f6rn\u00f6 och M\u00e4laren. Det \u00e4r ett utm\u00e4rkt s\u00e4tt att utvecklas som cyklist och samtidigt utforska nya milj\u00f6er. Guidade turer passar b\u00e5de enskilda, grupper och familjer. Med r\u00e4tt v\u00e4gledning blir din mountainbikeupplevelse i V\u00e4ster\u00e5s b\u00e5de tryggare och roligare. Ta chansen att hitta nya favoritstigar tillsammans med andra cykelentusiaster.<\/p>\r\n\r\n<p>\u00a0<br><\/p>\r\n<h4><strong>Mountainbike V\u00e4ster\u00e5s - milj\u00f6v\u00e4nliga cykeltips<\/strong><\/h4>\r\n<p>Att cykla mountainbike i V\u00e4ster\u00e5s \u00e4r ett milj\u00f6v\u00e4nligt s\u00e4tt att uppt\u00e4cka naturen. F\u00f6lj markerade leder f\u00f6r att skydda v\u00e4xt- och djurliv och ta alltid med ditt skr\u00e4p hem. Anv\u00e4nd g\u00e4rna cyklar med milj\u00f6v\u00e4nliga komponenter och v\u00e4lj uppladdningsbara lampor. Att ta sig ut till lederna med cykel eller kollektivtrafik minskar klimatp\u00e5verkan. Med n\u00e5gra enkla val blir mountainbike V\u00e4ster\u00e5s ett \u00e4nnu gr\u00f6nare \u00e4ventyr.<\/p>\r\n\r\n<p>\u00a0<br><\/p>\r\n<h4><strong>Mountainbike V\u00e4ster\u00e5s - s\u00e5 tar du hand om din cykel<\/strong><\/h4>\r\n<p>Efter en dag p\u00e5 stigarna kring V\u00e4ster\u00e5s \u00e4r det viktigt att ta hand om din mountainbike. Sk\u00f6lj av lera och grus, torka kedjan och kontrollera att v\u00e4xlar och bromsar fungerar. Regelbunden service f\u00f6rl\u00e4nger cykelns livsl\u00e4ngd och ger dig s\u00e4krare turer. Instrukt\u00f6rerna ger g\u00e4rna tips om sk\u00f6tsel och underh\u00e5ll. Bra omv\u00e5rdnad g\u00f6r att din mountainbike V\u00e4ster\u00e5s alltid \u00e4r redo f\u00f6r n\u00e4sta \u00e4ventyr.<\/p>\r\n\r\n<p>\u00a0<br><\/p>\r\n<h2 style=\"font-weight: bold;margin-top: 2rem;margin-bottom: 0.5rem\">K\u00f6p mountainbike i V\u00e4ster\u00e5s med personlig r\u00e5dgivning<\/h2>\r\n<p>N\u00e4r du ska k\u00f6pa mountainbike i V\u00e4ster\u00e5s f\u00e5r du personlig r\u00e5dgivning av erfarna instrukt\u00f6rer. De hj\u00e4lper dig att hitta r\u00e4tt modell utifr\u00e5n din kroppsstorlek, cykelvana och de leder du vill utforska. Genom att diskutera dina \u00f6nskem\u00e5l och behov kan du undvika vanliga misstag och hitta en cykel som h\u00e5ller l\u00e4nge. Personlig service g\u00f6r att du f\u00e5r svar p\u00e5 alla dina fr\u00e5gor, b\u00e5de om teknik och utrustning. Det ger trygghet och \u00f6kar chansen att du blir n\u00f6jd med ditt k\u00f6p. Att handla lokalt i V\u00e4ster\u00e5s inneb\u00e4r ocks\u00e5 att du kan f\u00e5 hj\u00e4lp med justeringar och service. Hos Aktivt Uteliv \u00e4r du aldrig ensam p\u00e5 din cykelresa.<\/p>\r\n<br>\r\n<h3 style=\"font-weight: bold;margin-top: 2rem;margin-bottom: 0.5rem\">Cykla mountainbike i V\u00e4ster\u00e5s och njut av bastubad<\/h3>\r\nEfter en dag p\u00e5 mountainbike i V\u00e4ster\u00e5s kan du koppla av i Aktivt Utelivs vedeldade bastu med utsikt \u00f6ver naturen. Bastun \u00e4r vackert bel\u00e4gen vid vattnet och passar perfekt f\u00f6r att mjuka upp tr\u00f6tta muskler efter cykelturen. Kombinationen av fysisk aktivitet och avkoppling ger en komplett upplevelse. Bastubad efter cykling \u00e4r en uppskattad tradition bland v\u00e5ra bes\u00f6kare. Under vintern finns m\u00f6jlighet att ta ett dopp i isvaken f\u00f6r en extra uppfriskande k\u00e4nsla. Bastun bokas enkelt i samband med cykelaktiviteten. H\u00e4r f\u00e5r du b\u00e5de \u00e4ventyr och \u00e5terh\u00e4mtning vid V\u00e4ster\u00e5s sj\u00f6.\r\n<br>\r\n<h2 style=\"font-weight: bold;margin-top: 2rem;margin-bottom: 0.5rem\">Sammanfattning<\/h2><p>\r\nUppt\u00e4ck mountainbike i V\u00e4ster\u00e5s hos Aktivt Uteliv p\u00e5 Bj\u00f6rn\u00f6g\u00e5rden. H\u00e4r kan du hyra och testa kvalitetscyklar p\u00e5 natursk\u00f6na stigar innan du best\u00e4mmer dig f\u00f6r k\u00f6p. Hyran dras av vid k\u00f6p av en likadan ny cykel, vilket g\u00f6r det enkelt att hitta r\u00e4tt modell. Sortimentet \u00e4r noga utvalt och testat av erfarna instrukt\u00f6rer, s\u00e5 du kan k\u00e4nna dig trygg med ditt val. F\u00f6rutom cykling erbjuds friluftsaktiviteter \u00e5ret runt, som l\u00e4ngdskid\u00e5kning, skridsko\u00e5kning och bastubad. Handla enkelt online eller bes\u00f6k butiken f\u00f6r personlig service och tips \u2013 allt f\u00f6r ett aktivt uteliv i V\u00e4ster\u00e5s.<\/p>\r\n<br>\r\n<h4 style=\"font-weight: bold;margin-top: 2rem;margin-bottom: 0.5rem\">Vanliga fr\u00e5gor (FAQ)<\/h4>\r\n<details><summary>1. Vad erbjuder Aktivt Uteliv f\u00f6r mountainbikeentusiaster i V\u00e4ster\u00e5s?<\/summary>\r\n<p style=\"margin-top: 1rem;margin-bottom: 1rem\">Aktivt Uteliv erbjuder en sp\u00e4nnande m\u00f6jlighet f\u00f6r mountainbikeentusiaster att utforska den natursk\u00f6na terr\u00e4ngen kring Bj\u00f6rn\u00f6 och V\u00e4ster\u00e5s. H\u00e4r kan du hyra mountainbikes av h\u00f6g kvalitet och testa dem p\u00e5 v\u00e4l underh\u00e5llna leder.<\/p>\r\n\r\n<\/details><details><summary>2. Hur kan jag testa en mountainbike innan jag k\u00f6per den?<\/summary>\r\n<p style=\"margin-top: 1rem;margin-bottom: 1rem\">Du kan hyra en mountainbike hos Aktivt Uteliv och testa den p\u00e5 deras leder. Om du sedan best\u00e4mmer dig f\u00f6r att k\u00f6pa en likadan cykel, kan hyran dras av fr\u00e5n priset p\u00e5 den nya cykeln.<\/p>\r\n\r\n<\/details><details><summary>3. Vilken typ av terr\u00e4ng kan jag f\u00f6rv\u00e4nta mig n\u00e4r jag cyklar mountainbike i V\u00e4ster\u00e5s?<\/summary>\r\n<p style=\"margin-top: 1rem;margin-bottom: 1rem\">Terr\u00e4ngen kring V\u00e4ster\u00e5s och Bj\u00f6rn\u00f6 erbjuder varierande stigar och vackra vyer, perfekt f\u00f6r b\u00e5de nyb\u00f6rjare och erfarna cyklister. Det finns n\u00e5got f\u00f6r alla, oavsett om du s\u00f6ker en lugn tur eller en mer utmanande stig.<\/p>\r\n\r\n<\/details><details><summary>4. Vilka andra aktiviteter kan jag delta i vid Aktivt Uteliv ut\u00f6ver mountainbikecykling?<\/summary>\r\n<p style=\"margin-top: 1rem;margin-bottom: 1rem\">F\u00f6rutom mountainbikecykling kan du njuta av l\u00e4ngdskid\u00e5kning och skridsko\u00e5kning under vintern. Efter en dag fylld med \u00e4ventyr kan du koppla av i deras vedeldade bastu med utsikt \u00f6ver isvaken.<\/p>\r\n\r\n<\/details><details><summary>5. Finns det guidade turer f\u00f6r mountainbike i V\u00e4ster\u00e5s?<\/summary>\r\n<p style=\"padding: 10px 0\">Ja, det finns m\u00f6jlighet att delta i guidade mountainbiketurer i V\u00e4ster\u00e5s. Erfarna instrukt\u00f6rer kan visa de b\u00e4sta stigarna och ge tips f\u00f6r b\u00e5de nyb\u00f6rjare och vana cyklister, vilket g\u00f6r upplevelsen tryggare och mer inspirerande.<\/p>\r\n\r\n<\/details><details><summary>6. Kan man kombinera mountainbike med andra aktiviteter i V\u00e4ster\u00e5s?<\/summary>\r\n<p style=\"padding: 10px 0\">I V\u00e4ster\u00e5s kan du enkelt kombinera mountainbikecykling med friluftsaktiviteter som paddling, vandring, l\u00e4ngdskid\u00e5kning och skridsko\u00e5kning. Det finns \u00e4ven m\u00f6jlighet till bastubad efter en aktiv dag, vilket ger en komplett naturupplevelse \u00e5ret runt.<\/p>\r\n\r\n<\/details><details><summary>7. Vad b\u00f6r jag t\u00e4nka p\u00e5 n\u00e4r jag v\u00e4ljer mountainbike i V\u00e4ster\u00e5s?<\/summary>\r\n<p style=\"padding: 10px 0\">N\u00e4r du v\u00e4ljer mountainbike i V\u00e4ster\u00e5s \u00e4r det viktigt att t\u00e4nka p\u00e5 vilken typ av terr\u00e4ng du f\u00f6redrar, r\u00e4tt storlek p\u00e5 cykeln och kvalitativa komponenter som passar stigcykling. Ett urval av testade och godk\u00e4nda modeller g\u00f6r det l\u00e4ttare att hitta r\u00e4tt cykel.<\/p>\r\n\r\n<\/details><details><summary>8. Vilka faciliteter finns tillg\u00e4ngliga vid mountainbikeleder i V\u00e4ster\u00e5s?<\/summary>\r\n<p style=\"padding: 10px 0\">Vid mountainbikelederna i V\u00e4ster\u00e5s erbjuds ofta service som cykeluthyrning, omkl\u00e4dningsrum och vedeldad bastu. Ledernas n\u00e4rhet till sj\u00f6 och natur g\u00f6r det l\u00e4tt att kombinera cykelturen med bad, picknick eller andra friluftsaktiviteter.<\/p>\r\n\r\n<\/details>\r\n<div class='subnavigation-wrapper' style='justify-content: space-evenly;flex-wrap: wrap;padding: 24px;gap: 24px'><a href='https:\/\/aktivtuteliv.se\/vasteras\/konferens\/'>Konferens i v\u00e4ster\u00e5s<\/a><a href='https:\/\/aktivtuteliv.se\/vasteras\/event_cat\/aktiviteter-sommar\/'>F\u00f6retagsaktivitet<\/a><a href='https:\/\/aktivtuteliv.se\/vasteras\/produkt-kategori\/forsaljning\/kajak\/'>Kajak<\/a><a href='https:\/\/aktivtuteliv.se\/vasteras\/hyra-stuga-i-vasteras\/'>Stuguthyrning<\/a><a href='https:\/\/aktivtuteliv.se\/vasteras\/produkt-kategori\/forsaljning-2\/langfardsskridskor\/'>L\u00e5ngf\u00e4rdsskridskor<\/a><a href='https:\/\/aktivtuteliv.se\/vasteras\/cafe\/'>Cafe v\u00e4ster\u00e5s<\/a><a href='https:\/\/aktivtuteliv.se\/vasteras\/event_cat\/klassresa\/'>Klassresor<\/a><a href='https:\/\/aktivtuteliv.se\/vasteras\/hyra-langdskidor\/'>L\u00e4ngdskidor<\/a><a href='https:\/\/aktivtuteliv.se\/vasteras\/event_cat\/aktivtiteter-all\/'>Att g\u00f6ra i v\u00e4ster\u00e5s<\/a><a href='https:\/\/aktivtuteliv.se\/vasteras\/hoghojdsbana\/'>Aktiviteter v\u00e4ster\u00e5s<\/a><a href='https:\/\/aktivtuteliv.se\/vasteras\/produkt-kategori\/forsaljning-2\/kajak\/kajaker\/'>K\u00f6pa kajak<\/a><a href='https:\/\/aktivtuteliv.se\/vasteras\/event\/klassresa\/'>Klassresa<\/a><a href='https:\/\/aktivtuteliv.se\/vasteras\/produkt-kategori\/forsaljning-2\/langfardsskridskor\/skenor-langfardsskridskor\/'>K\u00f6pa l\u00e5ngf\u00e4rdsskridskor<\/a><a href='https:\/\/aktivtuteliv.se\/vasteras\/traningslager-i-vasteras\/'>Tr\u00e4ningsl\u00e4ger<\/a><a href='https:\/\/aktivtuteliv.se\/vasteras\/event\/bjornogardens-mastare\/'>Teambuilding<\/a><a href='https:\/\/aktivtuteliv.se\/vasteras\/bjornogardens-cafe\/'>Fika v\u00e4ster\u00e5s<\/a><a href='https:\/\/aktivtuteliv.se\/vasteras\/produkt-kategori\/forsaljning-2\/langdskidor\/skidor-langdskidor\/'>K\u00f6pa l\u00e4ngdskidor<\/a><a href='https:\/\/aktivtuteliv.se\/vasteras\/mat-i-grillkatan\/'>Kick off<\/a><a href='https:\/\/aktivtuteliv.se\/vasteras\/produkt-kategori\/forsaljning\/'>Friluftsbutik<\/a><\/div>\r\n\r\n\r\n<\/details>","link":"https:\/\/aktivtuteliv.se\/vasteras\/produkt-kategori\/forsaljning\/cykel\/","name":"Cykel","slug":"cykel","taxonomy":"product_cat","parent":748,"meta":[],"acf":[],"yoast_head":"<!-- This site is optimized with the Yoast SEO plugin v23.0 - https:\/\/yoast.com\/wordpress\/plugins\/seo\/ -->\n<title>Mountainbike V\u00e4ster\u00e5s - testa och k\u00f6p hos Aktivt Uteliv<\/title>\n<meta name=\"description\" content=\"Mountainbike V\u00e4ster\u00e5s: Hyr och testa cyklar p\u00e5 Bj\u00f6rn\u00f6 innan k\u00f6p. Upplev stigcykling i natursk\u00f6n terr\u00e4ng med v\u00e5rt utvalda sortiment och erfarna instrukt\u00f6rer.\" \/>\n<meta name=\"robots\" content=\"index, follow, max-snippet:-1, max-image-preview:large, max-video-preview:-1\" \/>\n<link rel=\"canonical\" href=\"https:\/\/aktivtuteliv.se\/vasteras\/produkt-kategori\/forsaljning\/cykel\/\" \/>\n<meta property=\"og:locale\" content=\"sv_SE\" \/>\n<meta property=\"og:type\" content=\"article\" \/>\n<meta property=\"og:title\" content=\"Mountainbike V\u00e4ster\u00e5s - testa och k\u00f6p hos Aktivt Uteliv\" \/>\n<meta property=\"og:description\" content=\"Mountainbike V\u00e4ster\u00e5s: Hyr och testa cyklar p\u00e5 Bj\u00f6rn\u00f6 innan k\u00f6p. Upplev stigcykling i natursk\u00f6n terr\u00e4ng med v\u00e5rt utvalda sortiment och erfarna instrukt\u00f6rer.\" \/>\n<meta property=\"og:url\" content=\"https:\/\/aktivtuteliv.se\/vasteras\/produkt-kategori\/forsaljning\/cykel\/\" \/>\n<meta property=\"og:site_name\" content=\"V\u00e4ster\u00e5s\" \/>\n<meta property=\"og:image\" content=\"https:\/\/aktivtuteliv.se\/vasteras\/wp-content\/uploads\/sites\/4\/2025\/07\/pexels-asphotograpy-172510-scaled.jpg\" \/>\n<meta name=\"twitter:card\" content=\"summary_large_image\" \/>\n<meta name=\"twitter:site\" content=\"@aktivtuteliv\" \/>\n<script type=\"application\/ld+json\" class=\"yoast-schema-graph\">{\"@context\":\"https:\/\/schema.org\",\"@graph\":[{\"@type\":\"CollectionPage\",\"@id\":\"https:\/\/aktivtuteliv.se\/vasteras\/produkt-kategori\/forsaljning\/cykel\/\",\"url\":\"https:\/\/aktivtuteliv.se\/vasteras\/produkt-kategori\/forsaljning\/cykel\/\",\"name\":\"Mountainbike V\u00e4ster\u00e5s - testa och k\u00f6p hos Aktivt Uteliv\",\"isPartOf\":{\"@id\":\"https:\/\/aktivtuteliv.se\/vasteras\/#website\"},\"description\":\"Mountainbike V\u00e4ster\u00e5s: Hyr och testa cyklar p\u00e5 Bj\u00f6rn\u00f6 innan k\u00f6p. Upplev stigcykling i natursk\u00f6n terr\u00e4ng med v\u00e5rt utvalda sortiment och erfarna instrukt\u00f6rer.\",\"breadcrumb\":{\"@id\":\"https:\/\/aktivtuteliv.se\/vasteras\/produkt-kategori\/forsaljning\/cykel\/#breadcrumb\"},\"inLanguage\":\"sv-SE\"},{\"@type\":\"BreadcrumbList\",\"@id\":\"https:\/\/aktivtuteliv.se\/vasteras\/produkt-kategori\/forsaljning\/cykel\/#breadcrumb\",\"itemListElement\":[{\"@type\":\"ListItem\",\"position\":1,\"name\":\"Home\",\"item\":\"https:\/\/aktivtuteliv.se\/vasteras\/\"},{\"@type\":\"ListItem\",\"position\":2,\"name\":\"F\u00f6rs\u00e4ljning\",\"item\":\"https:\/\/aktivtuteliv.se\/vasteras\/produkt-kategori\/forsaljning\/\"},{\"@type\":\"ListItem\",\"position\":3,\"name\":\"Cykel\"}]},{\"@type\":\"WebSite\",\"@id\":\"https:\/\/aktivtuteliv.se\/vasteras\/#website\",\"url\":\"https:\/\/aktivtuteliv.se\/vasteras\/\",\"name\":\"Aktivt Uteliv Bj\u00f6rn\u00f6g\u00e5rden\",\"description\":\"Ett friluftscenter i V\u00e4ster\u00e5s\",\"publisher\":{\"@id\":\"https:\/\/aktivtuteliv.se\/vasteras\/#organization\"},\"potentialAction\":[{\"@type\":\"SearchAction\",\"target\":{\"@type\":\"EntryPoint\",\"urlTemplate\":\"https:\/\/aktivtuteliv.se\/vasteras\/?s={search_term_string}\"},\"query-input\":\"required name=search_term_string\"}],\"inLanguage\":\"sv-SE\"},{\"@type\":\"Organization\",\"@id\":\"https:\/\/aktivtuteliv.se\/vasteras\/#organization\",\"name\":\"Aktivt Uteliv Bj\u00f6rn\u00f6g\u00e5rden\",\"url\":\"https:\/\/aktivtuteliv.se\/vasteras\/\",\"logo\":{\"@type\":\"ImageObject\",\"inLanguage\":\"sv-SE\",\"@id\":\"https:\/\/aktivtuteliv.se\/vasteras\/#\/schema\/logo\/image\/\",\"url\":\"https:\/\/e5gp8rwuod7.exactdn.com\/vasteras\/wp-content\/uploads\/sites\/4\/2025\/01\/AUB-pms.png?strip=all&lossy=1&ssl=1\",\"contentUrl\":\"https:\/\/e5gp8rwuod7.exactdn.com\/vasteras\/wp-content\/uploads\/sites\/4\/2025\/01\/AUB-pms.png?strip=all&lossy=1&ssl=1\",\"width\":1894,\"height\":1165,\"caption\":\"Aktivt Uteliv Bj\u00f6rn\u00f6g\u00e5rden\"},\"image\":{\"@id\":\"https:\/\/aktivtuteliv.se\/vasteras\/#\/schema\/logo\/image\/\"},\"sameAs\":[\"https:\/\/www.facebook.com\/aktivtutelivbjornogarden\",\"https:\/\/x.com\/aktivtuteliv\",\"https:\/\/www.instagram.com\/aktivtuteliv_bjornogarden\"]}]}<\/script>\n<!-- \/ Yoast SEO plugin. -->","yoast_head_json":{"title":"Mountainbike V\u00e4ster\u00e5s - testa och k\u00f6p hos Aktivt Uteliv","description":"Mountainbike V\u00e4ster\u00e5s: Hyr och testa cyklar p\u00e5 Bj\u00f6rn\u00f6 innan k\u00f6p. Upplev stigcykling i natursk\u00f6n terr\u00e4ng med v\u00e5rt utvalda sortiment och erfarna instrukt\u00f6rer.","robots":{"index":"index","follow":"follow","max-snippet":"max-snippet:-1","max-image-preview":"max-image-preview:large","max-video-preview":"max-video-preview:-1"},"canonical":"https:\/\/aktivtuteliv.se\/vasteras\/produkt-kategori\/forsaljning\/cykel\/","og_locale":"sv_SE","og_type":"article","og_title":"Mountainbike V\u00e4ster\u00e5s - testa och k\u00f6p hos Aktivt Uteliv","og_description":"Mountainbike V\u00e4ster\u00e5s: Hyr och testa cyklar p\u00e5 Bj\u00f6rn\u00f6 innan k\u00f6p. Upplev stigcykling i natursk\u00f6n terr\u00e4ng med v\u00e5rt utvalda sortiment och erfarna instrukt\u00f6rer.","og_url":"https:\/\/aktivtuteliv.se\/vasteras\/produkt-kategori\/forsaljning\/cykel\/","og_site_name":"V\u00e4ster\u00e5s","og_image":[{"url":"https:\/\/aktivtuteliv.se\/vasteras\/wp-content\/uploads\/sites\/4\/2025\/07\/pexels-asphotograpy-172510-scaled.jpg"}],"twitter_card":"summary_large_image","twitter_site":"@aktivtuteliv","schema":{"@context":"https:\/\/schema.org","@graph":[{"@type":"CollectionPage","@id":"https:\/\/aktivtuteliv.se\/vasteras\/produkt-kategori\/forsaljning\/cykel\/","url":"https:\/\/aktivtuteliv.se\/vasteras\/produkt-kategori\/forsaljning\/cykel\/","name":"Mountainbike V\u00e4ster\u00e5s - testa och k\u00f6p hos Aktivt Uteliv","isPartOf":{"@id":"https:\/\/aktivtuteliv.se\/vasteras\/#website"},"description":"Mountainbike V\u00e4ster\u00e5s: Hyr och testa cyklar p\u00e5 Bj\u00f6rn\u00f6 innan k\u00f6p. Upplev stigcykling i natursk\u00f6n terr\u00e4ng med v\u00e5rt utvalda sortiment och erfarna instrukt\u00f6rer.","breadcrumb":{"@id":"https:\/\/aktivtuteliv.se\/vasteras\/produkt-kategori\/forsaljning\/cykel\/#breadcrumb"},"inLanguage":"sv-SE"},{"@type":"BreadcrumbList","@id":"https:\/\/aktivtuteliv.se\/vasteras\/produkt-kategori\/forsaljning\/cykel\/#breadcrumb","itemListElement":[{"@type":"ListItem","position":1,"name":"Home","item":"https:\/\/aktivtuteliv.se\/vasteras\/"},{"@type":"ListItem","position":2,"name":"F\u00f6rs\u00e4ljning","item":"https:\/\/aktivtuteliv.se\/vasteras\/produkt-kategori\/forsaljning\/"},{"@type":"ListItem","position":3,"name":"Cykel"}]},{"@type":"WebSite","@id":"https:\/\/aktivtuteliv.se\/vasteras\/#website","url":"https:\/\/aktivtuteliv.se\/vasteras\/","name":"Aktivt Uteliv Bj\u00f6rn\u00f6g\u00e5rden","description":"Ett friluftscenter i V\u00e4ster\u00e5s","publisher":{"@id":"https:\/\/aktivtuteliv.se\/vasteras\/#organization"},"potentialAction":[{"@type":"SearchAction","target":{"@type":"EntryPoint","urlTemplate":"https:\/\/aktivtuteliv.se\/vasteras\/?s={search_term_string}"},"query-input":"required name=search_term_string"}],"inLanguage":"sv-SE"},{"@type":"Organization","@id":"https:\/\/aktivtuteliv.se\/vasteras\/#organization","name":"Aktivt Uteliv Bj\u00f6rn\u00f6g\u00e5rden","url":"https:\/\/aktivtuteliv.se\/vasteras\/","logo":{"@type":"ImageObject","inLanguage":"sv-SE","@id":"https:\/\/aktivtuteliv.se\/vasteras\/#\/schema\/logo\/image\/","url":"https:\/\/e5gp8rwuod7.exactdn.com\/vasteras\/wp-content\/uploads\/sites\/4\/2025\/01\/AUB-pms.png?strip=all&lossy=1&ssl=1","contentUrl":"https:\/\/e5gp8rwuod7.exactdn.com\/vasteras\/wp-content\/uploads\/sites\/4\/2025\/01\/AUB-pms.png?strip=all&lossy=1&ssl=1","width":1894,"height":1165,"caption":"Aktivt Uteliv Bj\u00f6rn\u00f6g\u00e5rden"},"image":{"@id":"https:\/\/aktivtuteliv.se\/vasteras\/#\/schema\/logo\/image\/"},"sameAs":["https:\/\/www.facebook.com\/aktivtutelivbjornogarden","https:\/\/x.com\/aktivtuteliv","https:\/\/www.instagram.com\/aktivtuteliv_bjornogarden"]}]}},"_links":{"self":[{"href":"https:\/\/aktivtuteliv.se\/vasteras\/wp-json\/wp\/v2\/product_cat\/771","targetHints":{"allow":["GET"]}}],"collection":[{"href":"https:\/\/aktivtuteliv.se\/vasteras\/wp-json\/wp\/v2\/product_cat"}],"about":[{"href":"https:\/\/aktivtuteliv.se\/vasteras\/wp-json\/wp\/v2\/taxonomies\/product_cat"}],"up":[{"embeddable":true,"href":"https:\/\/aktivtuteliv.se\/vasteras\/wp-json\/wp\/v2\/product_cat\/748"}],"wp:post_type":[{"href":"https:\/\/aktivtuteliv.se\/vasteras\/wp-json\/wp\/v2\/product?product_cat=771"}],"curies":[{"name":"wp","href":"https:\/\/api.w.org\/{rel}","templated":true}]}}